{"id":49854,"date":"2025-09-30T19:34:09","date_gmt":"2025-09-30T19:34:09","guid":{"rendered":"https:\/\/www.europesays.com\/fi\/49854\/"},"modified":"2025-09-30T19:34:09","modified_gmt":"2025-09-30T19:34:09","slug":"onko-nunnakauhua-ikina-tarpeeksi-evil-nun-elokuvan-traileri-on-julkaistu-ja-meno-on-mahtavaa","status":"publish","type":"post","link":"https:\/\/www.europesays.com\/fi\/49854\/","title":{"rendered":"Onko nunnakauhua ikin\u00e4 tarpeeksi? \u2013 Evil Nun -elokuvan traileri on julkaistu ja meno on mahtavaa"},"content":{"rendered":"<p><strong>Jose Prendesin<\/strong> ohjaamasta Evil Nun -elokuvasta on julkaistu traileri.<\/p>\n<p>Predensin CV:st\u00e4 l\u00f6ytyy melkoinen kokoelma b-luokan elokuvia, eik\u00e4 Evil Nun ole poikkeus.<\/p>\n<p>Lue my\u00f6s: <a href=\"https:\/\/www.episodi.fi\/uutiset\/jumalaa-pilkkaava-satanistinen-feministinen-ja-aborttimyonteinen-elokuva-sydney-sweeneyn-nunnakauhuleffa-vihastutti-usan-kristilliskonservatiivit\/\" title=\"\u201dJumalaa pilkkaava, satanistinen, feministinen ja aborttimy\u00f6nteinen elokuva\u201d: Sydney Sweeneyn nunnakauhuleffa vihastutti USA:n kristilliskonservatiivit\" class=\"underline-custom !font-montserrat !font-bold !underline-offset-4 !decoration-4 !decoration-episodi-blue !text-md\" rel=\"nofollow noopener\" target=\"_blank\">\u201dJumalaa pilkkaava, satanistinen, feministinen ja aborttimy\u00f6nteinen elokuva\u201d: Sydney Sweeneyn nunnakauhuleffa vihastutti USA:n kristilliskonservatiivit<\/a><\/p>\n<p>Lue my\u00f6s: <a href=\"https:\/\/www.episodi.fi\/uutiset\/demoneita-tisseja-ja-nunnia-sydney-sweeneyn-nunnakauhuleffa-rikkoi-studioennatyksen\/\" title=\"Demoneita, tissej\u00e4 ja nunnia \u2013 Sydney Sweeneyn nunnakauhuleffa rikkoi studioenn\u00e4tyksen\" class=\"underline-custom !font-montserrat !font-bold !underline-offset-4 !decoration-4 !decoration-episodi-blue !text-md\" rel=\"nofollow noopener\" target=\"_blank\">Demoneita, tissej\u00e4 ja nunnia \u2013 Sydney Sweeneyn nunnakauhuleffa rikkoi studioenn\u00e4tyksen<\/a><\/p>\n<p>Elokuvassa katolilainen nuorisoporukka kutsutaan viett\u00e4m\u00e4\u00e4n y\u00f6t\u00e4 tyhjill\u00e4\u00e4n olevaan meksikolaiseen kirkkoon. He j\u00e4\u00e4v\u00e4t yll\u00e4tt\u00e4en vangiksi ja aavenunna ilmestyy paikalle s\u00e4ikyttelem\u00e4\u00e4n.<\/p>\n<p>Meno on juuri niin t\u00f6rker\u00f6\u00e4, verist\u00e4 ja mahtavaa kuin t\u00e4m\u00e4n generen elokuvalta sopiikin odottaa.<\/p>\n<p>Evil Nunin julkaisusta ei ole viel\u00e4 tietoa.<\/p>\n<p><img loading=\"lazy\" decoding=\"async\" alt=\"YouTube video\" width=\"480\" height=\"360\" data-pin-nopin=\"true\" nopin=\"nopin\" class=\"perfmatters-lazy\" src=\"https:\/\/www.europesays.com\/fi\/wp-content\/uploads\/2025\/09\/1759260849_267_hqdefault.jpg\"\/><\/p>\n<p>Lue my\u00f6s: <a href=\"https:\/\/www.episodi.fi\/uutiskirje\/?uutiskirjemainos=tekstilinkkimainos\" title=\"Tilaa Episodin uutiskirje ja voit voittaa leffalippuja! Nappaa tv-vinkit suoraan s\u00e4hk\u00f6postiin t\u00e4st\u00e4.\" class=\"underline-custom !font-montserrat !font-bold !underline-offset-4 !decoration-4 !decoration-episodi-blue !text-md\" rel=\"nofollow noopener\" target=\"_blank\">Tilaa Episodin uutiskirje ja voit voittaa leffalippuja! Nappaa katseluvinkit suoraan s\u00e4hk\u00f6postiin t\u00e4st\u00e4.<\/a><\/p>\n<p>\t\t\t<a href=\"https:\/\/www.facebook.com\/sharer\/sharer.php?u=https:\/\/www.episodi.fi\/uutiset\/onko-nunnakauhua-ikina-tarpeeksi-evil-nun-elokuvan-traileri-on-julkaistu-ja-meno-on-mahtavaa\/\" target=\"_blank\" class=\"block px-4 py-2 text-sm text-gray-800 border-b hover:bg-gray-200\" rel=\"nofollow noopener\"><\/p>\n<p>\t\t\t\tFacebook<br \/>\n\t\t\t<\/a><br \/>\n\t\t\t<a href=\"https:\/\/twitter.com\/intent\/tweet?text=https:\/\/www.episodi.fi\/uutiset\/onko-nunnakauhua-ikina-tarpeeksi-evil-nun-elokuvan-traileri-on-julkaistu-ja-meno-on-mahtavaa\/\" target=\"_blank\" class=\"block px-4 py-2 text-sm text-gray-800 border-b hover:bg-gray-200\" rel=\"nofollow noopener\"><\/p>\n<p>\t\t\t\tTwitter<br \/>\n\t\t\t<\/a><br \/>\n\t\t\t<a href=\"mailto:?subject=Onko nunnakauhua ikin\u00e4 tarpeeksi? \u2013 Evil Nun -elokuvan traileri on julkaistu ja meno on mahtavaa&amp;body=https:\/\/www.episodi.fi\/uutiset\/onko-nunnakauhua-ikina-tarpeeksi-evil-nun-elokuvan-traileri-on-julkaistu-ja-meno-on-mahtavaa\/\" target=\"_blank\" class=\"block px-4 py-2 text-sm text-gray-800 border-b hover:bg-gray-200\"><\/p>\n<p>\t\t\t\tS\u00e4hk\u00f6posti<\/a><\/p>\n<p>\t\t\t\t<script async src=\"https:\/\/platform.twitter.com\/widgets.js\" charset=\"utf-8\"><\/script><\/p>\n","protected":false},"excerpt":{"rendered":"Jose Prendesin ohjaamasta Evil Nun -elokuvasta on julkaistu traileri. Predensin CV:st\u00e4 l\u00f6ytyy melkoinen kokoelma b-luokan elokuvia, eik\u00e4 Evil&hellip;\n","protected":false},"author":2,"featured_media":49855,"comment_status":"","ping_status":"","sticky":false,"template":"","format":"standard","meta":{"footnotes":""},"categories":[131],"tags":[12402,155,137,12403,33,173,31,30,3057,172,32,109],"class_list":{"0":"post-49854","1":"post","2":"type-post","3":"status-publish","4":"format-standard","5":"has-post-thumbnail","7":"category-elokuvat","8":"tag-b-luokka","9":"tag-elokuvat","10":"tag-entertainment","11":"tag-evil-nun","12":"tag-fi","13":"tag-film","14":"tag-finland","15":"tag-finnish","16":"tag-kauhu","17":"tag-movies","18":"tag-suomi","19":"tag-viihde"},"share_on_mastodon":{"url":"","error":""},"_links":{"self":[{"href":"https:\/\/www.europesays.com\/fi\/wp-json\/wp\/v2\/posts\/49854","targetHints":{"allow":["GET"]}}],"collection":[{"href":"https:\/\/www.europesays.com\/fi\/wp-json\/wp\/v2\/posts"}],"about":[{"href":"https:\/\/www.europesays.com\/fi\/wp-json\/wp\/v2\/types\/post"}],"author":[{"embeddable":true,"href":"https:\/\/www.europesays.com\/fi\/wp-json\/wp\/v2\/users\/2"}],"replies":[{"embeddable":true,"href":"https:\/\/www.europesays.com\/fi\/wp-json\/wp\/v2\/comments?post=49854"}],"version-history":[{"count":0,"href":"https:\/\/www.europesays.com\/fi\/wp-json\/wp\/v2\/posts\/49854\/revisions"}],"wp:featuredmedia":[{"embeddable":true,"href":"https:\/\/www.europesays.com\/fi\/wp-json\/wp\/v2\/media\/49855"}],"wp:attachment":[{"href":"https:\/\/www.europesays.com\/fi\/wp-json\/wp\/v2\/media?parent=49854"}],"wp:term":[{"taxonomy":"category","embeddable":true,"href":"https:\/\/www.europesays.com\/fi\/wp-json\/wp\/v2\/categories?post=49854"},{"taxonomy":"post_tag","embeddable":true,"href":"https:\/\/www.europesays.com\/fi\/wp-json\/wp\/v2\/tags?post=49854"}],"curies":[{"name":"wp","href":"https:\/\/api.w.org\/{rel}","templated":true}]}}