{"id":49881,"date":"2025-09-30T20:21:10","date_gmt":"2025-09-30T20:21:10","guid":{"rendered":"https:\/\/www.europesays.com\/fi\/49881\/"},"modified":"2025-09-30T20:21:10","modified_gmt":"2025-09-30T20:21:10","slug":"lavalla-pyortynyt-lola-young-peruu-kaiken","status":"publish","type":"post","link":"https:\/\/www.europesays.com\/fi\/49881\/","title":{"rendered":"Lavalla py\u00f6rtynyt Lola Young peruu kaiken"},"content":{"rendered":"<p>Englantilainen muusikko Lola Young tekee ilmoituksen somessaan.<\/p>\n<p class=\"paragraph\">Englantilainen artisti <strong>Lola Young<\/strong>, 24, s\u00e4ik\u00e4ytti faninsa, kun h\u00e4n py\u00f6rtyi yll\u00e4tt\u00e4en kesken keikan lauantaina 27. syyskuuta All Things Go -festivaaleilla New Yorkissa.<\/p>\n<p class=\"paragraph\"><a href=\"https:\/\/www.eonline.com\/news\/1423109\/lola-young-speaks-out-after-fainting-onstage\" target=\"_blank\" rel=\"noopener nofollow\">E! News<\/a> -uutissivuston mukaan Young oli esitt\u00e4m\u00e4ss\u00e4 Conceited-kappalettaan, kun yht\u00e4kki\u00e4 h\u00e4n katsoi lavan laidalle ja sai sanottua py\u00f6rtyv\u00e4ns\u00e4. Sitten Young kaatui taaksep\u00e4in ja h\u00e4nen keikkaryhm\u00e4ns\u00e4 s\u00e4nt\u00e4\u00e4 h\u00e4nen luokseen.<\/p>\n<p class=\"paragraph\">Tilanne tapahtui hetki sen j\u00e4lkeen, kun Young kertoi h\u00e4nell\u00e4 olleen \u201dhankalat pari p\u00e4iv\u00e4\u00e4\u201d. My\u00f6hemmin h\u00e4n kertoi Instagram-tilill\u00e4\u00e4n olevansa kunnossa.<\/p>\n<p><img decoding=\"async\" class=\"image image-show image-preview\" src=\"https:\/\/www.europesays.com\/fi\/wp-content\/uploads\/2025\/09\/99f8ed2339c0ea1269a1cfb0938c7dec631be8d4e8dbf608a775a64f53b9ca4a.png\" alt=\"\"\/><img decoding=\"async\" class=\"image image-show\" src=\"https:\/\/www.europesays.com\/fi\/wp-content\/uploads\/2025\/09\/1759263670_267_99f8ed2339c0ea1269a1cfb0938c7dec631be8d4e8dbf608a775a64f53b9ca4a.png\" alt=\"\"\/><\/p>\n<p>Lola Young vakuutti faneilleen pian py\u00f6rtymisens\u00e4 j\u00e4lkeen olevansa kunnossa. AOP<\/p>\n<p class=\"paragraph\">Tiistai-iltana Young julkaisi Instagram-tilill\u00e4\u00e4n kirjoituksen, jossa kertoo joutuvansa perumaan keikkojaan.<\/p>\n<p class=\"paragraph\">\u2013 Menen pois joksikin aikaa. Minuun sattuu kertoa, ett\u00e4 minun t\u00e4ytyy perua kaikki l\u00e4hitulevaisuudessa, artisti kertoo.<\/p>\n<p class=\"paragraph\">Young kiitt\u00e4\u00e4 saamastaan tuesta ja pahoittelee, jos on tuottanut joillekin keikkalipun ostaneille pettymyksen. Artistin mukaan lipun ostaneet saavat t\u00e4yden hyvityksen.<\/p>\n<p class=\"paragraph\">\u2013 Toivon, ett\u00e4 voitte antaa minulle toisen mahdollisuuden, kun olen saanut jonkin aikaa ty\u00f6st\u00e4\u00e4 itse\u00e4ni ja tulla takaisin vahvempana. Rakastan teit\u00e4 kaikkia, h\u00e4n p\u00e4\u00e4tt\u00e4\u00e4 kirjoituksensa.<\/p>\n<p class=\"paragraph\">Mik\u00e4li linkki ei n\u00e4y, voit katsoa julkaisun <a href=\"https:\/\/www.instagram.com\/p\/DPO7v-iEWvi\/\" target=\"_blank\" rel=\"noopener nofollow\">t\u00e4\u00e4lt\u00e4<\/a>.<\/p>\n<p class=\"paragraph\">Kaksi p\u00e4iv\u00e4\u00e4 aiemmin Young ilmoitti <a href=\"https:\/\/www.instagram.com\/p\/DPJuT9AkZk9\/\" target=\"_blank\" rel=\"noopener nofollow\">Instagram<\/a>-julkaisussaan joutuvansa perua sunnuntain esiintymisens\u00e4 All Things Go -festivaaleilla Washington D.C.:ss\u00e4. Tuolloin h\u00e4n ei kertonut syyt\u00e4 keikan perumiselle.<\/p>\n<p class=\"paragraph\">Young on julkaissut urallaan jo kolme albumia. Palkintoehdokkuuksiakin saaneen artistin hitteihin lukeutuvat muun muassa Messy, Don\u2019t Hate Me ja Big Brown Eyes.<\/p>\n<p>Lola Youngin Messy-hitti nousi Ison-Britannian singlelistan k\u00e4rkeen vuonna 2024. AOP<\/p>\n<p><script async src=\"\/\/www.instagram.com\/embed.js\"><\/script><\/p>\n","protected":false},"excerpt":{"rendered":"Englantilainen muusikko Lola Young tekee ilmoituksen somessaan. Englantilainen artisti Lola Young, 24, s\u00e4ik\u00e4ytti faninsa, kun h\u00e4n py\u00f6rtyi yll\u00e4tt\u00e4en&hellip;\n","protected":false},"author":2,"featured_media":49882,"comment_status":"","ping_status":"","sticky":false,"template":"","format":"standard","meta":{"footnotes":""},"categories":[136],"tags":[35,138,407,137,33,31,30,408,525,47,141,32,484,109],"class_list":{"0":"post-49881","1":"post","2":"type-post","3":"status-publish","4":"format-standard","5":"has-post-thumbnail","7":"category-julkkikset","8":"tag-24h","9":"tag-audio","10":"tag-celebrities","11":"tag-entertainment","12":"tag-fi","13":"tag-finland","14":"tag-finnish","15":"tag-julkkikset","16":"tag-laulaminen-ja-laulajat","17":"tag-musiikki","18":"tag-muusikot-bandit","19":"tag-suomi","20":"tag-taiteellinen-ilmaisu-ja-mediat","21":"tag-viihde"},"share_on_mastodon":{"url":"","error":""},"_links":{"self":[{"href":"https:\/\/www.europesays.com\/fi\/wp-json\/wp\/v2\/posts\/49881","targetHints":{"allow":["GET"]}}],"collection":[{"href":"https:\/\/www.europesays.com\/fi\/wp-json\/wp\/v2\/posts"}],"about":[{"href":"https:\/\/www.europesays.com\/fi\/wp-json\/wp\/v2\/types\/post"}],"author":[{"embeddable":true,"href":"https:\/\/www.europesays.com\/fi\/wp-json\/wp\/v2\/users\/2"}],"replies":[{"embeddable":true,"href":"https:\/\/www.europesays.com\/fi\/wp-json\/wp\/v2\/comments?post=49881"}],"version-history":[{"count":0,"href":"https:\/\/www.europesays.com\/fi\/wp-json\/wp\/v2\/posts\/49881\/revisions"}],"wp:featuredmedia":[{"embeddable":true,"href":"https:\/\/www.europesays.com\/fi\/wp-json\/wp\/v2\/media\/49882"}],"wp:attachment":[{"href":"https:\/\/www.europesays.com\/fi\/wp-json\/wp\/v2\/media?parent=49881"}],"wp:term":[{"taxonomy":"category","embeddable":true,"href":"https:\/\/www.europesays.com\/fi\/wp-json\/wp\/v2\/categories?post=49881"},{"taxonomy":"post_tag","embeddable":true,"href":"https:\/\/www.europesays.com\/fi\/wp-json\/wp\/v2\/tags?post=49881"}],"curies":[{"name":"wp","href":"https:\/\/api.w.org\/{rel}","templated":true}]}}