{"id":49920,"date":"2025-09-30T21:18:09","date_gmt":"2025-09-30T21:18:09","guid":{"rendered":"https:\/\/www.europesays.com\/fi\/49920\/"},"modified":"2025-09-30T21:18:09","modified_gmt":"2025-09-30T21:18:09","slug":"kohta-saapuvat-anaconda-ja-jack-black-katso-uusi-video-kulissien-takaa","status":"publish","type":"post","link":"https:\/\/www.europesays.com\/fi\/49920\/","title":{"rendered":"Kohta saapuvat Anaconda ja Jack Black \u2013 Katso uusi video kulissien takaa"},"content":{"rendered":"<p>Tulevasta Anaconda-elokuvasta on julkaistu r\u00e4iskyv\u00e4, p\u00e4\u00e4lle minuutin pituinen video.<\/p>\n<p>Kyseess\u00e4 ei ole varsinaisesti traileri, vaan elokuvan p\u00e4\u00e4t\u00e4hdet <strong>Jack Black <\/strong>ja <strong>Paul Rudd<\/strong> avaavat tuoretta luomustaan humoristiseen tyyliin.<\/p>\n<p>Elokuvan inspiraationa toimii vuoden 1997 kulttiklassikko, jonka p\u00e4\u00e4osissa n\u00e4htiin<strong> Jon Voight<\/strong> ja <strong>Jennifer Lopez<\/strong>.<\/p>\n<p>Lue my\u00f6s: <a href=\"https:\/\/www.episodi.fi\/uutiset\/jack-black-ja-paul-rudd-joutuvat-jattikaarmeen-armoille-katso-uuden-anacondan-traileri\/\" title=\"Jack Black ja Paul Rudd joutuvat j\u00e4ttik\u00e4\u00e4rmeen armoille \u2013 katso uuden Anacondan traileri\" class=\"underline-custom !font-montserrat !font-bold !underline-offset-4 !decoration-4 !decoration-episodi-blue !text-md\" rel=\"nofollow noopener\" target=\"_blank\">Jack Black ja Paul Rudd joutuvat j\u00e4ttik\u00e4\u00e4rmeen armoille \u2013 katso uuden Anacondan traileri<\/a><\/p>\n<p>\u201dSe on er\u00e4\u00e4nlainen metakomedia. Leffan p\u00e4\u00e4henkil\u00f6t ovat saaneet inspiraationsa 1990-luvun Anakonda-elokuvasta. Kyseess\u00e4 ei kuitenkaan ole uudelleenfilmatisointi. T\u00e4m\u00e4 on t\u00e4ysin ainutlaatuinen ja hauska juttu\u201d, Rudd kertoi maaliskuussa.<\/p>\n<p>Uuden Anacondan ohjaajana toimii <strong>Tom Gormican<\/strong> ja Yhdysvaltojen ensi-ilta on joulup\u00e4iv\u00e4n\u00e4.<\/p>\n<p><img loading=\"lazy\" decoding=\"async\" alt=\"YouTube video\" width=\"480\" height=\"360\" data-pin-nopin=\"true\" nopin=\"nopin\" class=\"perfmatters-lazy\" src=\"https:\/\/www.europesays.com\/fi\/wp-content\/uploads\/2025\/09\/1759267089_829_hqdefault.jpg\"\/><\/p>\n","protected":false},"excerpt":{"rendered":"Tulevasta Anaconda-elokuvasta on julkaistu r\u00e4iskyv\u00e4, p\u00e4\u00e4lle minuutin pituinen video. Kyseess\u00e4 ei ole varsinaisesti traileri, vaan elokuvan p\u00e4\u00e4t\u00e4hdet Jack&hellip;\n","protected":false},"author":2,"featured_media":49921,"comment_status":"","ping_status":"","sticky":false,"template":"","format":"standard","meta":{"footnotes":""},"categories":[131],"tags":[12413,155,137,33,173,31,30,12414,172,32,109],"class_list":{"0":"post-49920","1":"post","2":"type-post","3":"status-publish","4":"format-standard","5":"has-post-thumbnail","7":"category-elokuvat","8":"tag-anaconda","9":"tag-elokuvat","10":"tag-entertainment","11":"tag-fi","12":"tag-film","13":"tag-finland","14":"tag-finnish","15":"tag-jack-black","16":"tag-movies","17":"tag-suomi","18":"tag-viihde"},"share_on_mastodon":{"url":"","error":""},"_links":{"self":[{"href":"https:\/\/www.europesays.com\/fi\/wp-json\/wp\/v2\/posts\/49920","targetHints":{"allow":["GET"]}}],"collection":[{"href":"https:\/\/www.europesays.com\/fi\/wp-json\/wp\/v2\/posts"}],"about":[{"href":"https:\/\/www.europesays.com\/fi\/wp-json\/wp\/v2\/types\/post"}],"author":[{"embeddable":true,"href":"https:\/\/www.europesays.com\/fi\/wp-json\/wp\/v2\/users\/2"}],"replies":[{"embeddable":true,"href":"https:\/\/www.europesays.com\/fi\/wp-json\/wp\/v2\/comments?post=49920"}],"version-history":[{"count":0,"href":"https:\/\/www.europesays.com\/fi\/wp-json\/wp\/v2\/posts\/49920\/revisions"}],"wp:featuredmedia":[{"embeddable":true,"href":"https:\/\/www.europesays.com\/fi\/wp-json\/wp\/v2\/media\/49921"}],"wp:attachment":[{"href":"https:\/\/www.europesays.com\/fi\/wp-json\/wp\/v2\/media?parent=49920"}],"wp:term":[{"taxonomy":"category","embeddable":true,"href":"https:\/\/www.europesays.com\/fi\/wp-json\/wp\/v2\/categories?post=49920"},{"taxonomy":"post_tag","embeddable":true,"href":"https:\/\/www.europesays.com\/fi\/wp-json\/wp\/v2\/tags?post=49920"}],"curies":[{"name":"wp","href":"https:\/\/api.w.org\/{rel}","templated":true}]}}