{"id":49924,"date":"2025-09-30T21:21:08","date_gmt":"2025-09-30T21:21:08","guid":{"rendered":"https:\/\/www.europesays.com\/fi\/49924\/"},"modified":"2025-09-30T21:21:08","modified_gmt":"2025-09-30T21:21:08","slug":"scifijannari-onnistuu-luomaan-vakuuttavan-maailman","status":"publish","type":"post","link":"https:\/\/www.europesays.com\/fi\/49924\/","title":{"rendered":"Scifij\u00e4nn\u00e4ri onnistuu luomaan vakuuttavan maailman"},"content":{"rendered":"<p>Mies her\u00e4\u00e4 huoneessa, jota hallitsee n\u00e4ytt\u00f6ruutu. Kun h\u00e4n alkaa hamuta yhteytt\u00e4 ymp\u00e4r\u00f6iv\u00e4\u00e4n maailmaan n\u00e4yt\u00f6n k\u00e4ytt\u00f6liittym\u00e4n kautta, paljastuu ett\u00e4 saman jaman jakaa iso joukko muita ihmisi\u00e4, kukin omassa lokerossaan.<\/p>\n<p>Share? on kuva-arvoitus ja samalla jonkinlainen esteettinen aivop\u00e4hkin\u00e4 meist\u00e4, ajastamme ja tulevaisuudesta. Suljetun tilan dystopiateokset Kuutiosta Tasoon ovat perustuneet samantapaiseen asetelmaan. L\u00e4ht\u00f6kohta on painajaismainen eik\u00e4 tapahtumia muutenkaan selitet\u00e4 vaan katsoja saa tehd\u00e4 omat johtop\u00e4\u00e4t\u00f6ksens\u00e4.<\/p>\n<p>Lue my\u00f6s: <a href=\"https:\/\/www.episodi.fi\/uutiset\/happy-death-day-tahti-scifi-elokuvan-paaosaan-kertoo-paan-tyhjentavasta-painajaisesta\/\" title=\"Happy Death Day -t\u00e4hti scifi-elokuvan p\u00e4\u00e4osaan \u2013 Kertoo p\u00e4\u00e4n tyhjent\u00e4v\u00e4st\u00e4 painajaisesta\" class=\"underline-custom !font-montserrat !font-bold !underline-offset-4 !decoration-4 !decoration-episodi-blue !text-md\" rel=\"nofollow noopener\" target=\"_blank\">Happy Death Day -t\u00e4hti scifi-elokuvan p\u00e4\u00e4osaan \u2013 Kertoo p\u00e4\u00e4n tyhjent\u00e4v\u00e4st\u00e4 painajaisesta<\/a><\/p>\n<p>Share? onnistuu luomaan vakuuttavan maailman, jossa omien kokemusten jakamisen her\u00e4tt\u00e4m\u00e4t tykk\u00e4ykset tuovat pisteit\u00e4. Niill\u00e4 taas voi hankkia itselle ruokaa, vaatteita ja mukavuuksia, tai vaikka auttaa toista, omissa oloissaan riutuvaa kohtalontoveria.<\/p>\n<p>Kritiikki kohdistuu aikamme yksil\u00f6keskeisyyteen ja sosiaalisen median orjuuttavaan vaikutukseen, samoin kuin erist\u00e4ytymiseen omaan kuplaan. Sit\u00e4 ulottuvuutta ei voisi alleviivata juurikaan enemp\u00e4\u00e4.<\/p>\n<p>Matti Komulainen<\/p>\n<p>T\u00e4hdet \u2605\u2605\u2605<\/p>\n<p><img loading=\"lazy\" decoding=\"async\" alt=\"YouTube video\" width=\"480\" height=\"360\" data-pin-nopin=\"true\" nopin=\"nopin\" class=\"perfmatters-lazy\" src=\"https:\/\/www.europesays.com\/fi\/wp-content\/uploads\/2025\/09\/1759267268_769_hqdefault.jpg\"\/><\/p>\n<p>Lue my\u00f6s: <a href=\"https:\/\/www.episodi.fi\/uutiskirje\/?uutiskirjemainos=tekstilinkkimainos\" title=\"Tilaa Episodin uutiskirje ja voit voittaa leffalippuja! Nappaa tv-vinkit suoraan s\u00e4hk\u00f6postiin t\u00e4st\u00e4.\" class=\"underline-custom !font-montserrat !font-bold !underline-offset-4 !decoration-4 !decoration-episodi-blue !text-md\" rel=\"nofollow noopener\" target=\"_blank\">Tilaa Episodin uutiskirje ja voit voittaa leffalippuja! Nappaa katseluvinkit suoraan s\u00e4hk\u00f6postiin t\u00e4st\u00e4.<\/a><\/p>\n","protected":false},"excerpt":{"rendered":"Mies her\u00e4\u00e4 huoneessa, jota hallitsee n\u00e4ytt\u00f6ruutu. Kun h\u00e4n alkaa hamuta yhteytt\u00e4 ymp\u00e4r\u00f6iv\u00e4\u00e4n maailmaan n\u00e4yt\u00f6n k\u00e4ytt\u00f6liittym\u00e4n kautta, paljastuu ett\u00e4&hellip;\n","protected":false},"author":2,"featured_media":49925,"comment_status":"","ping_status":"","sticky":false,"template":"","format":"standard","meta":{"footnotes":""},"categories":[130],"tags":[12415,137,33,31,30,32,109],"class_list":{"0":"post-49924","1":"post","2":"type-post","3":"status-publish","4":"format-standard","5":"has-post-thumbnail","7":"category-viihde","8":"tag-dvd-blu-ray","9":"tag-entertainment","10":"tag-fi","11":"tag-finland","12":"tag-finnish","13":"tag-suomi","14":"tag-viihde"},"share_on_mastodon":{"url":"","error":""},"_links":{"self":[{"href":"https:\/\/www.europesays.com\/fi\/wp-json\/wp\/v2\/posts\/49924","targetHints":{"allow":["GET"]}}],"collection":[{"href":"https:\/\/www.europesays.com\/fi\/wp-json\/wp\/v2\/posts"}],"about":[{"href":"https:\/\/www.europesays.com\/fi\/wp-json\/wp\/v2\/types\/post"}],"author":[{"embeddable":true,"href":"https:\/\/www.europesays.com\/fi\/wp-json\/wp\/v2\/users\/2"}],"replies":[{"embeddable":true,"href":"https:\/\/www.europesays.com\/fi\/wp-json\/wp\/v2\/comments?post=49924"}],"version-history":[{"count":0,"href":"https:\/\/www.europesays.com\/fi\/wp-json\/wp\/v2\/posts\/49924\/revisions"}],"wp:featuredmedia":[{"embeddable":true,"href":"https:\/\/www.europesays.com\/fi\/wp-json\/wp\/v2\/media\/49925"}],"wp:attachment":[{"href":"https:\/\/www.europesays.com\/fi\/wp-json\/wp\/v2\/media?parent=49924"}],"wp:term":[{"taxonomy":"category","embeddable":true,"href":"https:\/\/www.europesays.com\/fi\/wp-json\/wp\/v2\/categories?post=49924"},{"taxonomy":"post_tag","embeddable":true,"href":"https:\/\/www.europesays.com\/fi\/wp-json\/wp\/v2\/tags?post=49924"}],"curies":[{"name":"wp","href":"https:\/\/api.w.org\/{rel}","templated":true}]}}