{"id":49926,"date":"2025-09-30T21:24:11","date_gmt":"2025-09-30T21:24:11","guid":{"rendered":"https:\/\/www.europesays.com\/fi\/49926\/"},"modified":"2025-09-30T21:24:11","modified_gmt":"2025-09-30T21:24:11","slug":"ruotsalainen-lentoyhtio-braathens-hakee-konkurssia-uutissuomalainen","status":"publish","type":"post","link":"https:\/\/www.europesays.com\/fi\/49926\/","title":{"rendered":"Ruotsalainen lentoyhti\u00f6 Braathens hakee konkurssia | Uutissuomalainen"},"content":{"rendered":"<p>Ruotsalainen lentoyhti\u00f6 Braathens on j\u00e4tt\u00e4nyt konkurssihakemuksen toiminnastaan, jolla se on tehnyt charter- eli tilauslentoja matkatoimistoille. Konkurssi vaikuttaa noin 200 ty\u00f6ntekij\u00e4\u00e4n, jotka ovat p\u00e4\u00e4asiassa lent\u00e4ji\u00e4 ja matkustamohenkil\u00f6kuntaa.<\/p>\n<p>Suomessa asiasta kertoi aiemmin <a href=\"https:\/\/www.is.fi\/taloussanomat\/art-2000011527810.html\" rel=\"nofollow noopener\" target=\"_blank\">Taloussanomat<\/a>.<\/p>\n<p>Matkatoimisto Apollomatkojen pr-vastaava Satu Kontulainen kertoo Taloussanomille, ett\u00e4 konkurssi vaikuttaa my\u00f6s suomalaisiin matkustajiin. Braathens lent\u00e4\u00e4 osan Apollomatkojen lennoista.<\/p>\n<p>Apollomatkojen seuraavat lennot Braathensilla oli m\u00e4\u00e4r\u00e4 olla t\u00e4n\u00e4 viikonloppuna Kyprokselta ja Kreikan Limnokselta Suomeen. Apollomatkat etsii n\u00e4ille noin 200 matkustajalle korvaavia lentoja.<\/p>\n<p>Konkurssi vaikuttaa lokakuussa viel\u00e4 kuuteen muuhun Apollomatkojen matkaan, jotka Braathensin oli tarkoitus lent\u00e4\u00e4 molempiin suuntiin. <a href=\"https:\/\/yle.fi\/a\/74-20185796\" rel=\"nofollow noopener\" target=\"_blank\">Ylen<\/a> mukaan matkustajia n\u00e4ill\u00e4 lennoilla on kaikkiaan noin tuhat.<\/p>\n","protected":false},"excerpt":{"rendered":"Ruotsalainen lentoyhti\u00f6 Braathens on j\u00e4tt\u00e4nyt konkurssihakemuksen toiminnastaan, jolla se on tehnyt charter- eli tilauslentoja matkatoimistoille. Konkurssi vaikuttaa noin&hellip;\n","protected":false},"author":2,"featured_media":49927,"comment_status":"","ping_status":"","sticky":false,"template":"","format":"standard","meta":{"footnotes":""},"categories":[76],"tags":[79,77,2110,33,31,30,2910,121,12416,10795,923,32,78],"class_list":{"0":"post-49926","1":"post","2":"type-post","3":"status-publish","4":"format-standard","5":"has-post-thumbnail","7":"category-talous","8":"tag-business","9":"tag-economy","10":"tag-elamantapa-ja-vapaa-aika","11":"tag-fi","12":"tag-finland","13":"tag-finnish","14":"tag-lentoliikenne-ilmaliikenne","15":"tag-liikenne-ja-kuljetus","16":"tag-matkatoimistot-ja-muu-matkailua-palveleva-toiminta","17":"tag-matkatyyppi","18":"tag-matkustaminen","19":"tag-suomi","20":"tag-talous"},"share_on_mastodon":{"url":"","error":""},"_links":{"self":[{"href":"https:\/\/www.europesays.com\/fi\/wp-json\/wp\/v2\/posts\/49926","targetHints":{"allow":["GET"]}}],"collection":[{"href":"https:\/\/www.europesays.com\/fi\/wp-json\/wp\/v2\/posts"}],"about":[{"href":"https:\/\/www.europesays.com\/fi\/wp-json\/wp\/v2\/types\/post"}],"author":[{"embeddable":true,"href":"https:\/\/www.europesays.com\/fi\/wp-json\/wp\/v2\/users\/2"}],"replies":[{"embeddable":true,"href":"https:\/\/www.europesays.com\/fi\/wp-json\/wp\/v2\/comments?post=49926"}],"version-history":[{"count":0,"href":"https:\/\/www.europesays.com\/fi\/wp-json\/wp\/v2\/posts\/49926\/revisions"}],"wp:featuredmedia":[{"embeddable":true,"href":"https:\/\/www.europesays.com\/fi\/wp-json\/wp\/v2\/media\/49927"}],"wp:attachment":[{"href":"https:\/\/www.europesays.com\/fi\/wp-json\/wp\/v2\/media?parent=49926"}],"wp:term":[{"taxonomy":"category","embeddable":true,"href":"https:\/\/www.europesays.com\/fi\/wp-json\/wp\/v2\/categories?post=49926"},{"taxonomy":"post_tag","embeddable":true,"href":"https:\/\/www.europesays.com\/fi\/wp-json\/wp\/v2\/tags?post=49926"}],"curies":[{"name":"wp","href":"https:\/\/api.w.org\/{rel}","templated":true}]}}