{"id":49951,"date":"2025-09-30T22:01:20","date_gmt":"2025-09-30T22:01:20","guid":{"rendered":"https:\/\/www.europesays.com\/fi\/49951\/"},"modified":"2025-09-30T22:01:20","modified_gmt":"2025-09-30T22:01:20","slug":"sonyn-kerrotaan-jaadyttaneen-playstation-vr2-tuotannon-myymattomien-varastojen-vuoksi","status":"publish","type":"post","link":"https:\/\/www.europesays.com\/fi\/49951\/","title":{"rendered":"Sonyn kerrotaan j\u00e4\u00e4dytt\u00e4neen PlayStation VR2 -tuotannon myym\u00e4tt\u00f6mien varastojen vuoksi"},"content":{"rendered":"<p>PlayStation VR2:n tuotanto on laitettu j\u00e4ihin heikon kysynn\u00e4n vuoksi, l\u00e4hteet kertovat.<\/p>\n<p>Bloomberg-julkaisu kertoo asiasta perill\u00e4 oleviin l\u00e4hteisiin viitaten Sonyn keskeytt\u00e4neen PS5:n virtuaalitodellisuuslaitteiston tuotannon toistaiseksi. Nimett\u00f6mien l\u00e4hteiden mukaan yhti\u00f6ll\u00e4 on varastoissaan reilusti myym\u00e4tt\u00f6mi\u00e4 laitteita, joiden myynti on hiipunut julkaisun j\u00e4lkeen.<\/p>\n<p>Virtuaalitodellisuuslaitteisto julkaistiin viime helmikuussa ja l\u00e4hteet kertovat Sonyn valmistaneen yhteens\u00e4 reilusti yli 2 miljoonaa PS VR2 -yksikk\u00f6\u00e4. Laitteen menekist\u00e4 saatiin vihi\u00e4 jo ennen varsinaista julkaisua, sill\u00e4 Sonyn <strong><a href=\"https:\/\/www.pelaaja.fi\/uutiset\/playstation-vr2n-ennakkotilaukset-floppasivat-sony-puolitti-myyntiennusteensa-ps5\/\" rel=\"nofollow noopener\" target=\"_blank\">kerrottiin leikanneen<\/a><\/strong> myyntiennusteitaan PS VR2:n ennakkotilausten perusteella. Yhti\u00f6 tyrm\u00e4si osin julkisuudessa esitetyt v\u00e4itteet, mutta n\u00e4ht\u00e4v\u00e4sti myynnit ovat todella j\u00e4\u00e4neet j\u00e4lkeen Sonyn odotuksista. Bloombergin mukaan kauppoihin toimitettujen laitteiden m\u00e4\u00e4rien perusteella PS VR2:n myynnit ovat olleet laskussa jokaisella vuosinelj\u00e4nneksell\u00e4 sen julkaisun j\u00e4lkeen.<\/p>\n<p>Yli 600 euroa maksavan PlayStation VR2:n heikon menekin syyksi kerrotaan korkean hinnan lis\u00e4ksi sis\u00e4ll\u00f6n heikko saatavuus. PS VR2 ei ole yhteensopiva alkuper\u00e4isen PS VR -sis\u00e4ll\u00f6n kanssa, mink\u00e4 vuoksi kehitt\u00e4j\u00e4t ovat joutuneet tuomaan peleist\u00e4\u00e4n p\u00e4ivitetyt versiot uutta laitetta silm\u00e4ll\u00e4 pit\u00e4en. Heikko menekki ei kuitenkaan ole kannustanut kehitt\u00e4ji\u00e4 tuomaan pelej\u00e4\u00e4n PS VR2:lle. Esimerkiksi Rec Room -pelin kehitt\u00e4j\u00e4 <strong><a href=\"https:\/\/www.pelaaja.fi\/uutiset\/suosittu-virtuaalitodellisuuspeli-rec-roomin-kehittaja-ps-vr2-kaannos-ei-ole-taloudellisesti-kannattava\/\" rel=\"nofollow noopener\" target=\"_blank\">kertoi tammikuussa<\/a><\/strong>, ettei k\u00e4\u00e4nn\u00f6sty\u00f6 olisi taloudellisesti kannattavaa.<\/p>\n<p>PS VR2:lle saattaa kuitenkin l\u00f6yty\u00e4 viel\u00e4 t\u00e4n\u00e4 vuonna uusia k\u00e4ytt\u00f6kohteita. Sony paljasti nimitt\u00e4in <strong><a href=\"https:\/\/www.pelaaja.fi\/uutiset\/sonylta-yllatyspaljastus-aikoo-tuoda-playstation-vr2-tuen-pclle\/\" rel=\"nofollow noopener\" target=\"_blank\">viime kuussa<\/a><\/strong> testaavansa paraikaa pc-yhteensopivuutta, mik\u00e4 mahdollistaisi PS VR2:n k\u00e4ytt\u00e4misen pc-virtuaalitodellisuuspelien pelaamiseen.<\/p>\n<p>L\u00e4hde: <strong><a href=\"https:\/\/www.bloomberg.com\/news\/articles\/2024-03-18\/sony-hits-pause-on-psvr2-production-as-unsold-inventory-piles-up\" rel=\"nofollow noopener\" target=\"_blank\">Bloomberg<\/a><\/strong><\/p>\n","protected":false},"excerpt":{"rendered":"PlayStation VR2:n tuotanto on laitettu j\u00e4ihin heikon kysynn\u00e4n vuoksi, l\u00e4hteet kertovat. Bloomberg-julkaisu kertoo asiasta perill\u00e4 oleviin l\u00e4hteisiin viitaten&hellip;\n","protected":false},"author":2,"featured_media":26410,"comment_status":"","ping_status":"","sticky":false,"template":"","format":"standard","meta":{"footnotes":""},"categories":[88],"tags":[33,31,30,12424,189,490,491,32,91,92,424,422,423],"class_list":{"0":"post-49951","1":"post","2":"type-post","3":"status-publish","4":"format-standard","5":"has-post-thumbnail","7":"category-virtuaalitodellisuus","8":"tag-fi","9":"tag-finland","10":"tag-finnish","11":"tag-myyntiluvut","12":"tag-playstation","13":"tag-playstation-vr2","14":"tag-ps-vr2","15":"tag-suomi","16":"tag-technology","17":"tag-teknologia","18":"tag-virtuaalitodellisuus","19":"tag-virtual-reality","20":"tag-vr"},"share_on_mastodon":{"url":"","error":""},"_links":{"self":[{"href":"https:\/\/www.europesays.com\/fi\/wp-json\/wp\/v2\/posts\/49951","targetHints":{"allow":["GET"]}}],"collection":[{"href":"https:\/\/www.europesays.com\/fi\/wp-json\/wp\/v2\/posts"}],"about":[{"href":"https:\/\/www.europesays.com\/fi\/wp-json\/wp\/v2\/types\/post"}],"author":[{"embeddable":true,"href":"https:\/\/www.europesays.com\/fi\/wp-json\/wp\/v2\/users\/2"}],"replies":[{"embeddable":true,"href":"https:\/\/www.europesays.com\/fi\/wp-json\/wp\/v2\/comments?post=49951"}],"version-history":[{"count":0,"href":"https:\/\/www.europesays.com\/fi\/wp-json\/wp\/v2\/posts\/49951\/revisions"}],"wp:featuredmedia":[{"embeddable":true,"href":"https:\/\/www.europesays.com\/fi\/wp-json\/wp\/v2\/media\/26410"}],"wp:attachment":[{"href":"https:\/\/www.europesays.com\/fi\/wp-json\/wp\/v2\/media?parent=49951"}],"wp:term":[{"taxonomy":"category","embeddable":true,"href":"https:\/\/www.europesays.com\/fi\/wp-json\/wp\/v2\/categories?post=49951"},{"taxonomy":"post_tag","embeddable":true,"href":"https:\/\/www.europesays.com\/fi\/wp-json\/wp\/v2\/tags?post=49951"}],"curies":[{"name":"wp","href":"https:\/\/api.w.org\/{rel}","templated":true}]}}