{"id":49966,"date":"2025-09-30T22:18:08","date_gmt":"2025-09-30T22:18:08","guid":{"rendered":"https:\/\/www.europesays.com\/fi\/49966\/"},"modified":"2025-09-30T22:18:08","modified_gmt":"2025-09-30T22:18:08","slug":"lastenkoti-haki-ohjaajaa-jonka-toivottiin-olevan-oletettu-mies","status":"publish","type":"post","link":"https:\/\/www.europesays.com\/fi\/49966\/","title":{"rendered":"Lastenkoti haki ohjaajaa, jonka toivottiin olevan \u201doletettu mies\u201d"},"content":{"rendered":"<p>Ty\u00f6el\u00e4m\u00e4|Turun ja seutukuntien kilpailutuksessa on aikanaan vaadittu, ett\u00e4 hoito- ja kasvatusteht\u00e4viss\u00e4 on oltava sek\u00e4 miehi\u00e4 ett\u00e4 naisia.<\/p>\n<p>30.9. 20:45<\/p>\n<p>Lue tiivistelm\u00e4<\/p>\n<p>Tiivistelm\u00e4 on teko\u00e4lyn tekem\u00e4 ja ihmisen tarkistama.<\/p>\n<p class=\"article-body mb-nof-24 px-nof-16 sndp-summary-bullet-point-font\">Lastenkoti Apila Paimiossa haki ty\u00f6paikkailmoituksella miesohjaajaa.<\/p>\n<p class=\"article-body mb-nof-24 px-nof-16 sndp-summary-bullet-point-font\">Toiminnanjohtaja Hanna-Kaisa Heino poisti ilmoituksen ja vetosi Turun kaupungin kilpailutusohjeisiin, jotka edellytt\u00e4v\u00e4t, ett\u00e4 hoito- ja kasvatusteht\u00e4viss\u00e4 on sek\u00e4 miehi\u00e4 ett\u00e4 naisia.<\/p>\n<p class=\"article-body mb-nof-24 px-nof-16 sndp-summary-bullet-point-font\">Varsinais-Suomen hyvinvointialue Varha kertoo kiinnitt\u00e4v\u00e4ns\u00e4 jatkossa huomiota henkil\u00f6st\u00f6vaatimusten muotoiluun.<\/p>\n<p class=\"article-body mb-nof-24 px-nof-16\">Paimiossa toimivaan lastenkoti Apilaan haettiin ty\u00f6paikkailmoituksella ohjaajaa, jonka toivottiin olevan \u201doletettu mies\u201d.<\/p>\n<p class=\"article-body mb-nof-24 px-nof-16\">Sukupuolen merkityst\u00e4 perusteltiin sill\u00e4, ett\u00e4 Avopalvelut Apilassa ty\u00f6skentelee p\u00e4\u00e4asiassa naispuolisia ohjaajia. Hakemuksia toivottiin miehilt\u00e4 \u201dsukupuolten v\u00e4lisen tasapainon ja monipuolisten roolimallien varmistamiseksi lasten arjessa\u201d.<\/p>\n<p class=\"article-body mb-nof-24 px-nof-16\">Ilmoitus julkaistiin sunnuntaina 28. syyskuuta muun muassa Ty\u00f6markkinatorilla.<\/p>\n<p class=\"article-body mb-nof-24 px-nof-16\">Tasa-arvolaki kielt\u00e4\u00e4 ty\u00f6ntekij\u00e4n palkkaamisen sukupuolen perusteella. Lis\u00e4ksi sosiaali- ja terveysala on naisvaltainen ala, jossa on t\u00e4ll\u00e4 hetkell\u00e4 paljon ty\u00f6tt\u00f6mi\u00e4 ty\u00f6nhakijoita.<\/p>\n<p class=\"article-body mb-nof-24 px-nof-16\">Avopalvelut Apilan toiminnanjohtaja <a class=\"article-personlink\" href=\"https:\/\/www.hs.fi\/haku\/?query=Hanna-Kaisa%20Heino\" rel=\"nofollow noopener\" target=\"_blank\">Hanna-Kaisa Heino<\/a> pahoittelee ty\u00f6paikkailmoitusta. Avopalvelut Apila on yksityinen sosiaalialan palveluja tarjoava yritys.<\/p>\n<p class=\"article-body mb-nof-24 px-nof-16\">Heino kertoo poistaneensa ilmoituksen heti maanantaina saman tien, kun ymm\u00e4rsi, ett\u00e4 se on syrjiv\u00e4. Heinon mukaan h\u00e4n laati ilmoituksen ajattelemattomasti.<\/p>\n<p class=\"article-body mb-nof-24 px-nof-16\">H\u00e4n kuitenkin vetoaa siihen, Turun kaupunki on kilpailutuksessaan edellytt\u00e4nyt, ett\u00e4 lastensuojelun \u201dhoito- ja kasvatusteht\u00e4viss\u00e4\u201d on t\u00f6iss\u00e4 sek\u00e4 naisia ett\u00e4 miehi\u00e4.<\/p>\n<p class=\"article-body mb-nof-24 px-nof-16\">Heinon mukaan my\u00f6s tarkastusk\u00e4ynneill\u00e4 on kysytty, onko yrityksess\u00e4 t\u00f6iss\u00e4 sek\u00e4 naisia ett\u00e4 miehi\u00e4.<\/p>\n<p class=\"article-body mb-nof-24 px-nof-16\">\u201dYritin vain noudattaa ohjeita\u201d, Heino sanoo.<\/p>\n<p class=\"article-body mb-nof-24 px-nof-16\">Eik\u00f6 t\u00e4llainen ehto ole v\u00e4h\u00e4n vanhanaikainen? <\/p>\n<p class=\"article-body mb-nof-24 px-nof-16\">\u201dOnhan se siin\u00e4 mieless\u00e4, ett\u00e4 nyky\u00e4\u00e4n lapsia kasvaa my\u00f6s sateenkaariperheiss\u00e4\u201d, Heino sanoo.<\/p>\n<p class=\"article-body mb-nof-24 px-nof-16\">\u201dAina ei ole my\u00f6sk\u00e4\u00e4n l\u00f6ytynyt p\u00e4tevi\u00e4 miesty\u00f6ntekij\u00f6it\u00e4, jotta olisi voinut t\u00e4t\u00e4 ehtoa noudattaa\u201d, Heino kertoo.<\/p>\n<p class=\"article-body mb-nof-24 px-nof-16\">Hakijalta toivottiin my\u00f6s teht\u00e4v\u00e4\u00e4n soveltuvaa AMK- tai opistotason tutkintoa, ty\u00f6kokemusta lastensuojelusta sek\u00e4 psykiatrista osaamista.<\/p>\n<p class=\"article-body mb-nof-24 px-nof-16\">Heino sanoo ymm\u00e4rt\u00e4v\u00e4ns\u00e4, mit\u00e4 Turun kaupunki on ehdolla ajanut takaa.<\/p>\n<p class=\"article-body mb-nof-24 px-nof-16\">\u201dMonet lastenkotilapsista tulevat yksinhuoltajaperheist\u00e4, joissa ei ole ollut is\u00e4\u00e4 tai muitakaan roolimalliksi kelpaavia miehi\u00e4 kuvioissa.\u201d<\/p>\n<p class=\"article-body mb-nof-24 px-nof-16\">Mit\u00e4 lis\u00e4arvoa miessukupuoli voi lastensuojeluty\u00f6h\u00f6n tuoda?<\/p>\n<p class=\"article-body mb-nof-24 px-nof-16\">\u201dNiin, en osaa sanoa. Olen ty\u00f6skennellyt lastensuojelussa l\u00e4hes 20 vuotta ja minulla on ollut l\u00e4hinn\u00e4 naisia t\u00f6iss\u00e4. Totta kai sukupuolta t\u00e4rke\u00e4mp\u00e4\u00e4 on se, ett\u00e4 ohjaajat ovat turvallisia ja vastuuntuntoisia aikuisia.\u201d<\/p>\n<p class=\"article-body mb-nof-24 px-nof-16\">Heino toimitti HS:lle Turun kaupungin kilpailutusohjeen, joka on vuodelta 2020. Siin\u00e4 mainitaan muun muassa henkil\u00f6st\u00f6st\u00e4 ja henkil\u00f6st\u00f6mitoituksesta, ett\u00e4 \u201dhoito- ja kasvatusteht\u00e4viss\u00e4 on sek\u00e4 miehi\u00e4 ja naisia\u201d.<\/p>\n<p class=\"article-body mb-nof-24 px-nof-16\">Nyky\u00e4\u00e4n alueen sosiaali- ja terveyspalvelujen j\u00e4rjest\u00e4misest\u00e4 vastaa Varsinais-Suomen hyvinvointialue Varha.<\/p>\n<p class=\"article-body mb-nof-24 px-nof-16\">Varhasta kerrottiin HS:lle s\u00e4hk\u00f6postitse, ett\u00e4 Turun ja seutukuntien kilpailutuksessa on aikanaan muiden henkil\u00f6st\u00f6vaatimusten ohella vaadittu, ett\u00e4 hoito- ja kasvatusteht\u00e4viss\u00e4 on oltava sek\u00e4 miehi\u00e4 ett\u00e4 naisia. Siihen perustuvat sopimukset ovat voimassa my\u00f6s hyvinvointialueella sopimuskauden loppuun.<\/p>\n<p class=\"article-body mb-nof-24 px-nof-16\">Varhan mukaan \u201dhenkil\u00f6st\u00f6vaatimusten muotoilemiseen tulevassa hankinnassa tullaan kiinnitt\u00e4m\u00e4\u00e4n huomiota\u201d.<\/p>\n<p class=\"article-body mb-nof-24 px-nof-16\">Varhasta my\u00f6s muistutetaan, ett\u00e4 lastensuojelussa on tiettyj\u00e4 rajoitustoimenpiteit\u00e4, kuten henkil\u00f6nkatsastus ja henkil\u00f6ntarkastus, joita ei voi suorittaa tai joissa ei saa olla l\u00e4sn\u00e4 lapsen kanssa eri sukupuolta oleva ty\u00f6ntekij\u00e4, ellei kyseess\u00e4 ole terveydenhuollon ammattihenkil\u00f6.<\/p>\n","protected":false},"excerpt":{"rendered":"Ty\u00f6el\u00e4m\u00e4|Turun ja seutukuntien kilpailutuksessa on aikanaan vaadittu, ett\u00e4 hoito- ja kasvatusteht\u00e4viss\u00e4 on oltava sek\u00e4 miehi\u00e4 ett\u00e4 naisia. 30.9.&hellip;\n","protected":false},"author":2,"featured_media":49967,"comment_status":"","ping_status":"","sticky":false,"template":"","format":"standard","meta":{"footnotes":""},"categories":[12],"tags":[22,23,26,27,33,31,30,17,46,24,25,28,29,15,18,21,32,19,20,16],"class_list":{"0":"post-49966","1":"post","2":"type-post","3":"status-publish","4":"format-standard","5":"has-post-thumbnail","7":"category-suomi","8":"tag-breaking-news","9":"tag-breakingnews","10":"tag-featured-news","11":"tag-featurednews","12":"tag-fi","13":"tag-finland","14":"tag-finnish","15":"tag-headlines","16":"tag-helsingin-sanomat","17":"tag-latest-news","18":"tag-latestnews","19":"tag-main-news","20":"tag-mainnews","21":"tag-news","22":"tag-otsikot","23":"tag-paauutiset","24":"tag-suomi","25":"tag-top-stories","26":"tag-topstories","27":"tag-uutiset"},"share_on_mastodon":{"url":"","error":""},"_links":{"self":[{"href":"https:\/\/www.europesays.com\/fi\/wp-json\/wp\/v2\/posts\/49966","targetHints":{"allow":["GET"]}}],"collection":[{"href":"https:\/\/www.europesays.com\/fi\/wp-json\/wp\/v2\/posts"}],"about":[{"href":"https:\/\/www.europesays.com\/fi\/wp-json\/wp\/v2\/types\/post"}],"author":[{"embeddable":true,"href":"https:\/\/www.europesays.com\/fi\/wp-json\/wp\/v2\/users\/2"}],"replies":[{"embeddable":true,"href":"https:\/\/www.europesays.com\/fi\/wp-json\/wp\/v2\/comments?post=49966"}],"version-history":[{"count":0,"href":"https:\/\/www.europesays.com\/fi\/wp-json\/wp\/v2\/posts\/49966\/revisions"}],"wp:featuredmedia":[{"embeddable":true,"href":"https:\/\/www.europesays.com\/fi\/wp-json\/wp\/v2\/media\/49967"}],"wp:attachment":[{"href":"https:\/\/www.europesays.com\/fi\/wp-json\/wp\/v2\/media?parent=49966"}],"wp:term":[{"taxonomy":"category","embeddable":true,"href":"https:\/\/www.europesays.com\/fi\/wp-json\/wp\/v2\/categories?post=49966"},{"taxonomy":"post_tag","embeddable":true,"href":"https:\/\/www.europesays.com\/fi\/wp-json\/wp\/v2\/tags?post=49966"}],"curies":[{"name":"wp","href":"https:\/\/api.w.org\/{rel}","templated":true}]}}