{"id":50010,"date":"2025-09-30T23:31:07","date_gmt":"2025-09-30T23:31:07","guid":{"rendered":"https:\/\/www.europesays.com\/fi\/50010\/"},"modified":"2025-09-30T23:31:07","modified_gmt":"2025-09-30T23:31:07","slug":"vihjaa-eronneensa-martina-aitolehdelta-yllattava-haapaljastus","status":"publish","type":"post","link":"https:\/\/www.europesays.com\/fi\/50010\/","title":{"rendered":"Vihjaa eronneensa! Martina Aitolehdelt\u00e4 yll\u00e4tt\u00e4v\u00e4 h\u00e4\u00e4paljastus"},"content":{"rendered":"<p>            Timo Korhonen\n        <\/p>\n<p class=\"subtitle \">Martina toteaa viimeaikaisten valintojensa menneen niin sanotusti vihkoon.<\/p>\n<p class=\"article-content article-content-width !bg-background\">Hyvinvointivalmentaja , 43, oli tarkoitus menn\u00e4 viime kes\u00e4n\u00e4 naimisiin aussirakkaana tunnetun miesyst\u00e4v\u00e4ns\u00e4 kanssa.<\/p>\n<p class=\"font-weight-bold m-font-weight-bold article-content article-content-width !bg-background\">Katso video: Martina Ibizalla ilman aussirakasta<\/p>\n<p class=\"article-content article-content-width !bg-background\">H\u00e4\u00e4suunnitelmat eiv\u00e4t kuitenkaan toteutuneet, eik\u00e4 Martina ole kertonut julkisuudessa syyt\u00e4 peruuntumiselle.<\/p>\n<p class=\"article-content article-content-width !bg-background\"> \u2013 En mennyt naimisiin, en ole menossa naimisiin. Ei ollut t\u00e4n\u00e4 kes\u00e4n\u00e4 h\u00e4iden aika. H\u00e4\u00e4rahat meni hevosiin, h\u00e4n paljasti Martina &amp; Esko -podcastin jaksossa Eskon udellessa h\u00e4ist\u00e4. <\/p>\n<p class=\"article-content article-content-width !bg-background\"> \u2013 Mutta vastaus t\u00e4h\u00e4n kysymykseen, ett\u00e4 oonko menossa naimisiin, niin mahdollisesti. En tied\u00e4. T\u00e4\u00e4 kes\u00e4 meni jo. Ei menty naimisiin. Se siit\u00e4.<\/p>\n<p>        <a itemprop=\"url\" href=\"https:\/\/www.seiska.fi\/kotimaa\/shokkipaljastus-podcast-nain-kavi-martina-aitolehden-haiden-yllatyskaanne\/1933500\" rel=\"nofollow noopener\" target=\"_blank\"><\/p>\n<p>\nPodcast:\n<\/p>\n<p class=\"section-date\">\n        <strong class=\"article-section\" data-section=\"kotimaa\"><br \/>\n            kotimaa<br \/>\n        <\/strong><br \/>\n        17.9. 08:00\n    <\/p>\n<p>Shokkipaljastus! Podcast: N\u00e4in k\u00e4vi Martina Aitolehden h\u00e4iden \u2013 yll\u00e4tysk\u00e4\u00e4nne\n    <\/p>\n<p itemprop=\"description\" class=\"subtitle \">\n    Martinan ja aussirakkaan tilanteesta on uutta tietoa.\n<\/p>\n<p>        <\/a><\/p>\n<p class=\"article-content article-content-width !bg-background\">H\u00e4n totesi my\u00f6s, ettei naimisiinmenon peruuntuminen saati sormuksen puuttuminen automaattisesti tarkoita sit\u00e4, ett\u00e4 h\u00e4n olisi eronnut.<\/p>\n<p>Rima on korkealla<\/p>\n<p class=\"article-content article-content-width !bg-background\">Tiistaina (30.9.) Martina on vastannut Instagram-tarinoissaan seuraajiensa l\u00e4hett\u00e4miin kysymyksiin.<\/p>\n<p class=\"article-content article-content-width !bg-background\">Er\u00e4s seuraaja on tiedustellut, koska Martinalla on h\u00e4\u00e4t ja kenen kanssa.<\/p>\n<p class=\"article-content article-content-width !bg-background\"> \u2013 T\u00e4ytyy sanoa, ett\u00e4 aikamoinen unelmien poikamies pit\u00e4\u00e4 k\u00e4vell\u00e4 vastaan, joka minut saa viety\u00e4 vihille. Rima on nimitt\u00e4in korkealla, Martina toteaa kuvaamallaan videolla.<\/p>\n<p>        <a itemprop=\"url\" href=\"https:\/\/www.seiska.fi\/kotimaa\/martina-aitolehti-podcastissa-taman-suhteen-julkitulo-kaduttaa\/1939864\" rel=\"nofollow noopener\" target=\"_blank\"><\/p>\n<p>\nPodcast\n<\/p>\n<p class=\"section-date\">\n        <strong class=\"article-section\" data-section=\"kotimaa\"><br \/>\n            kotimaa<br \/>\n        <\/strong><br \/>\n        24.9. 09:58\n    <\/p>\n<p>Martina Aitolehti podcastissa: T\u00e4m\u00e4n suhteen julkitulo kaduttaa\n    <\/p>\n<p itemprop=\"description\" class=\"subtitle \">\n    Seiska paljasti Martinan kes\u00e4romanssin.\n<\/p>\n<p>        <\/a><\/p>\n<p class=\"article-content article-content-width !bg-background\">H\u00e4n ei suoraan kerro eronneensa, mutta vastaus viittaa vahvasti siihen, ett\u00e4 jokin on mennyt m\u00f6nk\u00e4\u00e4n.<\/p>\n<p class=\"article-content article-content-width !bg-background\"> \u2013 Sen verran on mennyt nuo viimeaikaiset valinnat vihkoon, hyvinvointivalmentaja my\u00f6nt\u00e4\u00e4.<\/p>\n<p class=\"article-content article-content-width !bg-background\">Mahdollisista tulevista h\u00e4ist\u00e4 h\u00e4n ei osaa sanoa mit\u00e4\u00e4n.<\/p>\n<p class=\"article-content article-content-width !bg-background\"> \u2013 Mutta kenen kanssa, koska \u2013 en tied\u00e4 menenk\u00f6 koskaan. Jos tied\u00e4t, kerro minulle.<\/p>\n<p>Ei ota kantaa rakkausel\u00e4m\u00e4\u00e4n<\/p>\n<p class=\"article-content article-content-width !bg-background\">Viel\u00e4 elokuussa aussirakas oli mukana Martinan kuvioissa. Tuolloin h\u00e4n niin ik\u00e4\u00e4n vastaili seuraajiensa kysymyksiin, eik\u00e4 silloinkaan ottanut suoraan kantaa siihen, onko parisuhteessa.<\/p>\n<p class=\"article-content article-content-width !bg-background\"> \u2013\u00a0El\u00e4m\u00e4ss\u00e4 pit\u00e4\u00e4 olla ensin itse onnellinen ennen kun voit olla onnellinen kenenk\u00e4\u00e4n muun kanssa. Vinkki teille jotka mietitte ett\u00e4 joku muu tuo sulle onnen mukanaan, Martina vastasi parisuhdekysymykseen.<\/p>\n<p>        <a itemprop=\"url\" href=\"https:\/\/www.seiska.fi\/kotimaa\/martina-aitolehdelta-ulostulo-aussirakkaastaan\/1912199\" rel=\"nofollow noopener\" target=\"_blank\"><\/p>\n<p>\nMartina Aitolehti\n<\/p>\n<p class=\"section-date\">\n        <strong class=\"article-section\" data-section=\"kotimaa\"><br \/>\n            kotimaa<br \/>\n        <\/strong><br \/>\n        27.8. 14:18\n    <\/p>\n<p>Martina Aitolehdelt\u00e4 ulostulo aussirakkaastaan\n    <\/p>\n<p itemprop=\"description\" class=\"subtitle \">\n    Seiska uutisoi hein\u00e4kuussa Martinan ja aussikullan j\u00e4iss\u00e4 olevista h\u00e4\u00e4suunnitelmista.\n<\/p>\n<p>        <\/a><\/p>\n<p class=\"article-content article-content-width !bg-background\">Kuitenkin suoraan kysymykseen siit\u00e4, miss\u00e4 &#8221;kenguru&#8221; on, oli Martinalla yht\u00e4 suora vastaus.<\/p>\n<p class=\"article-content article-content-width !bg-background\"> \u2013\u00a0Tuolla olohuoneessa puhuu kovaa puhelussa.<\/p>\n","protected":false},"excerpt":{"rendered":"Timo Korhonen Martina toteaa viimeaikaisten valintojensa menneen niin sanotusti vihkoon. Hyvinvointivalmentaja , 43, oli tarkoitus menn\u00e4 viime kes\u00e4n\u00e4&hellip;\n","protected":false},"author":2,"featured_media":50011,"comment_status":"","ping_status":"","sticky":false,"template":"","format":"standard","meta":{"footnotes":""},"categories":[130],"tags":[6684,137,1664,4168,33,31,30,1208,2878,1496,1311,651,32,109],"class_list":{"0":"post-50010","1":"post","2":"type-post","3":"status-publish","4":"format-standard","5":"has-post-thumbnail","7":"category-viihde","8":"tag-aussirakas","9":"tag-entertainment","10":"tag-ero","11":"tag-erohuhut","12":"tag-fi","13":"tag-finland","14":"tag-finnish","15":"tag-haat","16":"tag-martina-aitolehti","17":"tag-parisuhde","18":"tag-rakkaus","19":"tag-suhteet","20":"tag-suomi","21":"tag-viihde"},"share_on_mastodon":{"url":"","error":""},"_links":{"self":[{"href":"https:\/\/www.europesays.com\/fi\/wp-json\/wp\/v2\/posts\/50010","targetHints":{"allow":["GET"]}}],"collection":[{"href":"https:\/\/www.europesays.com\/fi\/wp-json\/wp\/v2\/posts"}],"about":[{"href":"https:\/\/www.europesays.com\/fi\/wp-json\/wp\/v2\/types\/post"}],"author":[{"embeddable":true,"href":"https:\/\/www.europesays.com\/fi\/wp-json\/wp\/v2\/users\/2"}],"replies":[{"embeddable":true,"href":"https:\/\/www.europesays.com\/fi\/wp-json\/wp\/v2\/comments?post=50010"}],"version-history":[{"count":0,"href":"https:\/\/www.europesays.com\/fi\/wp-json\/wp\/v2\/posts\/50010\/revisions"}],"wp:featuredmedia":[{"embeddable":true,"href":"https:\/\/www.europesays.com\/fi\/wp-json\/wp\/v2\/media\/50011"}],"wp:attachment":[{"href":"https:\/\/www.europesays.com\/fi\/wp-json\/wp\/v2\/media?parent=50010"}],"wp:term":[{"taxonomy":"category","embeddable":true,"href":"https:\/\/www.europesays.com\/fi\/wp-json\/wp\/v2\/categories?post=50010"},{"taxonomy":"post_tag","embeddable":true,"href":"https:\/\/www.europesays.com\/fi\/wp-json\/wp\/v2\/tags?post=50010"}],"curies":[{"name":"wp","href":"https:\/\/api.w.org\/{rel}","templated":true}]}}