{"id":50013,"date":"2025-09-30T23:35:07","date_gmt":"2025-09-30T23:35:07","guid":{"rendered":"https:\/\/www.europesays.com\/fi\/50013\/"},"modified":"2025-09-30T23:35:07","modified_gmt":"2025-09-30T23:35:07","slug":"lehti-venalaisjoukot-tormaavat-ukrainan-drooniseinamaan-jokaisella-edetylla-metrilla-kova-hinta","status":"publish","type":"post","link":"https:\/\/www.europesays.com\/fi\/50013\/","title":{"rendered":"Lehti: Ven\u00e4l\u00e4isjoukot t\u00f6rm\u00e4\u00e4v\u00e4t Ukrainan \u201ddroonisein\u00e4m\u00e4\u00e4n\u201d \u2013 jokaisella edetyll\u00e4 metrill\u00e4 kova hinta"},"content":{"rendered":"<p>Viime p\u00e4ivin\u00e4 sosiaalisessa mediassa on levinnyt videoita, jotka viittaavat Ven\u00e4j\u00e4n joukkojen merkitt\u00e4viin tappioihin Donetskin alueella sijaitsevan Pokrovskin suunnalla.<\/p>\n<p>30.9. 23:36<\/p>\n<p class=\"article-body mb-nof-24 px-nof-16\">Yhdell\u00e4 videoista moottoripy\u00f6r\u00e4ilij\u00e4 ajaa tiell\u00e4, jonka varrella on useita palaneita ajoneuvoja.<\/p>\n<p class=\"article-body mb-nof-24 px-nof-16\">Videon v\u00e4itet\u00e4\u00e4n olevan ven\u00e4l\u00e4issotilaiden kuvaama ja sijoittuvan Pokrovskin it\u00e4puolella olevan Myrnohradin kaupungin l\u00e4heisyyteen. Videolla n\u00e4kyvien tuhoutuneiden ajoneuvojen on sanottu niin ik\u00e4\u00e4n olleen Ven\u00e4j\u00e4n joukkojen.<\/p>\n<p class=\"article-body mb-nof-24 px-nof-16\">Ukrainalainen <a class=\"article-genericlink\" href=\"https:\/\/euromaidanpress.com\/2025\/09\/27\/frontline-report-ukraines-drone-wall-defense-inflicts-devastating-201-russian-casualty-rate-in-pokrovsk-offensive\/\" rel=\"nofollow noopener\" target=\"_blank\">Euromaidan Press<\/a> v\u00e4itti viikonloppuna julkaisemassaan rintamaraportissa, ett\u00e4 ven\u00e4l\u00e4isjoukkojen tappiot ovat Pokrovskin hy\u00f6kk\u00e4yksess\u00e4 kasvaneet jo niin suuriksi, ett\u00e4 jokainen edetty metri on maksanut niille 20 sotilaan hengen.<\/p>\n<p class=\"article-body mb-nof-24 px-nof-16\">Syyn\u00e4 Ven\u00e4j\u00e4n tappioihin on lehden mukaan Ukrainan \u201ddroonisein\u00e4m\u00e4\u201d, joka erottaa ven\u00e4l\u00e4issotilaita n\u00e4iden pitk\u00e4aikaisesta tavoitteesta eli Pokrovskin valtaamisesta. Pokrovskin ja Myrnohradin korkeat rakennukset ja teollisuuslaitokset tarjoavat \u201dt\u00e4ydellisi\u00e4 laukaisupaikkoja ja l\u00e4hetyspisteit\u00e4\u201d Ukrainan droonioperaattoreille.<\/p>\n<p class=\"article-body mb-nof-24 px-nof-16\">Taivas etulinjan l\u00e4heisyydess\u00e4 olevan \u201dei-kenenk\u00e4\u00e4n maan\u201d yll\u00e4 kuhisee Euromaidan Pressin mukaan Ukrainan drooneja, jotka iskev\u00e4t my\u00f6s ven\u00e4l\u00e4isten k\u00e4tk\u00f6paikkoihin avoimien alueiden lis\u00e4ksi.<\/p>\n<p class=\"article-body mb-nof-24 px-nof-16\">Lehti kertoi ven\u00e4l\u00e4isjoukkojen yritt\u00e4neen etenemist\u00e4 Myrnohradin l\u00e4hell\u00e4 jo viikkokausia. Tavoitteena on kaupungin k\u00e4ytt\u00e4minen tukikohtana Pokrovskin lopullisessa valtaamisessa.<\/p>\n<p class=\"article-body mb-nof-24 px-nof-16\">\u2013\u2009Samoin kuin Dobropilljan l\u00e4pimurrossa, ven\u00e4l\u00e4iset ajattelivat k\u00e4ytt\u00e4\u00e4 j\u00e4lleen panssareitaan toivoen, ett\u00e4 ukrainalaiset olisivat liian h\u00e4mmentyneit\u00e4 ja ett\u00e4 se osoittautuisi menestykseksi. T\u00e4m\u00e4 on kuitenkin osoittautunut katastrofiksi, sill\u00e4 jokainen panssaroidun hy\u00f6kk\u00e4yksen yritys kohti Myrnohradia on p\u00e4\u00e4ttynyt siihen, ett\u00e4 Ukrainan tulivoima tuhoaa ven\u00e4l\u00e4isajoneuvot jo paljon ennen kuin ne edes saavuttavat etulinjan, rintamaraportissa v\u00e4itettiin.<\/p>\n<p class=\"article-body mb-nof-24 px-nof-16\">Samaan aikaan yh\u00e4 suojattomampana hy\u00f6kk\u00e4\u00e4v\u00e4t ven\u00e4l\u00e4issotilaat ovat julkaisseet Euromaidan Pressin mukaan videoita, joissa he muun muassa neuvovat muita v\u00e4ltt\u00e4m\u00e4\u00e4n armeijaan liittymist\u00e4. Ven\u00e4j\u00e4n merijalkav\u00e4en 155. prikaatin sotilaat valittivat yhdell\u00e4 videoista, ett\u00e4 ukrainalaisten hy\u00f6kk\u00e4ysdrooni oli tuhonnut heid\u00e4n suojapaikkansa, mutta j\u00e4tt\u00e4nyt heid\u00e4t t\u00e4ll\u00e4 kertaa henkiin.<\/p>\n<p class=\"article-body mb-nof-24 px-nof-16\">Ven\u00e4l\u00e4iskomentajien v\u00e4itettiin kuitenkin jatkavan entiseen malliin sotilaiden l\u00e4hett\u00e4mist\u00e4 katastrofaalisiin hy\u00f6kk\u00e4yksiin.<\/p>\n<p class=\"article-body mb-nof-24 px-nof-16\">\u201dDroonisein\u00e4m\u00e4n\u201d lis\u00e4ksi Ukraina on tehnyt my\u00f6s ilmaiskuja ven\u00e4l\u00e4isjoukkoja vastaan. Verkossa levi\u00e4\u00e4 my\u00f6s videoita, joissa Ukrainan MiG-29-h\u00e4vitt\u00e4j\u00e4t pommittavat ven\u00e4l\u00e4isjoukkoja ja kalustoa Pokrovskin ja Myrnohradin suunnalla.<\/p>\n<p class=\"article-body mb-nof-24 px-nof-16\">Lis\u00e4ksi Myrnohradista on levinnyt videoita, jotka osoittavat sen kokeneen vastaavan kohtalon kuin muut Ven\u00e4j\u00e4n joukkojen kohteena olevat ukrainalaiskaupungit.<\/p>\n<p class=\"article-body mb-nof-24 px-nof-16\">Taistelutapahtumia ei ole voitu vahvistaa itsen\u00e4isist\u00e4 l\u00e4hteist\u00e4.<\/p>\n","protected":false},"excerpt":{"rendered":"Viime p\u00e4ivin\u00e4 sosiaalisessa mediassa on levinnyt videoita, jotka viittaavat Ven\u00e4j\u00e4n joukkojen merkitt\u00e4viin tappioihin Donetskin alueella sijaitsevan Pokrovskin suunnalla.&hellip;\n","protected":false},"author":2,"featured_media":50014,"comment_status":"","ping_status":"","sticky":false,"template":"","format":"standard","meta":{"footnotes":""},"categories":[14],"tags":[22,23,26,27,33,31,30,17,34,24,25,28,29,15,18,21,32,19,20,56,16,59,60,61],"class_list":{"0":"post-50013","1":"post","2":"type-post","3":"status-publish","4":"format-standard","5":"has-post-thumbnail","7":"category-ulkomaat","8":"tag-breaking-news","9":"tag-breakingnews","10":"tag-featured-news","11":"tag-featurednews","12":"tag-fi","13":"tag-finland","14":"tag-finnish","15":"tag-headlines","16":"tag-ilta-sanomat","17":"tag-latest-news","18":"tag-latestnews","19":"tag-main-news","20":"tag-mainnews","21":"tag-news","22":"tag-otsikot","23":"tag-paauutiset","24":"tag-suomi","25":"tag-top-stories","26":"tag-topstories","27":"tag-ulkomaat","28":"tag-uutiset","29":"tag-world","30":"tag-world-news","31":"tag-worldnews"},"share_on_mastodon":{"url":"","error":""},"_links":{"self":[{"href":"https:\/\/www.europesays.com\/fi\/wp-json\/wp\/v2\/posts\/50013","targetHints":{"allow":["GET"]}}],"collection":[{"href":"https:\/\/www.europesays.com\/fi\/wp-json\/wp\/v2\/posts"}],"about":[{"href":"https:\/\/www.europesays.com\/fi\/wp-json\/wp\/v2\/types\/post"}],"author":[{"embeddable":true,"href":"https:\/\/www.europesays.com\/fi\/wp-json\/wp\/v2\/users\/2"}],"replies":[{"embeddable":true,"href":"https:\/\/www.europesays.com\/fi\/wp-json\/wp\/v2\/comments?post=50013"}],"version-history":[{"count":0,"href":"https:\/\/www.europesays.com\/fi\/wp-json\/wp\/v2\/posts\/50013\/revisions"}],"wp:featuredmedia":[{"embeddable":true,"href":"https:\/\/www.europesays.com\/fi\/wp-json\/wp\/v2\/media\/50014"}],"wp:attachment":[{"href":"https:\/\/www.europesays.com\/fi\/wp-json\/wp\/v2\/media?parent=50013"}],"wp:term":[{"taxonomy":"category","embeddable":true,"href":"https:\/\/www.europesays.com\/fi\/wp-json\/wp\/v2\/categories?post=50013"},{"taxonomy":"post_tag","embeddable":true,"href":"https:\/\/www.europesays.com\/fi\/wp-json\/wp\/v2\/tags?post=50013"}],"curies":[{"name":"wp","href":"https:\/\/api.w.org\/{rel}","templated":true}]}}