{"id":50019,"date":"2025-09-30T23:49:09","date_gmt":"2025-09-30T23:49:09","guid":{"rendered":"https:\/\/www.europesays.com\/fi\/50019\/"},"modified":"2025-09-30T23:49:09","modified_gmt":"2025-09-30T23:49:09","slug":"tama-on-olga-temosen-terveydentila-nyt-tuukka-puolisolta-rehelliset-sanat","status":"publish","type":"post","link":"https:\/\/www.europesays.com\/fi\/50019\/","title":{"rendered":"T\u00e4m\u00e4 on Olga Temosen terveydentila nyt \u2013 Tuukka-puolisolta rehelliset sanat"},"content":{"rendered":"<p>Olga Temosen vointi on mennyt koko ajan huonommaksi. Aivokasvainta pyrit\u00e4\u00e4n hidastamaan niin paljon kuin mahdollista, puoliso Tuukka Temonen kertoo.<\/p>\n<p class=\"paragraph\">Viime toukokuussa Temosten perhe sai ik\u00e4vi\u00e4 uutisia. <a href=\"https:\/\/www.iltalehti.fi\/henkilot\/Olga Temonen\" class=\"article-link-person-page\" rel=\"nofollow noopener\" target=\"_blank\">Olga Temosen<\/a> nelj\u00e4nnen asteen aivokasvain oli uusiutunut ja sy\u00f6p\u00e4hoitoja t\u00e4ytyisi jatkaa.<\/p>\n<p class=\"paragraph\">Olgan puoliso <a href=\"https:\/\/www.iltalehti.fi\/henkilot\/Tuukka Temonen\" class=\"article-link-person-page\" rel=\"nofollow noopener\" target=\"_blank\">Tuukka Temonen<\/a> kertoo Cancel-elokuvan lehdist\u00f6tilaisuudessa perheen tilanteesta ja Olgan t\u00e4m\u00e4nhetkisest\u00e4 voinnista.<\/p>\n<p class=\"paragraph\">\u2013 On t\u00e4m\u00e4 v\u00e4h\u00e4n raskas aika kaiken kaikkiaan monella mittarilla, mutta minulle kuuluu kaikesta huolimatta hyv\u00e4\u00e4. Niin hyv\u00e4\u00e4 kuin vaan t\u00e4ss\u00e4 tilanteesta voi kuulua, Tuukka summaa.<\/p>\n<p><img decoding=\"async\" class=\"image image-show image-preview\" src=\"https:\/\/www.europesays.com\/fi\/wp-content\/uploads\/2025\/09\/5180d898fa2cd41b75e21c57b065d26461e8eab43cd37885c1673b9fc1408cd4.jpg\" alt=\"\"\/><img decoding=\"async\" class=\"image image-show\" src=\"https:\/\/www.europesays.com\/fi\/wp-content\/uploads\/2025\/09\/1759276149_458_5180d898fa2cd41b75e21c57b065d26461e8eab43cd37885c1673b9fc1408cd4.jpg\" alt=\"\"\/><\/p>\n<p>Tuukka Temonen ohjasi Cancel-elokuvan. Elokuva saa ensi-iltansa 8. lokakuuta. Pete Anikari<\/p>\n<p class=\"paragraph\">L\u00e4mmin syksy, l\u00e4heiset ihmiset ja heilt\u00e4 saatu turva ja tuki, uuden elokuvan l\u00e4hestyv\u00e4 ensi-ilta ja perhe ovat asioita, jotka saavat jaksamaan vaikeiden asioiden keskell\u00e4.<\/p>\n<p class=\"paragraph\">\u2013 Olga on kuitenkin viel\u00e4 meid\u00e4n kanssamme, joten kaikki on todella hyvin.<\/p>\n<p class=\"paragraph\">Olgalle aloitettiin kes\u00e4ll\u00e4 kokeellinen l\u00e4\u00e4kehoito ONC201-l\u00e4\u00e4kkeell\u00e4. Tuukka <a href=\"https:\/\/www.iltalehti.fi\/viihdeuutiset\/5168a3ee-7b5c-4014-bae6-225f8c9154dd\" rel=\"nofollow noopener\" target=\"_blank\">kertoi aiemmin Iltalehdelle<\/a> l\u00e4\u00e4kkeen taustoja. Temoset ovat luottaneet l\u00e4\u00e4kkeeseen, mutta t\u00e4ll\u00e4 hetkell\u00e4 tilanne ei ole hyv\u00e4.<\/p>\n<p class=\"paragraph\">\u2013 L\u00e4\u00e4k\u00e4rit antavat toivoa, mutta emme ole varmoja, ehtiv\u00e4tk\u00f6 hoidot auttamaan. T\u00e4llaisissa asioissa vaaditaan valtavasti aikaa. Nelj\u00e4nnen asteen kasvain on vauhdikas kaveri. Sit\u00e4 yritet\u00e4\u00e4n hidastaa mahdollisimman paljon ja katsotaan, mihin se riitt\u00e4\u00e4.<\/p>\n<p class=\"paragraph\">Tuukan mukaan heill\u00e4 on hoitokontakti Lahdessa.<\/p>\n<p class=\"paragraph\">\u2013 Sielt\u00e4 he soittavat usein ja kysyv\u00e4t, mik\u00e4 vointi. Apua kyll\u00e4 tarjotaan todella paljon ja sit\u00e4 on aina saatavilla, mutta kasvaimen kohdalla kukaan ei voi oikein sanoa mit\u00e4\u00e4n, koska kaikki on aina niin yksil\u00f6llist\u00e4. Kukaan ei ala arvailla sen etenemisest\u00e4 tai mit\u00e4\u00e4n muutakaan, h\u00e4n jatkaa.<\/p>\n<p class=\"paragraph\">Tuukan mukaan Olga vaatii jatkuvaa apua p\u00e4ivitt\u00e4isess\u00e4 arjessa. Liikkuminen on muuttunut koko ajan vaikeammaksi ja on t\u00e4ll\u00e4 hetkell\u00e4 hyvin hankalaa.<\/p>\n<p class=\"paragraph\">\u2013 H\u00e4n pystyy kyll\u00e4 kommunikoimaan, mutta kaikki sanat eiv\u00e4t tule en\u00e4\u00e4 samalla lailla suusta ulos. H\u00e4n on t\u00e4ysin tajuissaan ja tietoinen ymp\u00e4r\u00f6iv\u00e4st\u00e4 maailmasta, mutta kommunikaatio on rajallista.<\/p>\n<p class=\"paragraph\">\u2013 Me ymm\u00e4rr\u00e4mme Olgaa ihan t\u00e4ysin, koska yli 20 vuotta olemme yhdess\u00e4 kulkeneet. T\u00e4m\u00e4 on sellainen side, ettei sanoja tarvita edes t\u00e4ss\u00e4 tilanteessa.<\/p>\n<p>Tuukka puhuu paljon lastensa kanssa tunteista ja maailman menosta. Politiikan he haluavat j\u00e4tt\u00e4\u00e4 muille, ja keskitty\u00e4 iloisiin asioihin. Pete Anikari<\/p>\n<p>Surun kanssa el\u00e4mist\u00e4<\/p>\n<p class=\"paragraph\">Tuukan mukaan h\u00e4n ja perheen lapset <strong>Torsti<\/strong>, <strong>Hilma<\/strong> ja <strong>Helga<\/strong> voivat hyvin. T\u00e4rkein oppi, mink\u00e4 Tuukka on halunnut lapsilleen opettaa, on keskittyminen positiivisiin asioihin.<\/p>\n<p class=\"paragraph\">\u2013 Me olemme k\u00e4sitelleet asian jo kaksi vuotta sitten ja olemme varsin sinut tilanteen kanssa. Tied\u00e4mme, mik\u00e4 aivokasvain on, mutta ei se tietenk\u00e4\u00e4n poista surua, harmitusta ja joskus sit\u00e4 kiukkuakin, mit\u00e4 t\u00e4st\u00e4 tulee. Mutta me selvi\u00e4mme, meill\u00e4 on toisemme.<\/p>\n<p>Tuukka ja Olga tuli lastensa kanssa Vares-elokuvan punaiselle matolle vuonna 2024. Pete Anikari<\/p>\n<p class=\"paragraph\">Tuukka ja Olga ovat k\u00e4yneet lastensa kanssa paljon l\u00e4pi 1990- ja 2000-luvun taitteen asioita, muistoja ja tunnelmia. Tuukka muistelee aikaa l\u00e4mm\u00f6ll\u00e4, sill\u00e4 silloin ihmiset olivat iloisempia eiv\u00e4tk\u00e4 keskittyneet niin paljoa negatiivisiin asioihin.<\/p>\n<p class=\"paragraph\">T\u00e4st\u00e4 syyst\u00e4 Tuukka haluaa my\u00f6s jatkaa ty\u00f6ntekoa, ihmisten tapaamista ja positiivisiin asioihin keskittymist\u00e4, vaikka perheess\u00e4 on surua. Ihmisten kohtaaminen on Tuukalle henkireik\u00e4 vaikeiden asioiden keskell\u00e4.<\/p>\n<p class=\"paragraph\">\u2013 T\u00e4m\u00e4 el\u00e4m\u00e4 on sellaista, ett\u00e4 siihen kuuluvat vastoink\u00e4ymiset, niiden kanssa pit\u00e4\u00e4 oppia el\u00e4m\u00e4\u00e4n, niist\u00e4 pit\u00e4\u00e4 oppia jotain ja ne t\u00e4ytyy pysty\u00e4 k\u00e4\u00e4nt\u00e4m\u00e4\u00e4n voimavarakseen. Ihan sama, miten vaikeaa se onkaan.<\/p>\n<p class=\"paragraph\">\u2013 Ajattelen my\u00f6s, ett\u00e4 el\u00e4m\u00e4 ei voi pys\u00e4hty\u00e4. Se v\u00e4h\u00e4n hidastuu, mutta se ei voi pys\u00e4hty\u00e4. Pienet ja isot asiat eiv\u00e4t saa kaataa meit\u00e4, koska jos me kaikki kaadumme, mit\u00e4 sitten on j\u00e4ljell\u00e4?<\/p>\n<p>Cancel-elokuvassa n\u00e4yttelev\u00e4t youtubettajat. Pete Anikari<\/p>\n","protected":false},"excerpt":{"rendered":"Olga Temosen vointi on mennyt koko ajan huonommaksi. Aivokasvainta pyrit\u00e4\u00e4n hidastamaan niin paljon kuin mahdollista, puoliso Tuukka Temonen&hellip;\n","protected":false},"author":2,"featured_media":50020,"comment_status":"","ping_status":"","sticky":false,"template":"","format":"standard","meta":{"footnotes":""},"categories":[136],"tags":[35,407,155,137,33,31,30,408,718,154,32,502,167,140,156,109],"class_list":{"0":"post-50019","1":"post","2":"type-post","3":"status-publish","4":"format-standard","5":"has-post-thumbnail","7":"category-julkkikset","8":"tag-24h","9":"tag-celebrities","10":"tag-elokuvat","11":"tag-entertainment","12":"tag-fi","13":"tag-finland","14":"tag-finnish","15":"tag-julkkikset","16":"tag-nayttamotaide","17":"tag-nayttelijat-teatteri","18":"tag-suomi","19":"tag-terveydenhoito","20":"tag-terveys","21":"tag-tv-ja-elokuvat","22":"tag-tv","23":"tag-viihde"},"share_on_mastodon":{"url":"","error":""},"_links":{"self":[{"href":"https:\/\/www.europesays.com\/fi\/wp-json\/wp\/v2\/posts\/50019","targetHints":{"allow":["GET"]}}],"collection":[{"href":"https:\/\/www.europesays.com\/fi\/wp-json\/wp\/v2\/posts"}],"about":[{"href":"https:\/\/www.europesays.com\/fi\/wp-json\/wp\/v2\/types\/post"}],"author":[{"embeddable":true,"href":"https:\/\/www.europesays.com\/fi\/wp-json\/wp\/v2\/users\/2"}],"replies":[{"embeddable":true,"href":"https:\/\/www.europesays.com\/fi\/wp-json\/wp\/v2\/comments?post=50019"}],"version-history":[{"count":0,"href":"https:\/\/www.europesays.com\/fi\/wp-json\/wp\/v2\/posts\/50019\/revisions"}],"wp:featuredmedia":[{"embeddable":true,"href":"https:\/\/www.europesays.com\/fi\/wp-json\/wp\/v2\/media\/50020"}],"wp:attachment":[{"href":"https:\/\/www.europesays.com\/fi\/wp-json\/wp\/v2\/media?parent=50019"}],"wp:term":[{"taxonomy":"category","embeddable":true,"href":"https:\/\/www.europesays.com\/fi\/wp-json\/wp\/v2\/categories?post=50019"},{"taxonomy":"post_tag","embeddable":true,"href":"https:\/\/www.europesays.com\/fi\/wp-json\/wp\/v2\/tags?post=50019"}],"curies":[{"name":"wp","href":"https:\/\/api.w.org\/{rel}","templated":true}]}}