{"id":50043,"date":"2025-10-01T00:28:10","date_gmt":"2025-10-01T00:28:10","guid":{"rendered":"https:\/\/www.europesays.com\/fi\/50043\/"},"modified":"2025-10-01T00:28:10","modified_gmt":"2025-10-01T00:28:10","slug":"jyvaskylan-ja-jamsan-valisiin-juniin-tiedossa-myohastymisia-keski-suomi","status":"publish","type":"post","link":"https:\/\/www.europesays.com\/fi\/50043\/","title":{"rendered":"Jyv\u00e4skyl\u00e4n ja J\u00e4ms\u00e4n v\u00e4lisiin juniin tiedossa my\u00f6h\u00e4stymisi\u00e4 | Keski-Suomi"},"content":{"rendered":"<p>Rataty\u00f6t Keski-Suomessa Muuramessa viiv\u00e4styv\u00e4t, kertoo Fintrafficin rataliikennekeskus tiedotteessa. T\u00f6iden viiv\u00e4styminen aiheuttaa junille my\u00f6h\u00e4stymisi\u00e4 Jyv\u00e4skyl\u00e4n ja J\u00e4ms\u00e4n v\u00e4lill\u00e4 viidest\u00e4 minuutista aina kahteenkymmeneen minuuttiin asti.<\/p>\n<p>Pitkittyneiden ratat\u00f6iden vuoksi Muuramessa on vain yksi raide k\u00e4yt\u00f6ss\u00e4 arviolta sunnuntaihin 12. lokakuuta asti.<\/p>\n<p>Rataliikennekeskuksen mukaan my\u00f6h\u00e4stymiset saattavat vaikuttaa junien jatkoyhteyksiin. Tilanteen vaikutuksista saa lis\u00e4tietoa VR:n <a href=\"https:\/\/www.vr.fi\/radalla\" rel=\"nofollow noopener\" target=\"_blank\">verkkosivuilta<\/a>.<\/p>\n","protected":false},"excerpt":{"rendered":"Rataty\u00f6t Keski-Suomessa Muuramessa viiv\u00e4styv\u00e4t, kertoo Fintrafficin rataliikennekeskus tiedotteessa. T\u00f6iden viiv\u00e4styminen aiheuttaa junille my\u00f6h\u00e4stymisi\u00e4 Jyv\u00e4skyl\u00e4n ja J\u00e4ms\u00e4n v\u00e4lill\u00e4 viidest\u00e4&hellip;\n","protected":false},"author":2,"featured_media":50044,"comment_status":"","ping_status":"","sticky":false,"template":"","format":"standard","meta":{"footnotes":""},"categories":[12],"tags":[22,23,26,27,33,31,30,17,425,24,25,121,734,951,28,29,2748,15,18,21,950,32,822,19,20,16],"class_list":{"0":"post-50043","1":"post","2":"type-post","3":"status-publish","4":"format-standard","5":"has-post-thumbnail","7":"category-suomi","8":"tag-breaking-news","9":"tag-breakingnews","10":"tag-featured-news","11":"tag-featurednews","12":"tag-fi","13":"tag-finland","14":"tag-finnish","15":"tag-headlines","16":"tag-jyvaskyla","17":"tag-latest-news","18":"tag-latestnews","19":"tag-liikenne-ja-kuljetus","20":"tag-maaliikenne","21":"tag-maaliikenne-putkijohtokuljetus","22":"tag-main-news","23":"tag-mainnews","24":"tag-muurame","25":"tag-news","26":"tag-otsikot","27":"tag-paauutiset","28":"tag-raskas-liikenne","29":"tag-suomi","30":"tag-teollisuustuotteet-ja-palvelut-sektori","31":"tag-top-stories","32":"tag-topstories","33":"tag-uutiset"},"share_on_mastodon":{"url":"","error":""},"_links":{"self":[{"href":"https:\/\/www.europesays.com\/fi\/wp-json\/wp\/v2\/posts\/50043","targetHints":{"allow":["GET"]}}],"collection":[{"href":"https:\/\/www.europesays.com\/fi\/wp-json\/wp\/v2\/posts"}],"about":[{"href":"https:\/\/www.europesays.com\/fi\/wp-json\/wp\/v2\/types\/post"}],"author":[{"embeddable":true,"href":"https:\/\/www.europesays.com\/fi\/wp-json\/wp\/v2\/users\/2"}],"replies":[{"embeddable":true,"href":"https:\/\/www.europesays.com\/fi\/wp-json\/wp\/v2\/comments?post=50043"}],"version-history":[{"count":0,"href":"https:\/\/www.europesays.com\/fi\/wp-json\/wp\/v2\/posts\/50043\/revisions"}],"wp:featuredmedia":[{"embeddable":true,"href":"https:\/\/www.europesays.com\/fi\/wp-json\/wp\/v2\/media\/50044"}],"wp:attachment":[{"href":"https:\/\/www.europesays.com\/fi\/wp-json\/wp\/v2\/media?parent=50043"}],"wp:term":[{"taxonomy":"category","embeddable":true,"href":"https:\/\/www.europesays.com\/fi\/wp-json\/wp\/v2\/categories?post=50043"},{"taxonomy":"post_tag","embeddable":true,"href":"https:\/\/www.europesays.com\/fi\/wp-json\/wp\/v2\/tags?post=50043"}],"curies":[{"name":"wp","href":"https:\/\/api.w.org\/{rel}","templated":true}]}}