{"id":5005,"date":"2025-08-14T00:19:11","date_gmt":"2025-08-14T00:19:11","guid":{"rendered":"https:\/\/www.europesays.com\/fi\/5005\/"},"modified":"2025-08-14T00:19:11","modified_gmt":"2025-08-14T00:19:11","slug":"israelin-armeijan-komentaja-on-hyvaksynyt-paapiirteissaan-suunnitelman-gazan-kaupunkiin-hyokkaamisesta-uutisia-lyhyesti","status":"publish","type":"post","link":"https:\/\/www.europesays.com\/fi\/5005\/","title":{"rendered":"Israelin armeijan komentaja on hyv\u00e4ksynyt \u201dp\u00e4\u00e4\u00adpiirteiss\u00e4\u00e4n\u201d suunnitelman Gazan kaupunkiin hy\u00f6kk\u00e4\u00e4misest\u00e4 | Uutisia lyhyesti"},"content":{"rendered":"<p class=\"sc-jYczwO sc-dNFkOE bUKqJd eiHPxO yle__article__paragraph\">Israelin turvallisuus\u00adkabinetti hyv\u00e4ksyi Israelin p\u00e4\u00e4ministeri Benjamin Netanjahun suunnitelman Gazan kaupungin valtaamisesta viime viikon perjantaina.<\/p>\n<p><img decoding=\"async\" alt=\"Israelin armeijan tankkeja hiekan keskell\u00e4 riviss\u00e4. \" src=\"https:\/\/www.europesays.com\/fi\/wp-content\/uploads\/2025\/08\/39-1470663683063eb7eb07.jpeg\" class=\"sc-dntSTA iywpZY\"\/><\/p>\n<p>Avaa kuvien katselu<\/p>\n<p>Israelin turvallisuuskabinetti hyv\u00e4ksyi Israelin p\u00e4\u00e4ministeri Benjamin Netanjahun suunnitelman Gazan kaupungin valtaamisesta viime viikon perjantaina. Kuva: Atef Safadi \/ EPA<\/p>\n<p class=\"sc-jYczwO sc-ciCoXh bUKqJd cIOueB yle__article__paragraph\">Israelin armeijan komentaja <strong class=\"sc-eEHciv gtNhAX yle__article__strong\">Eyal<\/strong> <strong class=\"sc-eEHciv gtNhAX yle__article__strong\">Zamir<\/strong> on hyv\u00e4ksynyt \u201dp\u00e4\u00e4piirteiss\u00e4\u00e4n\u201d suunnitelman Gazan kaupungin valtaamisesta ja Gazan kaistalle hy\u00f6kk\u00e4\u00e4misest\u00e4, kertoo uutistoimisto Reuters.<\/p>\n<p class=\"sc-jYczwO sc-ciCoXh bUKqJd cIOueB yle__article__paragraph\">Israelin turvallisuuskabinetti <a class=\"sc-jDJeIs gotUgl yle__article__link\" href=\"https:\/\/yle.fi\/a\/74-20176415\" role=\"link\" rel=\"nofollow noopener\" target=\"_blank\">hyv\u00e4ksyi<\/a> Israelin p\u00e4\u00e4ministeri <strong class=\"sc-eEHciv gtNhAX yle__article__strong\">Benjamin<\/strong> <strong class=\"sc-eEHciv gtNhAX yle__article__strong\">Netanjahun<\/strong> suunnitelman Gazan kaupungin valtaamisesta viime viikon perjantaina.<\/p>\n<p class=\"sc-jYczwO sc-ciCoXh bUKqJd cIOueB yle__article__paragraph\">Zamir ilmaisi t\u00e4ll\u00f6in tyytym\u00e4tt\u00f6myytens\u00e4 suunnitelmaan, koska se saattaisi vaarantaa israelilaisten panttivankien hengen, uutisoi sanomalehti <a class=\"sc-jDJeIs gotUgl yle__article__link\" href=\"https:\/\/www.jpost.com\/israel-news\/defense-news\/article-863598\" role=\"link\" rel=\"nofollow noopener\" target=\"_blank\">The Jerusalem Post<\/a>. H\u00e4n on my\u00f6s arvostellut suunnitelmaa sotilaallisesti huonoksi, kertoi L\u00e4hi-id\u00e4n instituutin johtaja <strong class=\"sc-eEHciv gtNhAX yle__article__strong\">Susanna<\/strong> <strong class=\"sc-eEHciv gtNhAX yle__article__strong\">Dahlgren<\/strong> <a class=\"sc-jDJeIs gotUgl yle__article__link\" href=\"https:\/\/yle.fi\/a\/74-20176428\" role=\"link\" rel=\"nofollow noopener\" target=\"_blank\">perjantaina<\/a>.<\/p>\n<p class=\"sc-jYczwO sc-ciCoXh bUKqJd cIOueB yle__article__paragraph\">L\u00e4hde: Reuters<\/p>\n","protected":false},"excerpt":{"rendered":"Israelin turvallisuus\u00adkabinetti hyv\u00e4ksyi Israelin p\u00e4\u00e4ministeri Benjamin Netanjahun suunnitelman Gazan kaupungin valtaamisesta viime viikon perjantaina. Avaa kuvien katselu Israelin&hellip;\n","protected":false},"author":2,"featured_media":5006,"comment_status":"","ping_status":"","sticky":false,"template":"","format":"standard","meta":{"footnotes":""},"categories":[14],"tags":[804,3068,22,23,26,27,33,31,30,994,505,17,993,3069,992,24,25,28,29,15,18,21,995,3070,32,19,20,56,16,59,60,61],"class_list":{"0":"post-5005","1":"post","2":"type-post","3":"status-publish","4":"format-standard","5":"has-post-thumbnail","7":"category-ulkomaat","8":"tag-aseelliset-konfliktit","9":"tag-benjamin-netanjahu","10":"tag-breaking-news","11":"tag-breakingnews","12":"tag-featured-news","13":"tag-featurednews","14":"tag-fi","15":"tag-finland","16":"tag-finnish","17":"tag-gazan-kaista","18":"tag-gazan-sota","19":"tag-headlines","20":"tag-israel","21":"tag-israelin-politiikka","22":"tag-lahi-ita","23":"tag-latest-news","24":"tag-latestnews","25":"tag-main-news","26":"tag-mainnews","27":"tag-news","28":"tag-otsikot","29":"tag-paauutiset","30":"tag-palestiinalaisalueet","31":"tag-panttivangit","32":"tag-suomi","33":"tag-top-stories","34":"tag-topstories","35":"tag-ulkomaat","36":"tag-uutiset","37":"tag-world","38":"tag-world-news","39":"tag-worldnews"},"share_on_mastodon":{"url":"","error":""},"_links":{"self":[{"href":"https:\/\/www.europesays.com\/fi\/wp-json\/wp\/v2\/posts\/5005","targetHints":{"allow":["GET"]}}],"collection":[{"href":"https:\/\/www.europesays.com\/fi\/wp-json\/wp\/v2\/posts"}],"about":[{"href":"https:\/\/www.europesays.com\/fi\/wp-json\/wp\/v2\/types\/post"}],"author":[{"embeddable":true,"href":"https:\/\/www.europesays.com\/fi\/wp-json\/wp\/v2\/users\/2"}],"replies":[{"embeddable":true,"href":"https:\/\/www.europesays.com\/fi\/wp-json\/wp\/v2\/comments?post=5005"}],"version-history":[{"count":0,"href":"https:\/\/www.europesays.com\/fi\/wp-json\/wp\/v2\/posts\/5005\/revisions"}],"wp:featuredmedia":[{"embeddable":true,"href":"https:\/\/www.europesays.com\/fi\/wp-json\/wp\/v2\/media\/5006"}],"wp:attachment":[{"href":"https:\/\/www.europesays.com\/fi\/wp-json\/wp\/v2\/media?parent=5005"}],"wp:term":[{"taxonomy":"category","embeddable":true,"href":"https:\/\/www.europesays.com\/fi\/wp-json\/wp\/v2\/categories?post=5005"},{"taxonomy":"post_tag","embeddable":true,"href":"https:\/\/www.europesays.com\/fi\/wp-json\/wp\/v2\/tags?post=5005"}],"curies":[{"name":"wp","href":"https:\/\/api.w.org\/{rel}","templated":true}]}}