{"id":50051,"date":"2025-10-01T00:48:10","date_gmt":"2025-10-01T00:48:10","guid":{"rendered":"https:\/\/www.europesays.com\/fi\/50051\/"},"modified":"2025-10-01T00:48:10","modified_gmt":"2025-10-01T00:48:10","slug":"jyvaskylan-pallokerho-arvostellut-voimakkaasti-palloliiton-toimintaa-nain-liitto-vastaa-kritiikkiin-urheilua-lyhyesti","status":"publish","type":"post","link":"https:\/\/www.europesays.com\/fi\/50051\/","title":{"rendered":"Jyv\u00e4skyl\u00e4n Pallokerho arvostellut voimakkaasti Palloliiton toimintaa \u2013 n\u00e4in liitto vastaa kritiikkiin | Urheilua lyhyesti"},"content":{"rendered":"<p>Juttu tiivistettyn\u00e4<\/p>\n<ul class=\"aw-1jjocuh iJTSwP yle__article__list yle__article__list--ul\">\n<li class=\"aw-1j7gwms kUeLji\">Jyv\u00e4skyl\u00e4n Pallokerho kritisoi Palloliiton p\u00e4\u00e4t\u00f6ksi\u00e4, jotka ovat vieneet seuran putoamisuhan alle.<\/li>\n<li class=\"aw-1j7gwms kUeLji\">JyPK:n voitto EBK:sta muutettiin 0\u20133-tappioksi, koska joukkuessa oli edustuskelvottomia pelaajia.<\/li>\n<li class=\"aw-1j7gwms kUeLji\">Palloliitto ilmoitti, ett\u00e4 sen on valvottava s\u00e4\u00e4nt\u00f6jen noudattamista ja reagoitava rikkomuksiin.<\/li>\n<\/ul>\n<p class=\"aw-1gybjub aw-1p7kakr cmIuaG fmSRng yle__article__paragraph\">T\u00e4m\u00e4 on teko\u00e4lyn avulla tuotettu, toimittajan tarkistama tiivistelm\u00e4.<\/p>\n<p class=\"aw-1gybjub aw-1p7kakr cmIuaG fmSRng yle__article__paragraph\">Jalkapallon naisten p\u00e4\u00e4sarjassa, Kansallisessa liigassa pelaava Jyv\u00e4skyl\u00e4n Pallokerho on viime p\u00e4ivin\u00e4 kritisoinut voimakkaasti Palloliiton toimintaa.<\/p>\n<p class=\"aw-1gybjub aw-1p7kakr cmIuaG fmSRng yle__article__paragraph\">Karsintasarjaan joutunut JyPK on putoamassa sarjaporrasta alemmas tappioiden takia, mutta sen lis\u00e4ksi Palloliitto tuomitsi syyskuun alussa pelatun voitokkaan EBK-ottelun 0\u20133-tappioksi, koska JyPKin kokoonpanossa oli edustuskelvottomia pelaajia.<\/p>\n<p class=\"aw-1gybjub aw-1p7kakr cmIuaG fmSRng yle__article__paragraph\">Pelaajien edustusoikeuden rekister\u00f6innit oli maksettu my\u00f6h\u00e4ss\u00e4, ja asia oli tullut Palloliiton tietoon pelaajarekister\u00f6intien tarkistusten yhteydess\u00e4 11. syyskuuta.<\/p>\n<p class=\"aw-1gybjub aw-1p7kakr cmIuaG fmSRng yle__article__paragraph\">EBK ei tehnyt tilanteesta vastalausetta. Palloliitto kertoi <a class=\"aw-iao6s4 iHOxEa yle__article__link\" href=\"https:\/\/www.kansallinenliiga.fi\/news\/ebk-jypk-liigakarsintasarja-lopputulos-muutetaan\/\" role=\"link\" rel=\"nofollow noopener\" target=\"_blank\">tiedotteessaan<\/a>, ett\u00e4 liitolla on velvollisuus valvoa s\u00e4\u00e4nt\u00f6jen noudattamista ja ryhty\u00e4 tarvittaessa toimenpiteisiin. JyPK aikoo valittaa liiton p\u00e4\u00e4t\u00f6ksest\u00e4.<\/p>\n<p class=\"aw-1gybjub aw-1p7kakr cmIuaG fmSRng yle__article__paragraph\">Palloliiton kilpailutoiminnan johtajan <strong class=\"aw-ak79eh KyCXm yle__article__strong\">Pekka Soinin<\/strong> mukaan liitto tekee pelaajarekister\u00f6intiin pistotarkistuksia.<\/p>\n<p class=\"aw-1gybjub aw-1p7kakr cmIuaG fmSRng yle__article__paragraph\">\u2013 T\u00e4m\u00e4 tapaus oli osana sellaista SKOK-pelaajien eli Suomessa kasvatettujen ja omakasvatettujen pelaajien tilastointia, ja tuli siin\u00e4 yhteydess\u00e4 selv\u00e4ksi, Soini kertoi.<\/p>\n<p><strong class=\"aw-1bgq5a3 kDzrSA\">Pekka Soini kertoo pelaajarekister\u00f6innin tarkistuksesta<\/strong><\/p>\n<p>Pekka Soini kertoo pelaajarekister\u00f6innin tarkistuksesta.<\/p>\n<p class=\"aw-1gybjub aw-1p7kakr cmIuaG fmSRng yle__article__paragraph\">Muun muassa Kansallisen liigan ja Ykk\u00f6sen joukkueissa p\u00f6yt\u00e4kirjaan merkityist\u00e4 pelioikeudellisista pelaajista t\u00e4ytyy olla v\u00e4hint\u00e4\u00e4n puolet SK-pelaajia ja v\u00e4hint\u00e4\u00e4n nelj\u00e4n on pelattava ottelussa.<\/p>\n<p class=\"aw-1gybjub aw-1p7kakr cmIuaG fmSRng yle__article__paragraph\">Jos edustuskelvottoman pelaajan tiedot yritt\u00e4\u00e4 lis\u00e4t\u00e4 p\u00f6yt\u00e4kirjaan, j\u00e4rjestelm\u00e4 herjaa asiasta.<\/p>\n<p class=\"aw-1gybjub aw-1p7kakr cmIuaG fmSRng yle__article__paragraph\">\u2013 P\u00f6yt\u00e4kirjasta n\u00e4kyy, jos pelaajalta puuttuu joku sellainen ominaisuus, joka liittyy pelioikeuteen. Silloin on mahdollisuus puuttua tilanteeseen, Soini sanoi.<\/p>\n<p class=\"aw-1gybjub aw-1p7kakr cmIuaG fmSRng yle__article__paragraph\">Pelaajarekisterij\u00e4rjestelm\u00e4 ei kuitenkaan ole aukoton, sill\u00e4 se ei p\u00e4ivity automaattisesti. Maksu on siis saatettu maksaa, mutta sit\u00e4 ei ole kirjattu j\u00e4rjestelm\u00e4\u00e4n.<\/p>\n<p><img decoding=\"async\" alt=\"JyPKin pelaajia kent\u00e4ll\u00e4.\" src=\"https:\/\/www.europesays.com\/fi\/wp-content\/uploads\/2025\/09\/39-152969768d97b62c5026.jpeg\" loading=\"lazy\" class=\"aw-1l9m598 hKVVvP\"\/><\/p>\n<p>Avaa kuvien katselu<\/p>\n<p>JyPK sijoittui Kansallisen liigan runkosarjassa seitsem\u00e4nneksi. Se voitti siin\u00e4 yhden ja pelasi kaksi ottelua tasan. Kuva: Jyri Sulander \/ SPLEi muuta vaihtoehtoa<\/p>\n<p class=\"aw-1gybjub aw-1p7kakr cmIuaG fmSRng yle__article__paragraph\">JyPKin varapuheenjohtaja <strong class=\"aw-ak79eh KyCXm yle__article__strong\">Sanna Kujala<\/strong> my\u00f6nsi Yle Urheilulle rekister\u00f6inniss\u00e4 tapahtuneen rikkeen. H\u00e4n kuitenkin totesi seuran saaneen yhteisty\u00f6seurasta tulevan pelaajan siirrosta ristiriitaista ja virheellist\u00e4 tietoa. Soinin mukaan h\u00e4n ei tied\u00e4 tapausta niin tarkkaan, ett\u00e4 voisi kommentoida asiaa.<\/p>\n<p class=\"aw-1gybjub aw-1p7kakr cmIuaG fmSRng yle__article__paragraph\">JyPK on kritisoinut Palloliittoa ep\u00e4johdonmukaisuudesta, sill\u00e4 p\u00e4\u00e4valmentaja <strong class=\"aw-ak79eh KyCXm yle__article__strong\">Sacha Navalkar<\/strong> kertoi Yle Urheilulle, ett\u00e4 kuluvan kauden aikana Kansallisessa liigassa pelaavan seuran Suomen cupin ottelussa sek\u00e4 Kansallisen Ykk\u00f6sen ottelussa oli pelannut edustusoikeudettomia pelaajia. JyPK aikoo k\u00e4ytt\u00e4\u00e4 n\u00e4it\u00e4 esimerkkein\u00e4 valituksessaan.<\/p>\n<p class=\"aw-1gybjub aw-1p7kakr cmIuaG fmSRng yle__article__paragraph\">Soini ei osaa ottaa kantaa Navalkarin esimerkkiin, koska asiasta ei ole t\u00e4sm\u00e4llisi\u00e4 viittauksia.<\/p>\n<p class=\"aw-1gybjub aw-1p7kakr cmIuaG fmSRng yle__article__paragraph\">\u2013 Joka tapauksessa t\u00e4m\u00e4 JyPKin tapaus tuli selville osana meid\u00e4n prosessia. Silloin kun tuollainen tulee selville, niin meill\u00e4 ei ole mit\u00e4\u00e4n muuta vaihtoehtoa kuin toimia siin\u00e4 asiassa.<\/p>\n<p><img decoding=\"async\" alt=\"Sacha Navalkar l\u00e4hikuvassa.\" src=\"https:\/\/www.europesays.com\/fi\/wp-content\/uploads\/2025\/09\/39-152969368d9798b6db31.jpeg\" loading=\"lazy\" class=\"aw-1l9m598 hKVVvP\"\/><\/p>\n<p>Avaa kuvien katselu<\/p>\n<p>Sacha Navalkarin mielest\u00e4 Palloliitto on toteuttanut s\u00e4\u00e4nt\u00f6j\u00e4 ep\u00e4johdonmukaisesti. Kuva: Jyri Sulander \/ SPLSoini: S\u00e4\u00e4nt\u00f6jen mukaan menty<\/p>\n<p class=\"aw-1gybjub aw-1p7kakr cmIuaG fmSRng yle__article__paragraph\">JyPK syytti liittoa my\u00f6s keskener\u00e4isten asioiden julkaisemisesta, sill\u00e4 se tiedotti EBK-p\u00e4\u00e4t\u00f6ksest\u00e4, ennen kuin vastalauselautakunnan k\u00e4sittely ei ole p\u00e4\u00e4ssyt edes kunnolla alkamaan. JyPK kokee liiton toiminnan tarkoituksenmukaisena h\u00e4irint\u00e4n\u00e4.<\/p>\n<p class=\"aw-1gybjub aw-1p7kakr cmIuaG fmSRng yle__article__paragraph\">\u2013 Sanotaan n\u00e4in, ett\u00e4 on vahinko, ett\u00e4 he ovat sit\u00e4 mielt\u00e4. N\u00e4m\u00e4 menev\u00e4t ihan meid\u00e4n perusprosessiemme mukaisesti, Soini totesi.<\/p>\n<p class=\"aw-1gybjub aw-1p7kakr cmIuaG fmSRng yle__article__paragraph\">Maanantaina <a class=\"aw-iao6s4 iHOxEa yle__article__link\" href=\"https:\/\/www.kansallinenliiga.fi\/news\/jypk-ilves-ottelun-lopputulokseen-myos-muutos\/\" role=\"link\" rel=\"nofollow noopener\" target=\"_blank\">Palloliitto teki my\u00f6s muutoksen JyPK-Ilves-ottelun lopputulokseen<\/a>, koska JyPK peluutti ottelussa pelioikeudetonta pelaajaa. Ilves voitti ottelun alun perin 1\u20130, mutta se muutettiin vierasjoukkueen 3\u20130-voitoksi.<\/p>\n<p class=\"aw-1gybjub aw-1p7kakr cmIuaG fmSRng yle__article__paragraph\">JyPK kyseenalaistaa my\u00f6s t\u00e4m\u00e4n korjauksen laillisuuden, sill\u00e4 seuran mukaan ottelun tarkasteluaika eli 14 vuorokautta oli umpeutunut reippaasti aiemmin. Palloliitto kertoi tiedotteessaan, ett\u00e4 asia tuli alun perin liiton tietoon vasta tuolloin 11. syyskuuta.<\/p>\n<p class=\"aw-1gybjub aw-1p7kakr cmIuaG fmSRng yle__article__paragraph\">Palloliitto kertoo, ett\u00e4 Urheilun oikeusturvalautakunnan linjauksen mukaan otteluiden tulos voidaan muuttaa, jos ottelu on pelattu takautuvasti 14 vuorokauden sis\u00e4ll\u00e4 siit\u00e4, kun liitto on saanut asian tietoonsa. Liitto my\u00f6nsikin, ett\u00e4 aiempi p\u00e4\u00e4t\u00f6s, joka koski vain EBK-ottelua, oli puutteellinen.<\/p>\n<p class=\"aw-1gybjub aw-1p7kakr cmIuaG fmSRng yle__article__paragraph\">\u2013 Tulos muutettiin sellaiseksi, ett\u00e4 se vastaa meid\u00e4n s\u00e4\u00e4nt\u00f6j\u00e4mme. Pelioikeudettoman pelaajan k\u00e4ytt\u00e4misest\u00e4 seuraa 0\u20133-tulos, Soini sanoi ja totesi p\u00e4\u00e4t\u00f6ksen olleen Palloliiton ohjeistuksen mukainen.<\/p>\n<p class=\"aw-1gybjub aw-1p7kakr cmIuaG fmSRng yle__article__paragraph\">\u2013 N\u00e4iss\u00e4 on menty ihan s\u00e4\u00e4nt\u00f6jen mukaan. Heill\u00e4 on mahdollisuus valittaa, ja varmasti he valittavatkin. Siit\u00e4 prosessi etenee normaalisti.<\/p>\n<p class=\"aw-1gybjub aw-1p7kakr cmIuaG fmSRng yle__article__paragraph\">JyPKill\u00e4 on j\u00e4ljell\u00e4 kolme ottelua liigakarsintasarjassa ja joukkue on viimeist\u00e4 edellisen\u00e4. Mik\u00e4li JyPKin valitus ei mene l\u00e4pi ja Palloliiton p\u00e4\u00e4t\u00f6s j\u00e4\u00e4 voimaan, niin JyPKin putoaminen on varmaa. Karsintalohkon p\u00e4\u00e4t\u00f6skierros pelataan 18. lokakuuta.<\/p>\n<p class=\"aw-1gybjub aw-1p7kakr cmIuaG fmSRng yle__article__paragraph\"><a class=\"aw-iao6s4 iHOxEa yle__article__link\" href=\"https:\/\/yle.fi\/aihe\/tekstitv?P=248#3\" role=\"link\" rel=\"nofollow noopener\" target=\"_blank\">Sarjataulukko<\/a><\/p>\n","protected":false},"excerpt":{"rendered":"Juttu tiivistettyn\u00e4 Jyv\u00e4skyl\u00e4n Pallokerho kritisoi Palloliiton p\u00e4\u00e4t\u00f6ksi\u00e4, jotka ovat vieneet seuran putoamisuhan alle. JyPK:n voitto EBK:sta muutettiin 0\u20133-tappioksi,&hellip;\n","protected":false},"author":2,"featured_media":48038,"comment_status":"","ping_status":"","sticky":false,"template":"","format":"standard","meta":{"footnotes":""},"categories":[158],"tags":[33,31,30,43,6516,3300,8551,159,12143,32,160],"class_list":{"0":"post-50051","1":"post","2":"type-post","3":"status-publish","4":"format-standard","5":"has-post-thumbnail","7":"category-urheilu","8":"tag-fi","9":"tag-finland","10":"tag-finnish","11":"tag-jalkapallo","12":"tag-kansallinen-liiga","13":"tag-kotimaan-jalkapallo","14":"tag-naisten-jalkapallo","15":"tag-sports","16":"tag-suomen-palloliitto","17":"tag-suomi","18":"tag-urheilu"},"share_on_mastodon":{"url":"","error":""},"_links":{"self":[{"href":"https:\/\/www.europesays.com\/fi\/wp-json\/wp\/v2\/posts\/50051","targetHints":{"allow":["GET"]}}],"collection":[{"href":"https:\/\/www.europesays.com\/fi\/wp-json\/wp\/v2\/posts"}],"about":[{"href":"https:\/\/www.europesays.com\/fi\/wp-json\/wp\/v2\/types\/post"}],"author":[{"embeddable":true,"href":"https:\/\/www.europesays.com\/fi\/wp-json\/wp\/v2\/users\/2"}],"replies":[{"embeddable":true,"href":"https:\/\/www.europesays.com\/fi\/wp-json\/wp\/v2\/comments?post=50051"}],"version-history":[{"count":0,"href":"https:\/\/www.europesays.com\/fi\/wp-json\/wp\/v2\/posts\/50051\/revisions"}],"wp:featuredmedia":[{"embeddable":true,"href":"https:\/\/www.europesays.com\/fi\/wp-json\/wp\/v2\/media\/48038"}],"wp:attachment":[{"href":"https:\/\/www.europesays.com\/fi\/wp-json\/wp\/v2\/media?parent=50051"}],"wp:term":[{"taxonomy":"category","embeddable":true,"href":"https:\/\/www.europesays.com\/fi\/wp-json\/wp\/v2\/categories?post=50051"},{"taxonomy":"post_tag","embeddable":true,"href":"https:\/\/www.europesays.com\/fi\/wp-json\/wp\/v2\/tags?post=50051"}],"curies":[{"name":"wp","href":"https:\/\/api.w.org\/{rel}","templated":true}]}}