{"id":50056,"date":"2025-10-01T00:53:08","date_gmt":"2025-10-01T00:53:08","guid":{"rendered":"https:\/\/www.europesays.com\/fi\/50056\/"},"modified":"2025-10-01T00:53:08","modified_gmt":"2025-10-01T00:53:08","slug":"kongon-ex-presidentti-joseph-kabila-tuomittiin-kuolemaan-uutisia-lyhyesti","status":"publish","type":"post","link":"https:\/\/www.europesays.com\/fi\/50056\/","title":{"rendered":"Kongon ex-presidentti Joseph Kabila tuomittiin kuolemaan | Uutisia lyhyesti"},"content":{"rendered":"<p class=\"aw-1gybjub aw-1p7kakr cmIuaG fmSRng yle__article__paragraph\">Kongon demokraattisen tasavallan entinen presidentti <strong class=\"aw-ak79eh KyCXm yle__article__strong\">Joseph Kabila<\/strong> tuomittiin tiistaina Kongossa sotilastuomioistuimessa poissaolevana kuolemaan maanpetoksesta. Kabila, 54, tuomittiin juonittelusta presidentti <strong class=\"aw-ak79eh KyCXm yle__article__strong\">F\u00e9lix Tshisekedin<\/strong> syrj\u00e4ytt\u00e4miseksi sek\u00e4 yhteyksist\u00e4 v\u00e4kivaltaiseen M23-sissiryhm\u00e4\u00e4n.<\/p>\n<p class=\"aw-1gybjub aw-1p7kakr cmIuaG fmSRng yle__article__paragraph\">M23 on vallannut alueita Kongon it\u00e4osasta yhteisty\u00f6ss\u00e4 ruandalaississien kanssa.<\/p>\n<p class=\"aw-1gybjub aw-1p7kakr cmIuaG fmSRng yle__article__paragraph\">Kabila l\u00e4hti Kongosta vuonna 2023, ja h\u00e4nen ep\u00e4ill\u00e4\u00e4n nykyisin oleskelevan Ruandassa.<\/p>\n<p class=\"aw-1gybjub aw-1p7kakr cmIuaG fmSRng yle__article__paragraph\">Kongo palautti kuolemanrangaistuksen viime vuonna, mutta yht\u00e4\u00e4n teloitusta ei ole viel\u00e4 pantu toimeen.<\/p>\n<p class=\"aw-1gybjub aw-1p7kakr cmIuaG fmSRng yle__article__paragraph\">Kabila hallitsi Kongoa vuosina 2001\u20132019 noustuaan valtaan is\u00e4ns\u00e4 Laurent-D\u00e9sir\u00e9 Kabilan salamurhan j\u00e4lkeen.<\/p>\n","protected":false},"excerpt":{"rendered":"Kongon demokraattisen tasavallan entinen presidentti Joseph Kabila tuomittiin tiistaina Kongossa sotilastuomioistuimessa poissaolevana kuolemaan maanpetoksesta. Kabila, 54, tuomittiin juonittelusta&hellip;\n","protected":false},"author":2,"featured_media":74,"comment_status":"","ping_status":"","sticky":false,"template":"","format":"standard","meta":{"footnotes":""},"categories":[14],"tags":[8630,22,23,26,27,33,31,30,17,8169,5022,24,25,12441,28,29,15,18,21,637,32,19,20,56,16,59,60,61],"class_list":{"0":"post-50056","1":"post","2":"type-post","3":"status-publish","4":"format-standard","5":"has-post-thumbnail","7":"category-ulkomaat","8":"tag-afrikka","9":"tag-breaking-news","10":"tag-breakingnews","11":"tag-featured-news","12":"tag-featurednews","13":"tag-fi","14":"tag-finland","15":"tag-finnish","16":"tag-headlines","17":"tag-kongon-demokraattinen-tasavalta","18":"tag-kuolemanrangaistus","19":"tag-latest-news","20":"tag-latestnews","21":"tag-laurent-desire-kabila","22":"tag-main-news","23":"tag-mainnews","24":"tag-news","25":"tag-otsikot","26":"tag-paauutiset","27":"tag-politiikka","28":"tag-suomi","29":"tag-top-stories","30":"tag-topstories","31":"tag-ulkomaat","32":"tag-uutiset","33":"tag-world","34":"tag-world-news","35":"tag-worldnews"},"share_on_mastodon":{"url":"","error":""},"_links":{"self":[{"href":"https:\/\/www.europesays.com\/fi\/wp-json\/wp\/v2\/posts\/50056","targetHints":{"allow":["GET"]}}],"collection":[{"href":"https:\/\/www.europesays.com\/fi\/wp-json\/wp\/v2\/posts"}],"about":[{"href":"https:\/\/www.europesays.com\/fi\/wp-json\/wp\/v2\/types\/post"}],"author":[{"embeddable":true,"href":"https:\/\/www.europesays.com\/fi\/wp-json\/wp\/v2\/users\/2"}],"replies":[{"embeddable":true,"href":"https:\/\/www.europesays.com\/fi\/wp-json\/wp\/v2\/comments?post=50056"}],"version-history":[{"count":0,"href":"https:\/\/www.europesays.com\/fi\/wp-json\/wp\/v2\/posts\/50056\/revisions"}],"wp:featuredmedia":[{"embeddable":true,"href":"https:\/\/www.europesays.com\/fi\/wp-json\/wp\/v2\/media\/74"}],"wp:attachment":[{"href":"https:\/\/www.europesays.com\/fi\/wp-json\/wp\/v2\/media?parent=50056"}],"wp:term":[{"taxonomy":"category","embeddable":true,"href":"https:\/\/www.europesays.com\/fi\/wp-json\/wp\/v2\/categories?post=50056"},{"taxonomy":"post_tag","embeddable":true,"href":"https:\/\/www.europesays.com\/fi\/wp-json\/wp\/v2\/tags?post=50056"}],"curies":[{"name":"wp","href":"https:\/\/api.w.org\/{rel}","templated":true}]}}