{"id":50059,"date":"2025-10-01T00:55:07","date_gmt":"2025-10-01T00:55:07","guid":{"rendered":"https:\/\/www.europesays.com\/fi\/50059\/"},"modified":"2025-10-01T00:55:07","modified_gmt":"2025-10-01T00:55:07","slug":"suomi-jaahtyi-nopeasti-kohta-tilanne-muuttuu","status":"publish","type":"post","link":"https:\/\/www.europesays.com\/fi\/50059\/","title":{"rendered":"Suomi j\u00e4\u00e4htyi nopeasti \u2013 kohta tilanne muuttuu"},"content":{"rendered":"<p>Kuluvan syksyn toistaiseksi kylmin lukema mitattiin tiistaina Lappeenrannassa.<\/p>\n<p>30.9. 23:53<\/p>\n<p class=\"article-body mb-nof-24 px-nof-16\">Suomi on j\u00e4\u00e4htynyt kovaa tahtia heikon tuulen ja selke\u00e4n s\u00e4\u00e4n vallitessa. Viikonloppuna tilanne kuitenkin muuttuu, kun korkeapaine vet\u00e4ytyy Ven\u00e4j\u00e4n ylle ja virtaus k\u00e4\u00e4ntyy etel\u00e4\u00e4n.<\/p>\n<p class=\"article-body mb-nof-24 px-nof-16\">Y\u00f6pakkaset ovat saavuttaneet etel\u00e4isenkin Suomen. Heikko tuuli, pilvet\u00f6n taivas ja kylm\u00e4 ilmamassa antavat hyv\u00e4t olosuhteet s\u00e4\u00e4n kylmenemiselle etenkin alavilla alueilla, kerrotaan <a class=\"article-genericlink\" href=\"https:\/\/www.foreca.fi\/meteorologilta\/j3lgesu0\" rel=\"nofollow noopener\" target=\"_blank\">Forecan<\/a> s\u00e4\u00e4blogissa.<\/p>\n<p class=\"article-body mb-nof-24 px-nof-16\">Kuluvan syyskauden t\u00e4h\u00e4n asti kylmin lukema mitattiin tiistain vastaisena y\u00f6n\u00e4 Lappeenrannassa Konnunsuolla, jossa l\u00e4mp\u00f6tila laski \u20135,4 asteeseen.<\/p>\n<p class=\"article-body mb-nof-24 px-nof-16\">Kylmi\u00e4 y\u00f6t jatkuvat viel\u00e4 tulevina p\u00e4ivin\u00e4. Pilvisyyden takia alueellinen l\u00e4mp\u00f6vaihtelu voi kuitenkin olla suurta \u2013 yhdess\u00e4 paikassa l\u00e4mp\u00f6tila voi olla selv\u00e4sti plussalla, mutta parin kilometrin p\u00e4\u00e4ss\u00e4 pakkasen puolella.<\/p>\n<p class=\"article-body mb-nof-24 px-nof-16\">My\u00f6s tienpinnat ovat kylmi\u00e4, ja kuuraa voi esiinty\u00e4 etenkin vesist\u00f6jen l\u00e4hell\u00e4 maan etel\u00e4- ja keskiosassa. Perjantaihin saakka l\u00e4mp\u00f6tilat pysyv\u00e4t 7\u201312 asteessa, ja yli 10 asteen p\u00e4\u00e4st\u00e4\u00e4n vain paikoin. \u00d6isin l\u00e4mp\u00f6tila vaihtelee noin \u20135 ja 5 asteen v\u00e4lill\u00e4.<\/p>\n<p class=\"article-body mb-nof-24 px-nof-16\">Kuluneella viikolla Suomessa on vallinnut hieman kahtiajakoinen tilanne, sill\u00e4 maan etel\u00e4- ja keskiosassa viikko on 1\u20132 astetta tavanomaista viile\u00e4mpi, mutta Lapissa 1\u20133 astetta tavanomaista l\u00e4mpim\u00e4mpi.<\/p>\n<p class=\"article-body mb-nof-24 px-nof-16\">Forecan meteorologi <a class=\"article-personlink\" href=\"https:\/\/www.is.fi\/haku\/?query=Joanna%20Rinteen\" rel=\"nofollow noopener\" target=\"_blank\">Joanna Rinteen<\/a> ja <a class=\"article-personlink\" href=\"https:\/\/www.is.fi\/haku\/?query=Joonas%20Koskela\" rel=\"nofollow noopener\" target=\"_blank\">Joonas Koskela <\/a>p\u00e4ivittelev\u00e4t S\u00e4\u00e4n takaa -ohjelmassa, ett\u00e4 Suomen yll\u00e4 pysytellyt korkeapaine on vienyt ty\u00f6p\u00e4ivist\u00e4 oman j\u00e4nnityksens\u00e4.<\/p>\n<p class=\"article-body mb-nof-24 px-nof-16\">\u2013 On ollut kyll\u00e4 pikkasen tyls\u00e4\u00e4. Ihan vaan sen takia, ett\u00e4 s\u00e4\u00e4 on p\u00e4iv\u00e4st\u00e4 toiseen aivan samanlaista. Y\u00f6t on kylmi\u00e4 ja p\u00e4iv\u00e4t jonkun verran viileit\u00e4, Rinne toteaa kollegalleen.<\/p>\n<p class=\"article-body mb-nof-24 px-nof-16\">Viikonloppuna kuitenkin alkaa tapahtua, kun korkeapaine vet\u00e4ytyy Ven\u00e4j\u00e4n ylle ja ilmavirtaus k\u00e4\u00e4ntyy etel\u00e4n puolelle. Suomeen on silloin tiedossa lauhempaa ilmaa, mutta my\u00f6s pilvi\u00e4 ja paikallisia, hajanaisia sateita.<\/p>\n<p class=\"article-body mb-nof-24 px-nof-16\">P\u00e4iv\u00e4l\u00e4mp\u00f6tilat eiv\u00e4t juuri nouse, mutta \u00f6isin pysyt\u00e4\u00e4n enimm\u00e4kseen plussan puolella.<\/p>\n<p class=\"article-body mb-nof-24 px-nof-16\">Ensi viikon alkupuoli n\u00e4ytt\u00e4\u00e4 jatkuvan viikonlopun kaltaisena: pilvisyys on runsaampaa ja hajanaisia sateita liikkuu p\u00e4ivitt\u00e4in maan yli.<\/p>\n<p class=\"article-body mb-nof-24 px-nof-16\">Foreca kertoi <a class=\"article-genericlink\" href=\"https:\/\/www.foreca.fi\/meteorologilta\/srwtk6vo\" rel=\"nofollow noopener\" target=\"_blank\">aiemmin<\/a> kuukausiennusteessaan, ett\u00e4 heikentyneen Humberto-hurrikaanin rippeet liikkuvat viikon lopulla Britteinsaarten ja Islannin v\u00e4list\u00e4 myrskymatalapaineeksi heikentyneen\u00e4. Suomeen ex-Humberton liikkeet vaikuttavat sill\u00e4 tavalla, ett\u00e4 siihen liittyv\u00e4t sateet saattavat kulkeutua Suomeen viikonloppuna.<\/p>\n<p class=\"article-body mb-nof-24 px-nof-16\">Forecan kuukausiennusteen perusteella lokakuun s\u00e4\u00e4 n\u00e4ytt\u00e4\u00e4 poukkoilevasti syyssateita ja poutakelej\u00e4. Kuukausiennusteen mukaan tulevat viikot ovat Suomessa keskil\u00e4mp\u00f6tilaltaan useammin tavanomaista l\u00e4mpim\u00e4mpi\u00e4 kuin viile\u00e4mpi\u00e4.<\/p>\n","protected":false},"excerpt":{"rendered":"Kuluvan syksyn toistaiseksi kylmin lukema mitattiin tiistaina Lappeenrannassa. 30.9. 23:53 Suomi on j\u00e4\u00e4htynyt kovaa tahtia heikon tuulen ja&hellip;\n","protected":false},"author":2,"featured_media":50060,"comment_status":"","ping_status":"","sticky":false,"template":"","format":"standard","meta":{"footnotes":""},"categories":[5],"tags":[22,23,26,27,33,31,30,17,34,24,25,28,29,15,18,21,32,19,20,16],"class_list":{"0":"post-50059","1":"post","2":"type-post","3":"status-publish","4":"format-standard","5":"has-post-thumbnail","7":"category-otsikot","8":"tag-breaking-news","9":"tag-breakingnews","10":"tag-featured-news","11":"tag-featurednews","12":"tag-fi","13":"tag-finland","14":"tag-finnish","15":"tag-headlines","16":"tag-ilta-sanomat","17":"tag-latest-news","18":"tag-latestnews","19":"tag-main-news","20":"tag-mainnews","21":"tag-news","22":"tag-otsikot","23":"tag-paauutiset","24":"tag-suomi","25":"tag-top-stories","26":"tag-topstories","27":"tag-uutiset"},"share_on_mastodon":{"url":"","error":""},"_links":{"self":[{"href":"https:\/\/www.europesays.com\/fi\/wp-json\/wp\/v2\/posts\/50059","targetHints":{"allow":["GET"]}}],"collection":[{"href":"https:\/\/www.europesays.com\/fi\/wp-json\/wp\/v2\/posts"}],"about":[{"href":"https:\/\/www.europesays.com\/fi\/wp-json\/wp\/v2\/types\/post"}],"author":[{"embeddable":true,"href":"https:\/\/www.europesays.com\/fi\/wp-json\/wp\/v2\/users\/2"}],"replies":[{"embeddable":true,"href":"https:\/\/www.europesays.com\/fi\/wp-json\/wp\/v2\/comments?post=50059"}],"version-history":[{"count":0,"href":"https:\/\/www.europesays.com\/fi\/wp-json\/wp\/v2\/posts\/50059\/revisions"}],"wp:featuredmedia":[{"embeddable":true,"href":"https:\/\/www.europesays.com\/fi\/wp-json\/wp\/v2\/media\/50060"}],"wp:attachment":[{"href":"https:\/\/www.europesays.com\/fi\/wp-json\/wp\/v2\/media?parent=50059"}],"wp:term":[{"taxonomy":"category","embeddable":true,"href":"https:\/\/www.europesays.com\/fi\/wp-json\/wp\/v2\/categories?post=50059"},{"taxonomy":"post_tag","embeddable":true,"href":"https:\/\/www.europesays.com\/fi\/wp-json\/wp\/v2\/tags?post=50059"}],"curies":[{"name":"wp","href":"https:\/\/api.w.org\/{rel}","templated":true}]}}