{"id":50078,"date":"2025-10-01T01:44:07","date_gmt":"2025-10-01T01:44:07","guid":{"rendered":"https:\/\/www.europesays.com\/fi\/50078\/"},"modified":"2025-10-01T01:44:07","modified_gmt":"2025-10-01T01:44:07","slug":"porssisahkon-hinta-vaihtelee-jatkossa-vartin-valein-uutisia-lyhyesti","status":"publish","type":"post","link":"https:\/\/www.europesays.com\/fi\/50078\/","title":{"rendered":"P\u00f6rssis\u00e4hk\u00f6n hinta vaihtelee jatkossa vartin v\u00e4lein | Uutisia lyhyesti"},"content":{"rendered":"<p class=\"aw-1gybjub aw-1p7kakr cmIuaG fmSRng yle__article__paragraph\">P\u00f6rssis\u00e4hk\u00f6n varttihinnoittelu alkaa t\u00e4n\u00e4\u00e4n. Se merkitsee, ett\u00e4 p\u00f6rssis\u00e4hk\u00f6n hinta m\u00e4\u00e4ritell\u00e4\u00e4n jatkossa viidentoista minuutin v\u00e4lein eik\u00e4 kerran tunnissa.<\/p>\n<p class=\"aw-1gybjub aw-1p7kakr cmIuaG fmSRng yle__article__paragraph\">Muutoksella on tarkoitus lis\u00e4t\u00e4 markkinoiden tehokkuutta ja s\u00e4hk\u00f6n hinnoittelun joustavuutta sek\u00e4 auttaa s\u00e4hk\u00f6j\u00e4rjestelm\u00e4\u00e4 sopeutumaan tuotannon ja kulutuksen vaihteluihin.<\/p>\n<p class=\"aw-1gybjub aw-1p7kakr cmIuaG fmSRng yle__article__paragraph\">Samaan hinnoittelumalliin siirryt\u00e4\u00e4n samalla muuallakin Euroopassa.<\/p>\n","protected":false},"excerpt":{"rendered":"P\u00f6rssis\u00e4hk\u00f6n varttihinnoittelu alkaa t\u00e4n\u00e4\u00e4n. Se merkitsee, ett\u00e4 p\u00f6rssis\u00e4hk\u00f6n hinta m\u00e4\u00e4ritell\u00e4\u00e4n jatkossa viidentoista minuutin v\u00e4lein eik\u00e4 kerran tunnissa. Muutoksella&hellip;\n","protected":false},"author":2,"featured_media":74,"comment_status":"","ping_status":"","sticky":false,"template":"","format":"standard","meta":{"footnotes":""},"categories":[76],"tags":[79,77,2038,33,31,30,71,32,78],"class_list":{"0":"post-50078","1":"post","2":"type-post","3":"status-publish","4":"format-standard","5":"has-post-thumbnail","7":"category-talous","8":"tag-business","9":"tag-economy","10":"tag-energia","11":"tag-fi","12":"tag-finland","13":"tag-finnish","14":"tag-kotimaa","15":"tag-suomi","16":"tag-talous"},"share_on_mastodon":{"url":"","error":""},"_links":{"self":[{"href":"https:\/\/www.europesays.com\/fi\/wp-json\/wp\/v2\/posts\/50078","targetHints":{"allow":["GET"]}}],"collection":[{"href":"https:\/\/www.europesays.com\/fi\/wp-json\/wp\/v2\/posts"}],"about":[{"href":"https:\/\/www.europesays.com\/fi\/wp-json\/wp\/v2\/types\/post"}],"author":[{"embeddable":true,"href":"https:\/\/www.europesays.com\/fi\/wp-json\/wp\/v2\/users\/2"}],"replies":[{"embeddable":true,"href":"https:\/\/www.europesays.com\/fi\/wp-json\/wp\/v2\/comments?post=50078"}],"version-history":[{"count":0,"href":"https:\/\/www.europesays.com\/fi\/wp-json\/wp\/v2\/posts\/50078\/revisions"}],"wp:featuredmedia":[{"embeddable":true,"href":"https:\/\/www.europesays.com\/fi\/wp-json\/wp\/v2\/media\/74"}],"wp:attachment":[{"href":"https:\/\/www.europesays.com\/fi\/wp-json\/wp\/v2\/media?parent=50078"}],"wp:term":[{"taxonomy":"category","embeddable":true,"href":"https:\/\/www.europesays.com\/fi\/wp-json\/wp\/v2\/categories?post=50078"},{"taxonomy":"post_tag","embeddable":true,"href":"https:\/\/www.europesays.com\/fi\/wp-json\/wp\/v2\/tags?post=50078"}],"curies":[{"name":"wp","href":"https:\/\/api.w.org\/{rel}","templated":true}]}}