{"id":50092,"date":"2025-10-01T02:11:08","date_gmt":"2025-10-01T02:11:08","guid":{"rendered":"https:\/\/www.europesays.com\/fi\/50092\/"},"modified":"2025-10-01T02:11:08","modified_gmt":"2025-10-01T02:11:08","slug":"yhdysvaltain-liittovaltion-hallinnon-sulku-lahes-varma-trumpilta-hurja-uhkaus","status":"publish","type":"post","link":"https:\/\/www.europesays.com\/fi\/50092\/","title":{"rendered":"Yhdysvaltain liittovaltion hallinnon sulku l\u00e4hes varma \u2013 Trumpilta hurja uhkaus"},"content":{"rendered":"<p>Liittovaltion hallinnon sulku on alkamassa aamuseitsem\u00e4lt\u00e4 Suomen aikaa.<\/p>\n<p class=\"article-body mb-nof-24 px-nof-16\">Yhdysvaltain liittovaltion hallinnon sulku n\u00e4ytt\u00e4\u00e4 yh\u00e4 todenn\u00e4k\u00f6isemm\u00e4lt\u00e4, sill\u00e4 maan senaatin demokraatit ja republikaanit eiv\u00e4t ole p\u00e4\u00e4sseet budjettisopuun.<\/p>\n<p class=\"article-body mb-nof-24 px-nof-16\">Hallinnonalojen m\u00e4\u00e4r\u00e4rahoista tulisi p\u00e4\u00e4st\u00e4 sopuun uuden kirjanpitovuoden alkaessa eli lokakuun 1. p\u00e4iv\u00e4. Liittovaltion hallinnon sulku alkaisi siis keskiy\u00f6ll\u00e4 Washingtonin aikaa eli keskiviikkona kello seitsem\u00e4lt\u00e4 Suomen aikaa.<\/p>\n<p class=\"article-body mb-nof-24 px-nof-16\">Sulku pakottaisi liittovaltion rahoittamaan vain kriittisi\u00e4 toimintojaan, kuten lainvalvontaa, sosiaaliturva- ja sairausvakuutusmaksuja sek\u00e4 tulli- ja rajavartiolaitoksen toimintaa. Monet toiminnot jouduttaisiin sulkemaan, ja useiden liittovaltion ty\u00f6ntekij\u00f6iden palkanmaksu lakkaisi.<\/p>\n<p class=\"article-body mb-nof-24 px-nof-16\">Budjettisopua ei n\u00e4y, sill\u00e4 senaatti k\u00e4vi Suomen aikaa keskiviikon vastaisena y\u00f6n\u00e4 kaksi \u00e4\u00e4nestyskierrosta, joista kummassakaan budjettia ei hyv\u00e4ksytty.<\/p>\n<p class=\"article-body mb-nof-24 px-nof-16\">Senaatti on p\u00e4\u00e4tt\u00e4nyt tiistai-iltaisen istuntonsa, mik\u00e4 k\u00e4yt\u00e4nn\u00f6ss\u00e4 varmistaa liittovaltion hallituksen sulun. Senaatti jatkaa kokoustamista keskiviikkona.<\/p>\n<p class=\"article-body mb-nof-24 px-nof-16\">Uutistoimisto Reutersin mukaan Yhdysvaltain presidentti <a class=\"article-personlink\" href=\"https:\/\/www.is.fi\/haku\/?query=Donald%20Trump\" rel=\"nofollow noopener\" target=\"_blank\">Donald Trump<\/a> uhkasi aiemmin demokraatteja \u201dperuuttamattomilla\u201d toimilla, jos sulku toteutuu.<\/p>\n<p class=\"article-body mb-nof-24 px-nof-16\">\u2013\u2009Voimme tehd\u00e4 sulun aikana asioita, jotka ovat peruuttamattomia. Ne ovat heille (demokraateille) huonoja ja peruuttamattomia. Esimerkiksi suuren ihmism\u00e4\u00e4r\u00e4n erottaminen, heid\u00e4n pit\u00e4mist\u00e4\u00e4n asioista leikkaaminen, heid\u00e4n pit\u00e4mist\u00e4\u00e4n toimintaohjelmista leikkaaminen, Trump luetteli toimittajille Valkoisessa talossa.<\/p>\n<p><img decoding=\"async\" src=\"https:\/\/www.europesays.com\/fi\/wp-content\/uploads\/2025\/10\/1759284668_658_468.jpg\" alt=\"Yhdysvaltain senaatti kokousti Capitolilla tiistaina.\" class=\"_Img_tdqg8_1\" style=\"aspect-ratio:1.5011727912431587\" loading=\"eager\"\/><\/p>\n<p class=\"article-picture-caption\">Yhdysvaltain senaatti kokousti Capitolilla tiistaina. Kuva:\u00a0Kent Nishimura \/ Lehtikuva<\/p>\n<p class=\"article-body mb-nof-24 px-nof-16\">Budjettilakien hyv\u00e4ksymiseen tarvitaan satapaikkaisessa senaatissa 60 senaattorin tuki. Republikaaneilla on 53 senaattorin enemmist\u00f6.<\/p>\n<p class=\"article-body mb-nof-24 px-nof-16\">Demokraatit \u00e4\u00e4nestiv\u00e4t republikaanien esityksen kumoon \u00e4\u00e4nin 55\u201345. Esityksess\u00e4 valtion rahoitusp\u00e4\u00e4t\u00f6ksi\u00e4 olisi jatkettu marraskuun 21. p\u00e4iv\u00e4\u00e4n asti, <a class=\"article-genericlink\" href=\"https:\/\/www.nytimes.com\/2025\/09\/30\/us\/politics\/government-shutdown-deadlock.html?smid=url-share\" rel=\"nofollow noopener\" target=\"_blank\">The New York Times<\/a> kirjoittaa.<\/p>\n<p class=\"article-body mb-nof-24 px-nof-16\">\u00c4\u00e4nestystulos \u201dk\u00e4yt\u00e4nn\u00f6ss\u00e4 varmisti\u201d liittovaltion hallinnon sulun, uutistoimisto Reuters kuvailee.<\/p>\n<p class=\"article-body mb-nof-24 px-nof-16\">Republikaanit puolestaan \u00e4\u00e4nestiv\u00e4t kumoon demokraattien esityksen rahoitusp\u00e4\u00e4t\u00f6sten jatkamisesta lokakuun loppuun. Esityksess\u00e4 olisi my\u00f6s lis\u00e4tty terveydenhuollon rahoitusta.<\/p>\n<p class=\"article-body mb-nof-24 px-nof-16\">Republikaanisenaattori <a class=\"article-personlink\" href=\"https:\/\/www.is.fi\/haku\/?query=John%20Thune\" rel=\"nofollow noopener\" target=\"_blank\">John Thune<\/a> kommentoi <a class=\"article-genericlink\" href=\"https:\/\/www.nytimes.com\/live\/2025\/09\/30\/us\/trump-government-shutdown-hegseth\/a19ae8d9-d077-5ec1-9dd0-f432288539dc?smid=url-share\" rel=\"nofollow noopener\" target=\"_blank\">NYT:lle<\/a>, ett\u00e4 k\u00e4ynniss\u00e4 on \u201djoitain keskusteluja\u201d sellaisten demokraattien kanssa, jotka ovat \u201dhyvin tyytym\u00e4tt\u00f6mi\u00e4 tilanteeseen, jossa ovat\u201d.<\/p>\n<p class=\"article-body mb-nof-24 px-nof-16\">Demokraattiryhm\u00e4n johtaja <a class=\"article-personlink\" href=\"https:\/\/www.is.fi\/haku\/?query=Chuck%20Schumer\" rel=\"nofollow noopener\" target=\"_blank\">Chuck Schumer<\/a> kommentoi puoli nelj\u00e4lt\u00e4 aamuy\u00f6ll\u00e4 Suomen aikaa, ett\u00e4 demokraatit ovat valmiita neuvottelemaan ratkaisuista, jotka ovat \u201dpuoluerajat ylitt\u00e4vi\u00e4\u201d.<\/p>\n<p class=\"article-body mb-nof-24 px-nof-16\">Liittovaltion hallinnon sulkemisesta keskustellaan Yhdysvalloissa l\u00e4hes joka syksy. Sulku on tapahtunut viimeksi vuonna 2019.<\/p>\n","protected":false},"excerpt":{"rendered":"Liittovaltion hallinnon sulku on alkamassa aamuseitsem\u00e4lt\u00e4 Suomen aikaa. Yhdysvaltain liittovaltion hallinnon sulku n\u00e4ytt\u00e4\u00e4 yh\u00e4 todenn\u00e4k\u00f6isemm\u00e4lt\u00e4, sill\u00e4 maan senaatin&hellip;\n","protected":false},"author":2,"featured_media":50093,"comment_status":"","ping_status":"","sticky":false,"template":"","format":"standard","meta":{"footnotes":""},"categories":[14],"tags":[22,23,26,27,33,31,30,17,34,24,25,28,29,15,18,21,32,19,20,56,16,59,60,61],"class_list":{"0":"post-50092","1":"post","2":"type-post","3":"status-publish","4":"format-standard","5":"has-post-thumbnail","7":"category-ulkomaat","8":"tag-breaking-news","9":"tag-breakingnews","10":"tag-featured-news","11":"tag-featurednews","12":"tag-fi","13":"tag-finland","14":"tag-finnish","15":"tag-headlines","16":"tag-ilta-sanomat","17":"tag-latest-news","18":"tag-latestnews","19":"tag-main-news","20":"tag-mainnews","21":"tag-news","22":"tag-otsikot","23":"tag-paauutiset","24":"tag-suomi","25":"tag-top-stories","26":"tag-topstories","27":"tag-ulkomaat","28":"tag-uutiset","29":"tag-world","30":"tag-world-news","31":"tag-worldnews"},"share_on_mastodon":{"url":"","error":""},"_links":{"self":[{"href":"https:\/\/www.europesays.com\/fi\/wp-json\/wp\/v2\/posts\/50092","targetHints":{"allow":["GET"]}}],"collection":[{"href":"https:\/\/www.europesays.com\/fi\/wp-json\/wp\/v2\/posts"}],"about":[{"href":"https:\/\/www.europesays.com\/fi\/wp-json\/wp\/v2\/types\/post"}],"author":[{"embeddable":true,"href":"https:\/\/www.europesays.com\/fi\/wp-json\/wp\/v2\/users\/2"}],"replies":[{"embeddable":true,"href":"https:\/\/www.europesays.com\/fi\/wp-json\/wp\/v2\/comments?post=50092"}],"version-history":[{"count":0,"href":"https:\/\/www.europesays.com\/fi\/wp-json\/wp\/v2\/posts\/50092\/revisions"}],"wp:featuredmedia":[{"embeddable":true,"href":"https:\/\/www.europesays.com\/fi\/wp-json\/wp\/v2\/media\/50093"}],"wp:attachment":[{"href":"https:\/\/www.europesays.com\/fi\/wp-json\/wp\/v2\/media?parent=50092"}],"wp:term":[{"taxonomy":"category","embeddable":true,"href":"https:\/\/www.europesays.com\/fi\/wp-json\/wp\/v2\/categories?post=50092"},{"taxonomy":"post_tag","embeddable":true,"href":"https:\/\/www.europesays.com\/fi\/wp-json\/wp\/v2\/tags?post=50092"}],"curies":[{"name":"wp","href":"https:\/\/api.w.org\/{rel}","templated":true}]}}