{"id":50200,"date":"2025-10-01T04:48:09","date_gmt":"2025-10-01T04:48:09","guid":{"rendered":"https:\/\/www.europesays.com\/fi\/50200\/"},"modified":"2025-10-01T04:48:09","modified_gmt":"2025-10-01T04:48:09","slug":"nyt-puhuu-iranilainen-bahar-elina-valtosen-saarien-sensuroinnista-kiitos-kuuluu-ulkoministerille","status":"publish","type":"post","link":"https:\/\/www.europesays.com\/fi\/50200\/","title":{"rendered":"Nyt puhuu iranilainen Bahar Elina Valtosen s\u00e4\u00e4rien sensuroinnista \u2013 \u201dKiitos kuuluu ulkoministerille\u201d"},"content":{"rendered":"<p>Suomessa asuvan Bahar Mozaffarin mukaan tapaus symboloi laajempaa yhteiskunnallista ongelmaa.<\/p>\n<p class=\"article-body mb-nof-24 px-nof-16\">Iranissa syntynyt <a class=\"article-personlink\" href=\"https:\/\/www.is.fi\/haku\/?query=Bahar%20Mozaffari\" rel=\"nofollow noopener\" target=\"_blank\">Bahar Mozaffari<\/a> tunsi sek\u00e4 surua ett\u00e4 voimaa n\u00e4hdess\u00e4\u00e4n, kuinka ulkoministeri <a class=\"article-personlink\" href=\"https:\/\/www.is.fi\/haku\/?query=Elina%20Valtosen\" rel=\"nofollow noopener\" target=\"_blank\">Elina Valtosen<\/a> (kok) s\u00e4\u00e4ret sumennettiin uutisl\u00e4hetyksess\u00e4 Iranissa.<\/p>\n<p class=\"article-body mb-nof-24 px-nof-16\">Mozaffari tuli Suomeen vuonna 2006 kiinti\u00f6pakolaisena. H\u00e4n on tehnyt t\u00f6it\u00e4 Suomessa virkamiehen\u00e4 jo yli 16 vuoden ajan. Lis\u00e4ksi h\u00e4n toimii Women\u2019s International League for Peace and Freedom (WILPF) -j\u00e4rjest\u00f6ss\u00e4. Mozaffari valittiin Vuoden pakolaisnaiseksi vuonna 2017.<\/p>\n<p class=\"article-body mb-nof-24 px-nof-16\">\u2013 Jouduin pakolaiseksi, koska taistelin naisten ja tytt\u00f6jen oikeuksien puolesta. Tied\u00e4n mit\u00e4 merkitsee, kun nainen halutaan tehd\u00e4 n\u00e4kym\u00e4tt\u00f6m\u00e4ksi. Se voidaan tehd\u00e4 esimerkiksi hiusten, kasvojen tai jopa s\u00e4\u00e4rien sensuroinnin kautta \u2013 kuten ulkoministerillemme nyt tapahtui, Mozaffari sanoo.<\/p>\n<p class=\"article-body mb-nof-24 px-nof-16\">Valtosen s\u00e4\u00e4ret sumennettiin Iranin yleisradioyhti\u00f6n Iribin uutisessa, jossa kerrottiin Iranin ulkoministerin <a class=\"article-personlink\" href=\"https:\/\/www.is.fi\/haku\/?query=Abbas%20Araghchin\" rel=\"nofollow noopener\" target=\"_blank\">Abbas Araghchin<\/a> tavanneen Valtosen YK:n yleiskokouksessa New Yorkissa.<\/p>\n<p class=\"article-body mb-nof-24 px-nof-16\">Samassa uutisklipiss\u00e4 Iranin ulkoministeri tapaa my\u00f6s Ruotsin ulkoministerin <a class=\"article-personlink\" href=\"https:\/\/www.is.fi\/haku\/?query=Maria%20Malmer%20Stenergardin\" rel=\"nofollow noopener\" target=\"_blank\">Maria Malmer Stenergardin<\/a>. My\u00f6s Stenergardin s\u00e4\u00e4ret sensuroitiin.<\/p>\n<p class=\"article-body mb-nof-24 px-nof-16\">Valtosella ja Stenergardilla oli yll\u00e4\u00e4n polveen asti ulottuvat mekot.<\/p>\n<p class=\"article-body mb-nof-24 px-nof-16\">Tapaus on Mozaffarin mukaan symboli suuremmasta todellisuudesta.<\/p>\n<p class=\"article-body mb-nof-24 px-nof-16\">\u2013 On kyse vallasta, joka haluaa hiljent\u00e4\u00e4 ja pyyhki\u00e4 naiset pois julkisesta tilasta. Yritet\u00e4\u00e4n vahvistaa naisen paikan olevan koti.<\/p>\n<p><img decoding=\"async\" src=\"https:\/\/www.europesays.com\/fi\/wp-content\/uploads\/2025\/10\/1759294088_607_468.jpg\" alt=\"Ulkoministeri Elina Valtosen s\u00e4\u00e4ret sumennettiin Iranin valtiollisella televisiokanavalla.\" class=\"_Img_tdqg8_1\" style=\"aspect-ratio:1.641025641025641\" loading=\"eager\"\/><\/p>\n<p class=\"article-picture-caption\">Ulkoministeri Elina Valtosen s\u00e4\u00e4ret sumennettiin Iranin valtiollisella televisiokanavalla. Kuva:\u00a0\/ Lehtikuva<\/p>\n<p class=\"article-body mb-nof-24 px-nof-16\">Elina VAltosen sumennetut s\u00e4\u00e4ret surettivat Mozaffaria, sill\u00e4 tilanne on arkip\u00e4iv\u00e4\u00e4 Iranissa asuville naisille ja tyt\u00f6ille, kuten Mozaffarin sisarelle.<\/p>\n<p class=\"article-body mb-nof-24 px-nof-16\">\u2013 He asuvat alistettuina. Sit\u00e4 yritet\u00e4\u00e4n selitt\u00e4\u00e4 uskonnon kautta, mutta se ei pid\u00e4 paikkaansa. Ei ole kyse vain uskosta vaan vallasta.<\/p>\n<p class=\"article-body mb-nof-24 px-nof-16\">Ulkoministeri Araghchi <a class=\"article-genericlink\" href=\"https:\/\/www.is.fi\/politiikka\/art-2000011526367.html\" rel=\"nofollow noopener\" target=\"_blank\">ei k\u00e4tellyt Valtosta<\/a> tavatessaan t\u00e4m\u00e4n. Tapaamiseen osallistuneita miespuolisia avustajia Iranin edustajat kuitenkin k\u00e4tteliv\u00e4t.<\/p>\n<p class=\"article-body mb-nof-24 px-nof-16\">Mozaffarin mukaan viesti on selv\u00e4.<\/p>\n<p class=\"article-body mb-nof-24 px-nof-16\">\u2013 Mielest\u00e4ni se tarkoittaa, ettet ole naisena yht\u00e4 arvokas. Kun osa kuvasta viel\u00e4 sumentamalla poistetaan, se tarkoittaa, ettei sinua kuulu n\u00e4hd\u00e4, Mozaffari sanoo.<\/p>\n<p class=\"article-body mb-nof-24 px-nof-16\">\u2013 Kun olin Iranissa, saimme arkiel\u00e4m\u00e4ss\u00e4 t\u00e4m\u00e4n viestin joka p\u00e4iv\u00e4. T\u00e4m\u00e4 n\u00e4kyy my\u00f6s laissa Iranissa. Naisten rooli on hallinnon mielest\u00e4 selke\u00e4, heid\u00e4n mielest\u00e4\u00e4n naisen paikka on olla kotona. T\u00e4ytyy olla vaimo ja \u00e4iti, joka tottelee miest\u00e4\u00e4n ja Iranin lakia.<\/p>\n<p><img decoding=\"async\" src=\"https:\/\/www.europesays.com\/fi\/wp-content\/uploads\/2025\/10\/1759294089_963_468.jpg\" alt=\"Elina Valtonen saa Mozaffarilta kiitosta.\" class=\"_Img_tdqg8_1\" style=\"aspect-ratio:1.5\" loading=\"eager\"\/><\/p>\n<p class=\"article-picture-caption\">Elina Valtonen saa Mozaffarilta kiitosta. Kuva:\u00a0Aleksi Jalava \/ IS<\/p>\n<p class=\"article-body mb-nof-24 px-nof-16\">Toisaalta Valtosen tapaus on ollut Mozaffarin mukaan my\u00f6s voimaannuttava. Asia tuli n\u00e4kyville kansainv\u00e4lisesti, eiv\u00e4tk\u00e4 ihmiset voi ummistaa silt\u00e4 silmi\u00e4\u00e4n.<\/p>\n<p class=\"article-body mb-nof-24 px-nof-16\">Iranissa teloitetaan p\u00e4ivitt\u00e4in useita ihmisi\u00e4. <a class=\"article-genericlink\" href=\"https:\/\/www.amnesty.fi\/teloitusten-tahti-kiihtyy-iranissa-ainakin-853-ihmista-teloitettiin-viime-vuonna\/\" rel=\"nofollow noopener\" target=\"_blank\">Amnestyn mukaan<\/a> esimerkiksi vuonna 2023 Iranissa teloitettiin ainakin 853 ihmist\u00e4.<\/p>\n<p class=\"article-body mb-nof-24 px-nof-16\">Teloitettujen joukossa on Mozaffarin mukaan my\u00f6s naisia, jotka ovat uskaltaneet taistella naisten oikeuksien puolesta.<\/p>\n<p class=\"article-body mb-nof-24 px-nof-16\">\u2013 Pienet eleet, kuten se, ett\u00e4 ulkoministeri Valtonen on reagoinut asiaan, osoittavat solidaarisuutta. Se merkitsee paljon meille, jotka tied\u00e4mme omasta el\u00e4m\u00e4st\u00e4mme, mit\u00e4 sorto k\u00e4yt\u00e4nn\u00f6ss\u00e4 tarkoittaa.<\/p>\n<p class=\"article-body mb-nof-24 px-nof-16\">\u2013 Kiitos kuuluu ulkoministerille siit\u00e4, ett\u00e4 h\u00e4n on uskaltanut olla oma itsens\u00e4, eik\u00e4 muokannut itse\u00e4\u00e4n patriarkaalisten s\u00e4\u00e4nt\u00f6jen mukaan.<\/p>\n<p><img decoding=\"async\" src=\"https:\/\/www.europesays.com\/fi\/wp-content\/uploads\/2025\/10\/1759294089_19_468.jpg\" alt=\"Bahar Mozaffari on asunut Suomessa l\u00e4hes 20 vuotta.\" class=\"_Img_tdqg8_1\" style=\"aspect-ratio:0.7546875\" loading=\"eager\"\/><\/p>\n<p class=\"article-picture-caption\">Bahar Mozaffari on asunut Suomessa l\u00e4hes 20 vuotta. Kuva:\u00a0Eeva Anundi<\/p>\n<p class=\"article-body mb-nof-24 px-nof-16\">Kansainv\u00e4lisen yhteis\u00f6n reaktiossa on kuitenkin Mozaffarin mukaan havaittavissa kaksinaismoralismia.<\/p>\n<p class=\"article-body mb-nof-24 px-nof-16\">Toisaalta paheksutaan Iranin toimia, Mozaffari sanoo, mutta toisaalta Iranin toimijat p\u00e4\u00e4stet\u00e4\u00e4n globaaleille areenoille.<\/p>\n<p class=\"article-body mb-nof-24 px-nof-16\">Iraniin kohdistuvat pakotteet tai sodan uhka rankaisevat Mozaffarin mielest\u00e4 tavallisia ihmisi\u00e4, eiv\u00e4tk\u00e4 Iranin hallintoa.<\/p>\n<p class=\"article-body mb-nof-24 px-nof-16\">\u2013 N\u00e4m\u00e4 toimet osuvat erityisesti naisiin, jotka jo valmiiksi k\u00e4rsiv\u00e4t sorrosta.<\/p>\n<p class=\"article-body mb-nof-24 px-nof-16\">Mozaffari korostaa, etteiv\u00e4t iranilaisnaiset ole heikkoja.<\/p>\n<p class=\"article-body mb-nof-24 px-nof-16\">\u2013 He ovat rohkeita, sitkeit\u00e4 ja valmiita muuttamaan yhteiskuntaansa, mutta he tarvitsevat liittolaisia. Kansainv\u00e4lisen yhteis\u00f6n on aika erottaa Iranin hallinnon rikokset tavallisten ihmisten oikeudesta el\u00e4\u00e4 vapaana, Mozaffari sanoo.<\/p>\n<p class=\"article-body mb-nof-24 px-nof-16\">\u2013 Min\u00e4 ja monet muut vainoa paenneet naiset toivomme, ett\u00e4 maailma tukee ihmisi\u00e4, ei hallintoa. Toivon, ett\u00e4 iranilaiset naiset saavat itse p\u00e4\u00e4tt\u00e4\u00e4 tulevaisuudestaan. T\u00e4rkeint\u00e4 on, ett\u00e4 itsem\u00e4\u00e4r\u00e4\u00e4misoikeus toteutuisi.<\/p>\n","protected":false},"excerpt":{"rendered":"Suomessa asuvan Bahar Mozaffarin mukaan tapaus symboloi laajempaa yhteiskunnallista ongelmaa. Iranissa syntynyt Bahar Mozaffari tunsi sek\u00e4 surua ett\u00e4&hellip;\n","protected":false},"author":2,"featured_media":50201,"comment_status":"","ping_status":"","sticky":false,"template":"","format":"standard","meta":{"footnotes":""},"categories":[12],"tags":[22,23,26,27,33,31,30,17,34,24,25,28,29,15,18,21,32,19,20,16],"class_list":{"0":"post-50200","1":"post","2":"type-post","3":"status-publish","4":"format-standard","5":"has-post-thumbnail","7":"category-suomi","8":"tag-breaking-news","9":"tag-breakingnews","10":"tag-featured-news","11":"tag-featurednews","12":"tag-fi","13":"tag-finland","14":"tag-finnish","15":"tag-headlines","16":"tag-ilta-sanomat","17":"tag-latest-news","18":"tag-latestnews","19":"tag-main-news","20":"tag-mainnews","21":"tag-news","22":"tag-otsikot","23":"tag-paauutiset","24":"tag-suomi","25":"tag-top-stories","26":"tag-topstories","27":"tag-uutiset"},"share_on_mastodon":{"url":"","error":""},"_links":{"self":[{"href":"https:\/\/www.europesays.com\/fi\/wp-json\/wp\/v2\/posts\/50200","targetHints":{"allow":["GET"]}}],"collection":[{"href":"https:\/\/www.europesays.com\/fi\/wp-json\/wp\/v2\/posts"}],"about":[{"href":"https:\/\/www.europesays.com\/fi\/wp-json\/wp\/v2\/types\/post"}],"author":[{"embeddable":true,"href":"https:\/\/www.europesays.com\/fi\/wp-json\/wp\/v2\/users\/2"}],"replies":[{"embeddable":true,"href":"https:\/\/www.europesays.com\/fi\/wp-json\/wp\/v2\/comments?post=50200"}],"version-history":[{"count":0,"href":"https:\/\/www.europesays.com\/fi\/wp-json\/wp\/v2\/posts\/50200\/revisions"}],"wp:featuredmedia":[{"embeddable":true,"href":"https:\/\/www.europesays.com\/fi\/wp-json\/wp\/v2\/media\/50201"}],"wp:attachment":[{"href":"https:\/\/www.europesays.com\/fi\/wp-json\/wp\/v2\/media?parent=50200"}],"wp:term":[{"taxonomy":"category","embeddable":true,"href":"https:\/\/www.europesays.com\/fi\/wp-json\/wp\/v2\/categories?post=50200"},{"taxonomy":"post_tag","embeddable":true,"href":"https:\/\/www.europesays.com\/fi\/wp-json\/wp\/v2\/tags?post=50200"}],"curies":[{"name":"wp","href":"https:\/\/api.w.org\/{rel}","templated":true}]}}