{"id":50206,"date":"2025-10-01T05:01:11","date_gmt":"2025-10-01T05:01:11","guid":{"rendered":"https:\/\/www.europesays.com\/fi\/50206\/"},"modified":"2025-10-01T05:01:11","modified_gmt":"2025-10-01T05:01:11","slug":"martina-aitolehti-avautuu-stefan-thermanin-isyydesta-podcastissa-joku-on-pahasti-vialla","status":"publish","type":"post","link":"https:\/\/www.europesays.com\/fi\/50206\/","title":{"rendered":"Martina Aitolehti avautuu Stefan Thermanin isyydest\u00e4 podcastissa: &#8221;Joku on pahasti vialla&#8221;"},"content":{"rendered":"<p>\n            20250906, Helsinki. Miss Suomi Finaali 2025. Kuvassa Martina Aitolehti.<br \/>\n            Timo Korhonen\n        <\/p>\n<p class=\"subtitle \">Martina kertoo olevansa k\u00e4yt\u00e4nn\u00f6ss\u00e4 yksinhuoltaja tytt\u00e4relleen Isabellalle.<\/p>\n<p class=\"article-content article-content-width !bg-background\">Hyvinvointivalmentaja  ja radiojuontaja  tekev\u00e4t yhdess\u00e4 Martina &amp; Esko -podcastia. <a href=\"https:\/\/podimo.com\/fi\/shows\/martina-ja-esko\" target=\"_blank\" rel=\"nofollow noopener\">Ohjelma l\u00f6ytyy Podimosta<\/a>.<\/p>\n<p class=\"font-weight-bold m-font-weight-bold article-content article-content-width !bg-background\">Katso arkistovideo \u2013 Martina juhli Ibizalla:<\/p>\n<p class=\"article-content article-content-width !bg-background\">Ohjelman tuoreessa jaksossa kaksikko keskustelee muun muassa yhteisvanhemmuudesta sek\u00e4 yksinhuoltajuudesta.<\/p>\n<p>&#8221;M\u00e4 oon yksinhuoltaja&#8221;<\/p>\n<p class=\"article-content article-content-width !bg-background\">Ex-pariskunnalla on yksi yhteinen tyt\u00e4r, , 15.\u00a0<\/p>\n<p class=\"article-content article-content-width !bg-background\">Lis\u00e4ksi Martinalla on vuonna 2012 syntynyt tyt\u00e4r , jonka is\u00e4 on kohuliikemiehen\u00e4kin tunnettu .<\/p>\n<p>        <a itemprop=\"url\" href=\"https:\/\/www.seiska.fi\/kotimaa\/martina-aitolehti-podcastissa-taman-suhteen-julkitulo-kaduttaa\/1939864\" rel=\"nofollow noopener\" target=\"_blank\"><\/p>\n<p>\nPodcast\n<\/p>\n<p class=\"section-date\">\n        <strong class=\"article-section\" data-section=\"kotimaa\"><br \/>\n            kotimaa<br \/>\n        <\/strong><br \/>\n        24.9. 09:58\n    <\/p>\n<p>Martina Aitolehti podcastissa: T\u00e4m\u00e4n suhteen julkitulo kaduttaa\n    <\/p>\n<p itemprop=\"description\" class=\"subtitle \">\n    Seiska paljasti Martinan kes\u00e4romanssin.\n<\/p>\n<p>        <\/a><\/p>\n<p class=\"article-content article-content-width !bg-background\">Eskolla ja Martinalla on Victoriasta yhteishuoltajuus. Esko sanoo, ett\u00e4 h\u00e4n aiemmin luuli olevansa yksinhuoltaja, koska h\u00e4n el\u00e4\u00e4 yksin tytt\u00e4rens\u00e4 kanssa.<\/p>\n<p class=\"article-content article-content-width !bg-background\">\u2013 M\u00e4 oon yksinhuoltaja. No, papereissa en ole, mutta k\u00e4yt\u00e4nn\u00f6ss\u00e4 olen, Martina toteaa viitaten Stefaniin \u2013 heill\u00e4 on siis oletettavasti yhteishuoltajuus Isabellasta.<\/p>\n<p class=\"article-content article-content-width !bg-background\">Martinan ja Eskon yhteishuoltajuus on sujunut aina mallikkaasti ja kaikkia osapuolia tyydytt\u00e4v\u00e4ll\u00e4 tavalla.<\/p>\n<p>                <img decoding=\"async\" src=\"https:\/\/www.europesays.com\/fi\/wp-content\/uploads\/2025\/10\/1865295.webp\" width=\"576\" height=\"274\" alt=\"Sporttinen Martina myy hyvinvointivalmennuksia.\" loading=\"lazy\" \/>            <\/p>\n<p>\n            Sporttinen Martina myy hyvinvointivalmennuksia.<br \/>\n            ATTE KAJOVA\n        <\/p>\n<p>Martinalla 100% vastuu<\/p>\n<p class=\"article-content article-content-width !bg-background\">Esko kummastelee, ett\u00e4 on paljon isi\u00e4, jotka eiv\u00e4t kanna vastuuta lapsistaan \u2013 lapset ovat heill\u00e4 joskus viikonloppuisin ja t\u00e4m\u00e4kin on kovan ty\u00f6n takana.<\/p>\n<p>        <a itemprop=\"url\" href=\"https:\/\/www.seiska.fi\/kotimaa\/shokkipaljastus-podcast-nain-kavi-martina-aitolehden-haiden-yllatyskaanne\/1933500\" rel=\"nofollow noopener\" target=\"_blank\"><\/p>\n<p>\nPodcast:\n<\/p>\n<p class=\"section-date\">\n        <strong class=\"article-section\" data-section=\"kotimaa\"><br \/>\n            kotimaa<br \/>\n        <\/strong><br \/>\n        17.9. 08:00\n    <\/p>\n<p>Shokkipaljastus! Podcast: N\u00e4in k\u00e4vi Martina Aitolehden h\u00e4iden \u2013 yll\u00e4tysk\u00e4\u00e4nne\n    <\/p>\n<p itemprop=\"description\" class=\"subtitle \">\n    Martinan ja aussirakkaan tilanteesta on uutta tietoa.\n<\/p>\n<p>        <\/a><\/p>\n<p class=\"article-content article-content-width !bg-background\">\u2013 Tai sit ei oo ollenkaan, niinku mun tapauksessa. Isabella on mun kanssa aina. M\u00e4 oon se vanhempi, joka ottaa sataprosenttisesti vastuun, Martina avautuu.<\/p>\n<p class=\"article-content article-content-width !bg-background\">\u2013 M\u00e4 en koe, ett\u00e4 on vastuunottamista se, ett\u00e4 soitat silloin t\u00e4ll\u00f6in ja laitat silloin t\u00e4ll\u00f6in pari kymppi\u00e4 tilille, Martina toteaa.<\/p>\n<p>&#8221;Joku on pahasti vialla&#8221;<\/p>\n<p class=\"article-content article-content-width !bg-background\">Hyvinvointivalmentaja kertoo tarjoavansa lapsilleen turvallisen kasvuymp\u00e4rist\u00f6n. Martina jatkaa, ett\u00e4 h\u00e4n on yksin vastuussa lapsestaan my\u00f6s taloudellisesti.<\/p>\n<p class=\"article-content article-content-width !bg-background\">\u2013 Ne pelot ja ep\u00e4varmuudet, mitk\u00e4 siihen vanhemmuuteen liittyy, niin s\u00e4 kannat ne t\u00e4ysin yksin, kun s\u00e4 oot toisen vanhempi. Se, et se toinen (vanhempi) soittaa aina v\u00e4lill\u00e4, ni se ei vie multa yht\u00e4\u00e4n niit\u00e4 tunteita pois.<\/p>\n<p>        <a itemprop=\"url\" href=\"https:\/\/www.seiska.fi\/vain-seiskassa\/stefan-therman-yllatti-okykahvilassa-salakuvat\/1928238\" rel=\"nofollow noopener\" target=\"_blank\"><\/p>\n<p>\nSalakuvat!\n<\/p>\n<p class=\"section-date\">\n        <strong class=\"article-section\" data-section=\"vain seiskassa\"><br \/>\n            vain seiskassa<br \/>\n        <\/strong><br \/>\n        12.9. 16:00\n    <\/p>\n<p>Stefan Therman yll\u00e4tti \u00f6kykahvilassa \u2013 salakuvat\n    <\/p>\n<p itemprop=\"description\" class=\"subtitle \">\n    Viime ajat ovat kielineet siit\u00e4, ett\u00e4 sanan &#8221;liikemies&#8221; voi taas yhdist\u00e4\u00e4 Stefuun ja ehk\u00e4 jopa unohtaa sanan &#8221;kohu&#8221; h\u00e4nen ymp\u00e4rilt\u00e4\u00e4n.\n<\/p>\n<p>        <\/a><\/p>\n<p class=\"article-content article-content-width !bg-background\">Esko toteaa, ettei voi edes kuvitella millaista olisi olla yksinhuoltaja.<\/p>\n<p class=\"article-content article-content-width !bg-background\">\u2013 Ja mieti siihen semmonen ajatus, et s\u00e4 tied\u00e4t mun olemassaolon, ja sit s\u00e4 el\u00e4t ajatuksen kanssa, et mua ei kiinnosta yht\u00e4\u00e4n mun oma lapsi, Martina toteaa.<\/p>\n<p class=\"article-content article-content-width !bg-background\">\u2013 Jos s\u00e4 p\u00e4\u00e4t\u00e4t valita niin, et s\u00e4 et halua ottaa vastuuta sun omasta pienest\u00e4 lapsesta joka on osa sua \u2013 niin joku on vialla. Jumalauta joku on pahasti vialla, Martina sanoo selv\u00e4sti liikuttuneena.<\/p>\n<p>                <img decoding=\"async\" src=\"https:\/\/www.europesays.com\/fi\/wp-content\/uploads\/2025\/10\/1840479.webp\" width=\"576\" height=\"720\" alt=\"Martina ja Esko olivat naimisissa vuosina 2007-2011.\" loading=\"lazy\" \/>            <\/p>\n<p>\n            Martina ja Esko olivat naimisissa vuosina 2007-2011.<br \/>\n            Jere Viinikainen\n        <\/p>\n<p>&#8221;Voi vittu kun s\u00e4 tiet\u00e4isit..&#8221;<\/p>\n<p class=\"article-content article-content-width !bg-background\">Esko kysyy, millaista on, kun Martinalla ei ole mit\u00e4\u00e4n odotuksia, mutta saakin joskus apua.\u00a0Martina vastaa, ett\u00e4 silloin se tuntuu iloiselta yll\u00e4tykselt\u00e4. Toisinaan kuitenkin, jos h\u00e4n pyyt\u00e4\u00e4 jotakin pient\u00e4kin, vastaus on tiukka \u201dei\u201d.<\/p>\n<p>        <a itemprop=\"url\" href=\"https:\/\/www.seiska.fi\/kotimaa\/josses-martina-aitolehti-edusti-rohkeassa-iltapuvussa\/1924095\" rel=\"nofollow noopener\" target=\"_blank\"><\/p>\n<p>\nJ\u00f6sses!\n<\/p>\n<p class=\"section-date\">\n        <strong class=\"article-section\" data-section=\"kotimaa\"><br \/>\n            kotimaa<br \/>\n        <\/strong><br \/>\n        8.9. 16:30\n    <\/p>\n<p>J\u00f6sses! Martina Aitolehti edusti rohkeassa iltapuvussa\n    <\/p>\n<p itemprop=\"description\" class=\"subtitle \">\n    Martina n\u00e4htiin lauantain Miss Suomi -finaalissa kenties rohkeammassa iltapuvussa kuin koskaan.\n<\/p>\n<p>        <\/a><\/p>\n<p class=\"article-content article-content-width !bg-background\">\u2013 Tulee sellanen, et voi vittu kun s\u00e4 tiet\u00e4isit millaisten asioiden kanssa m\u00e4 painin t\u00e4\u00e4ll\u00e4 ja kuinka paljon vastuuta m\u00e4 kannan. Tulee sellanen, et mee p\u00e4iv\u00e4kotiin ja aloita ihan alusta, Martina toteaa.<\/p>\n<p>Vastuunotto liian my\u00f6h\u00e4ist\u00e4?<\/p>\n<p class=\"article-content article-content-width !bg-background\">Esko kysyy Martinalta, ett\u00e4 mit\u00e4 jos toisen lapsen vanhempi ottaa esimerkiksi kahden vuoden j\u00e4lkeen itse\u00e4\u00e4n niskasta kiinni \u2013 onko se silloin liian my\u00f6h\u00e4ist\u00e4?<\/p>\n<p>        <a itemprop=\"url\" href=\"https:\/\/www.seiska.fi\/kotimaa\/esko-eerikaiselta-poikkeuksellinen-ulostulo\/1920370\" rel=\"nofollow noopener\" target=\"_blank\"><\/p>\n<p>\nEsko Eerik\u00e4inen\n<\/p>\n<p class=\"section-date\">\n        <strong class=\"article-section\" data-section=\"kotimaa\"><br \/>\n            kotimaa<br \/>\n        <\/strong><br \/>\n        4.9. 16:30\n    <\/p>\n<p>Esko Eerik\u00e4iselt\u00e4 poikkeuksellinen ulostulo\n    <\/p>\n<p itemprop=\"description\" class=\"subtitle \">\n    Radiojuontajan tilitys her\u00e4tt\u00e4\u00e4 keskustelua.\n<\/p>\n<p>        <\/a><\/p>\n<p class=\"article-content article-content-width !bg-background\">\u2013 Sit\u00e4 pit\u00e4isi varmaan kysy\u00e4 sitten lapselta. Isabella on kolmen vuoden p\u00e4\u00e4st\u00e4 Victorian ik\u00e4inen, m\u00e4 luulen, et se on l\u00e4hd\u00f6ss\u00e4 maailmalle silloin hevosensa kanssa. Sinne voi sit menn\u00e4 morottamaan kent\u00e4n laidalle. Veikkaan, et ei en\u00e4\u00e4 paljoa kiinnosta, Martina toteaa.<\/p>\n","protected":false},"excerpt":{"rendered":"20250906, Helsinki. Miss Suomi Finaali 2025. Kuvassa Martina Aitolehti. Timo Korhonen Martina kertoo olevansa k\u00e4yt\u00e4nn\u00f6ss\u00e4 yksinhuoltaja tytt\u00e4relleen Isabellalle.&hellip;\n","protected":false},"author":2,"featured_media":50207,"comment_status":"","ping_status":"","sticky":false,"template":"","format":"standard","meta":{"footnotes":""},"categories":[136],"tags":[407,137,1664,1176,33,31,30,9835,408,1127,11514,2878,98,2923,3228,3095,32,109,12461,12462],"class_list":{"0":"post-50206","1":"post","2":"type-post","3":"status-publish","4":"format-standard","5":"has-post-thumbnail","7":"category-julkkikset","8":"tag-celebrities","9":"tag-entertainment","10":"tag-ero","11":"tag-esko-eerikainen","12":"tag-fi","13":"tag-finland","14":"tag-finnish","15":"tag-hyvinvointivalmentaja","16":"tag-julkkikset","17":"tag-lapsi","18":"tag-martina-esko","19":"tag-martina-aitolehti","20":"tag-perhe","21":"tag-podcast","22":"tag-radiojuontaja","23":"tag-stefan-therman","24":"tag-suomi","25":"tag-viihde","26":"tag-yhteishuoltajuus","27":"tag-yksinhuoltajuus"},"share_on_mastodon":{"url":"","error":""},"_links":{"self":[{"href":"https:\/\/www.europesays.com\/fi\/wp-json\/wp\/v2\/posts\/50206","targetHints":{"allow":["GET"]}}],"collection":[{"href":"https:\/\/www.europesays.com\/fi\/wp-json\/wp\/v2\/posts"}],"about":[{"href":"https:\/\/www.europesays.com\/fi\/wp-json\/wp\/v2\/types\/post"}],"author":[{"embeddable":true,"href":"https:\/\/www.europesays.com\/fi\/wp-json\/wp\/v2\/users\/2"}],"replies":[{"embeddable":true,"href":"https:\/\/www.europesays.com\/fi\/wp-json\/wp\/v2\/comments?post=50206"}],"version-history":[{"count":0,"href":"https:\/\/www.europesays.com\/fi\/wp-json\/wp\/v2\/posts\/50206\/revisions"}],"wp:featuredmedia":[{"embeddable":true,"href":"https:\/\/www.europesays.com\/fi\/wp-json\/wp\/v2\/media\/50207"}],"wp:attachment":[{"href":"https:\/\/www.europesays.com\/fi\/wp-json\/wp\/v2\/media?parent=50206"}],"wp:term":[{"taxonomy":"category","embeddable":true,"href":"https:\/\/www.europesays.com\/fi\/wp-json\/wp\/v2\/categories?post=50206"},{"taxonomy":"post_tag","embeddable":true,"href":"https:\/\/www.europesays.com\/fi\/wp-json\/wp\/v2\/tags?post=50206"}],"curies":[{"name":"wp","href":"https:\/\/api.w.org\/{rel}","templated":true}]}}