{"id":50212,"date":"2025-10-01T05:09:09","date_gmt":"2025-10-01T05:09:09","guid":{"rendered":"https:\/\/www.europesays.com\/fi\/50212\/"},"modified":"2025-10-01T05:09:09","modified_gmt":"2025-10-01T05:09:09","slug":"onko-terasmiehen-natsiversio-tulossa-hbo-maxiin-ainakin-fanit-uskovat-nyt-niin","status":"publish","type":"post","link":"https:\/\/www.europesays.com\/fi\/50212\/","title":{"rendered":"Onko Ter\u00e4smiehen natsiversio tulossa HBO Maxiin? Ainakin fanit uskovat nyt niin"},"content":{"rendered":"\n<p><strong>Peacemaker-sarjan kakkoskautta on j\u00e4ljell\u00e4 viel\u00e4 kahden jakson verran.<\/strong><\/p>\n<p>Moni <a href=\"https:\/\/muropaketti.com\/avainsana\/hbo-max\/\" rel=\"nofollow noopener\" target=\"_blank\">HBO Maxin<\/a> Peacemakerin faneista spekuloi James Gunnin tuovan Ter\u00e4smiehen natsiversion sarjaan sen kakkoskauden kahden viimeisen jakson aikana.<\/p>\n<p>Sarjakuvien puolella Overman on Ter\u00e4smiehen pahisversio, joka on per\u00e4isin Earth-10-ulottuvuudesta, jossa natsit voittivat toisen maailmansodan.<\/p>\n<p>DC-pamppu ja sarjan p\u00e4\u00e4p\u00e4sm\u00e4ri Gunn on kertonut kolmen viimeisen jakson aikana n\u00e4ht\u00e4v\u00e4n suuria yll\u00e4tyksi\u00e4, jonka takia niist\u00e4 ei l\u00e4hetetty lehdist\u00f6lle ennakkokatseluita.<\/p>\n<p>Peacemakerin viime perjantaina n\u00e4hdyss\u00e4 Ignorance Is Chris -jaksossa rinnakkaisulottuvuuteen p\u00e4\u00e4tynyt John Cenan esitt\u00e4m\u00e4 Chris Smith \/ Peacemaker tiimeineen tajusi, ettei vaihtoehtotodellisuudessa ole kuin valkoihoisia ihmisi\u00e4. Yhdysvaltain lippua koristaa my\u00f6s hakaristi.<\/p>\n<p>Peacemakerin kakkoskautta on j\u00e4ljell\u00e4 viel\u00e4 kahden jakson verran.<\/p>\n<blockquote class=\"reddit-embed-bq\" style=\"height: 500px;\" data-embed-height=\"566\">\n<p><a href=\"https:\/\/www.reddit.com\/r\/PeacemakerShow\/comments\/1ns7zo4\/it_would_be_pretty_funny_if_after_the_reveal_in\/\" rel=\"nofollow noopener\" target=\"_blank\">It would be pretty funny if, after the reveal in the last episode, David Corenswet showed up wearing a nazi Superman suit.<\/a><br \/>by<a href=\"https:\/\/www.reddit.com\/user\/Majestic_886\/\" rel=\"nofollow noopener\" target=\"_blank\">u\/Majestic_886<\/a> in<a href=\"https:\/\/www.reddit.com\/r\/PeacemakerShow\/\" rel=\"nofollow noopener\" target=\"_blank\">PeacemakerShow<\/a><\/p>\n<\/blockquote>\n","protected":false},"excerpt":{"rendered":"Peacemaker-sarjan kakkoskautta on j\u00e4ljell\u00e4 viel\u00e4 kahden jakson verran. Moni HBO Maxin Peacemakerin faneista spekuloi James Gunnin tuovan Ter\u00e4smiehen&hellip;\n","protected":false},"author":2,"featured_media":50213,"comment_status":"","ping_status":"","sticky":false,"template":"","format":"standard","meta":{"footnotes":""},"categories":[130],"tags":[137,33,31,30,280,180,3325,1369,32,183,109],"class_list":{"0":"post-50212","1":"post","2":"type-post","3":"status-publish","4":"format-standard","5":"has-post-thumbnail","7":"category-viihde","8":"tag-entertainment","9":"tag-fi","10":"tag-finland","11":"tag-finnish","12":"tag-hbo-max","13":"tag-james-gunn","14":"tag-peacemaker","15":"tag-sarjat","16":"tag-suomi","17":"tag-superman","18":"tag-viihde"},"share_on_mastodon":{"url":"","error":""},"_links":{"self":[{"href":"https:\/\/www.europesays.com\/fi\/wp-json\/wp\/v2\/posts\/50212","targetHints":{"allow":["GET"]}}],"collection":[{"href":"https:\/\/www.europesays.com\/fi\/wp-json\/wp\/v2\/posts"}],"about":[{"href":"https:\/\/www.europesays.com\/fi\/wp-json\/wp\/v2\/types\/post"}],"author":[{"embeddable":true,"href":"https:\/\/www.europesays.com\/fi\/wp-json\/wp\/v2\/users\/2"}],"replies":[{"embeddable":true,"href":"https:\/\/www.europesays.com\/fi\/wp-json\/wp\/v2\/comments?post=50212"}],"version-history":[{"count":0,"href":"https:\/\/www.europesays.com\/fi\/wp-json\/wp\/v2\/posts\/50212\/revisions"}],"wp:featuredmedia":[{"embeddable":true,"href":"https:\/\/www.europesays.com\/fi\/wp-json\/wp\/v2\/media\/50213"}],"wp:attachment":[{"href":"https:\/\/www.europesays.com\/fi\/wp-json\/wp\/v2\/media?parent=50212"}],"wp:term":[{"taxonomy":"category","embeddable":true,"href":"https:\/\/www.europesays.com\/fi\/wp-json\/wp\/v2\/categories?post=50212"},{"taxonomy":"post_tag","embeddable":true,"href":"https:\/\/www.europesays.com\/fi\/wp-json\/wp\/v2\/tags?post=50212"}],"curies":[{"name":"wp","href":"https:\/\/api.w.org\/{rel}","templated":true}]}}