{"id":50216,"date":"2025-10-01T05:13:07","date_gmt":"2025-10-01T05:13:07","guid":{"rendered":"https:\/\/www.europesays.com\/fi\/50216\/"},"modified":"2025-10-01T05:13:07","modified_gmt":"2025-10-01T05:13:07","slug":"cnn-trump-vetaa-pois-ehdotuksensa-tyollisyystilastoista-vastaavan-viraston-johtajaksi-uutissuomalainen","status":"publish","type":"post","link":"https:\/\/www.europesays.com\/fi\/50216\/","title":{"rendered":"CNN: Trump vet\u00e4\u00e4 pois ehdotuksensa ty\u00f6llisyystilastoista vastaavan viraston johtajaksi | Uutissuomalainen"},"content":{"rendered":"<p>Yhdysvaltalaiskanava <a href=\"https:\/\/edition.cnn.com\/2025\/09\/30\/politics\/ej-antoni-nomination-withdrawn-bls\" rel=\"nofollow noopener\" target=\"_blank\">CNN:n<\/a> mukaan presidentti Donald Trump vet\u00e4\u00e4 pois nimitysehdotuksensa ty\u00f6llisyystilastoista vastaavan viraston uudeksi johtajaksi.<\/p>\n<p>Kanavalle puhuneet l\u00e4hteet kertovat, ett\u00e4 Valkoinen talo on l\u00e4hett\u00e4nyt ekonomisti E. J. Antonin nimitt\u00e4misen hylk\u00e4\u00e4mist\u00e4 koskevan asiakirjan Yhdysvaltain senaatille. Viraston johtajan nimitys vaatii senaatin hyv\u00e4ksynn\u00e4n.<\/p>\n<p>CNN kertoi <a href=\"https:\/\/edition.cnn.com\/2025\/09\/05\/politics\/kfile-ej-antoni-bureau-of-labor-statistics-twitter-account-vis\" rel=\"nofollow noopener\" target=\"_blank\">aiemmin<\/a>, ett\u00e4 Antoni oli yll\u00e4pit\u00e4nyt nyt poistettua Twitter-tili\u00e4, jossa h\u00e4n oli jakanut muun muassa salaliittoteorioita sek\u00e4 seksuaalisesti halventavia viestej\u00e4 demokraattipoliitikko Kamala Harrisista, joka oli sittemmin toiminut my\u00f6s maan varapresidenttin\u00e4. Lis\u00e4ksi Antonin kerrotaan jakaneen tilill\u00e4 Trumpin vastustajia sek\u00e4 seksuaaliv\u00e4hemmist\u00f6jen edustajia halventavia viestej\u00e4.<\/p>\n<p>Antonin oli tarkoitus nousta Bureau of Labour Statistics (BLS) -viraston johtoon. Trump <a href=\"https:\/\/truthsocial.com\/@realDonaldTrump\/posts\/114954846612623858\" rel=\"nofollow noopener\" target=\"_blank\">erotti<\/a> viraston edellisen johtajan Erika McEntarferin elokuussa, kun virasto <a href=\"https:\/\/www.bls.gov\/news.release\/empsit.nr0.htm\" rel=\"nofollow noopener\" target=\"_blank\">julkaisi<\/a> Trumpille ep\u00e4mieluisia ty\u00f6llisyyslukuja. Trump <a href=\"https:\/\/truthsocial.com\/@realDonaldTrump\/posts\/114955222046259464\" rel=\"nofollow noopener\" target=\"_blank\">kutsui<\/a> lukemia peukaloiduiksi.<\/p>\n","protected":false},"excerpt":{"rendered":"Yhdysvaltalaiskanava CNN:n mukaan presidentti Donald Trump vet\u00e4\u00e4 pois nimitysehdotuksensa ty\u00f6llisyystilastoista vastaavan viraston uudeksi johtajaksi. Kanavalle puhuneet l\u00e4hteet kertovat,&hellip;\n","protected":false},"author":2,"featured_media":50217,"comment_status":"","ping_status":"","sticky":false,"template":"","format":"standard","meta":{"footnotes":""},"categories":[14],"tags":[22,23,2617,585,26,27,33,31,30,17,24,25,28,29,15,18,21,142,637,144,32,78,19,20,12466,56,16,59,60,61],"class_list":{"0":"post-50216","1":"post","2":"type-post","3":"status-publish","4":"format-standard","5":"has-post-thumbnail","7":"category-ulkomaat","8":"tag-breaking-news","9":"tag-breakingnews","10":"tag-cnn","11":"tag-donald-trump","12":"tag-featured-news","13":"tag-featurednews","14":"tag-fi","15":"tag-finland","16":"tag-finnish","17":"tag-headlines","18":"tag-latest-news","19":"tag-latestnews","20":"tag-main-news","21":"tag-mainnews","22":"tag-news","23":"tag-otsikot","24":"tag-paauutiset","25":"tag-poliitikot","26":"tag-politiikka","27":"tag-presidentti","28":"tag-suomi","29":"tag-talous","30":"tag-top-stories","31":"tag-topstories","32":"tag-twitter","33":"tag-ulkomaat","34":"tag-uutiset","35":"tag-world","36":"tag-world-news","37":"tag-worldnews"},"share_on_mastodon":{"url":"","error":""},"_links":{"self":[{"href":"https:\/\/www.europesays.com\/fi\/wp-json\/wp\/v2\/posts\/50216","targetHints":{"allow":["GET"]}}],"collection":[{"href":"https:\/\/www.europesays.com\/fi\/wp-json\/wp\/v2\/posts"}],"about":[{"href":"https:\/\/www.europesays.com\/fi\/wp-json\/wp\/v2\/types\/post"}],"author":[{"embeddable":true,"href":"https:\/\/www.europesays.com\/fi\/wp-json\/wp\/v2\/users\/2"}],"replies":[{"embeddable":true,"href":"https:\/\/www.europesays.com\/fi\/wp-json\/wp\/v2\/comments?post=50216"}],"version-history":[{"count":0,"href":"https:\/\/www.europesays.com\/fi\/wp-json\/wp\/v2\/posts\/50216\/revisions"}],"wp:featuredmedia":[{"embeddable":true,"href":"https:\/\/www.europesays.com\/fi\/wp-json\/wp\/v2\/media\/50217"}],"wp:attachment":[{"href":"https:\/\/www.europesays.com\/fi\/wp-json\/wp\/v2\/media?parent=50216"}],"wp:term":[{"taxonomy":"category","embeddable":true,"href":"https:\/\/www.europesays.com\/fi\/wp-json\/wp\/v2\/categories?post=50216"},{"taxonomy":"post_tag","embeddable":true,"href":"https:\/\/www.europesays.com\/fi\/wp-json\/wp\/v2\/tags?post=50216"}],"curies":[{"name":"wp","href":"https:\/\/api.w.org\/{rel}","templated":true}]}}