{"id":50220,"date":"2025-10-01T05:15:07","date_gmt":"2025-10-01T05:15:07","guid":{"rendered":"https:\/\/www.europesays.com\/fi\/50220\/"},"modified":"2025-10-01T05:15:07","modified_gmt":"2025-10-01T05:15:07","slug":"yle-jasmin-voutilaisen-epaillaan-joutuneensa-vakavien-rikosten-uhriksi","status":"publish","type":"post","link":"https:\/\/www.europesays.com\/fi\/50220\/","title":{"rendered":"Yle: Jasmin Voutilaisen ep\u00e4ill\u00e4\u00e4n joutuneensa vakavien rikosten uhriksi"},"content":{"rendered":"<p>Voutilaisen tarina kerrotaan keskiviikkona julkaistussa uutuuspodcastissa.<\/p>\n<p class=\"article-body mb-nof-24 px-nof-16\">Salatuista el\u00e4mist\u00e4 tunnetun n\u00e4yttelij\u00e4 <a class=\"article-personlink\" href=\"https:\/\/www.is.fi\/haku\/?query=Jasmin%20Voutilaisen\" rel=\"nofollow noopener\" target=\"_blank\">Jasmin Voutilaisen<\/a> ep\u00e4ill\u00e4\u00e4n joutuneen raiskauksen yrityksen ja pahoinpitelyn uhriksi noin vuorokausi ennen kuolemaansa, uutisoi <a class=\"article-genericlink\" href=\"https:\/\/yle.fi\/a\/74-20185420\" rel=\"nofollow noopener\" target=\"_blank\">Yle<\/a>.<\/p>\n<p class=\"article-body mb-nof-24 px-nof-16\">Asia selvi\u00e4\u00e4 keskiviikkona Ylen julkaisemasta Mit\u00e4 tapahtui Jasminille? -podcastista. Ylen tietojen mukaan asiasta on nostettu syytteet, ja ep\u00e4illylle vaaditaan vankeusrangaistusta. Asiasta on tulossa oikeudenk\u00e4ynti. Ep\u00e4ilty on kiist\u00e4nyt syyllisyytens\u00e4 rikoksiin.<\/p>\n<p class=\"article-body mb-nof-24 px-nof-16\">Ylen mukaan ep\u00e4ilty tekij\u00e4 on Voutilaisen seuraan ravintolassa hakeutunut mies. Ep\u00e4iltyjen tekojen kerrotaan tapahtuneen Voutilaisen kuolemaa edelt\u00e4neen\u00e4 p\u00e4iv\u00e4n\u00e4. Voutilainen kuoli itsemurhaan 17. maaliskuuta 2023.<\/p>\n<p class=\"article-body mb-nof-24 px-nof-16\">Ylen Mit\u00e4 tapahtui Jasmimille?-podcastin ensimm\u00e4isess\u00e4 jaksossa perehdyt\u00e4\u00e4n 27-vuotiaana kuolleen Voutilaisen lapsuuteen ja seikkoihin, jotka vaikuttivat h\u00e4nen el\u00e4m\u00e4ns\u00e4 p\u00e4\u00e4ttymiseen.<\/p>\n<p class=\"article-body mb-nof-24 px-nof-16\">Podcastin juontaa Yle Kioskin toimittaja <a class=\"article-personlink\" href=\"https:\/\/www.is.fi\/haku\/?query=Emma%20Karasjoki\" rel=\"nofollow noopener\" target=\"_blank\">Emma Karasjoki<\/a><a class=\"article-genericlink article-strong\" href=\"https:\/\/www.is.fi\/haku\/?query=Emma%20Karasjoki.\" rel=\"nofollow noopener\" target=\"_blank\">.<\/a> Heti seitsenosaisen sarjan ensimm\u00e4isen jakson alussa tuodaan esiin, ett\u00e4 Voutilainen kohtasi el\u00e4m\u00e4ss\u00e4\u00e4n suuria haasteita. Seitsenosaisen podcastin jaksoissa selvi\u00e4\u00e4 \u201dj\u00e4rkytt\u00e4vi\u00e4 asioita\u201d, joiden ep\u00e4ill\u00e4\u00e4n tapahtuneen Voutilaisen kuolemaa edelt\u00e4v\u00e4n\u00e4 iltana.<\/p>\n<p class=\"article-body mb-nof-24 px-nof-16\">L\u00e4heiset kertovat ensimm\u00e4isess\u00e4 jaksossa lyhyill\u00e4 \u00e4\u00e4ninauhoilla, miten pahaksi tilanne eteni.<\/p>\n<p class=\"article-body mb-nof-24 px-nof-16\">\u2013 Jassu joi ja turrutti pahaa oloa. Jasminin p\u00e4\u00e4 ei kest\u00e4nyt, l\u00e4heiset kertovat \u00e4\u00e4ninauhoilla.<\/p>\n<p class=\"article-body mb-nof-24 px-nof-16\">\u2013 Silloin arvasin ja sanoin poliiseille, ett\u00e4 ei kai Jasmin ole kuollut? Ei kai Jasmin ole kuollut?<\/p>\n<p class=\"article-body mb-nof-24 px-nof-16\">Sarjan ensimm\u00e4inen osa keskittyy Voutilaisen lapsuuteen. Ensimm\u00e4ist\u00e4 kertaa koskaan julkisesti \u00e4\u00e4ness\u00e4 on Voutilaisen \u00e4iti <a class=\"article-personlink\" href=\"https:\/\/www.is.fi\/haku\/?query=Katri%20Voutilainen\" rel=\"nofollow noopener\" target=\"_blank\">Katri Voutilainen<\/a>. H\u00e4n kertoo, ett\u00e4 h\u00e4nell\u00e4 oli tytt\u00e4rens\u00e4 kanssa l\u00e4heiset v\u00e4lit.<\/p>\n","protected":false},"excerpt":{"rendered":"Voutilaisen tarina kerrotaan keskiviikkona julkaistussa uutuuspodcastissa. Salatuista el\u00e4mist\u00e4 tunnetun n\u00e4yttelij\u00e4 Jasmin Voutilaisen ep\u00e4ill\u00e4\u00e4n joutuneen raiskauksen yrityksen ja pahoinpitelyn&hellip;\n","protected":false},"author":2,"featured_media":50221,"comment_status":"","ping_status":"","sticky":false,"template":"","format":"standard","meta":{"footnotes":""},"categories":[5],"tags":[22,23,26,27,33,31,30,17,34,24,25,28,29,15,18,21,32,19,20,16],"class_list":{"0":"post-50220","1":"post","2":"type-post","3":"status-publish","4":"format-standard","5":"has-post-thumbnail","7":"category-otsikot","8":"tag-breaking-news","9":"tag-breakingnews","10":"tag-featured-news","11":"tag-featurednews","12":"tag-fi","13":"tag-finland","14":"tag-finnish","15":"tag-headlines","16":"tag-ilta-sanomat","17":"tag-latest-news","18":"tag-latestnews","19":"tag-main-news","20":"tag-mainnews","21":"tag-news","22":"tag-otsikot","23":"tag-paauutiset","24":"tag-suomi","25":"tag-top-stories","26":"tag-topstories","27":"tag-uutiset"},"share_on_mastodon":{"url":"","error":""},"_links":{"self":[{"href":"https:\/\/www.europesays.com\/fi\/wp-json\/wp\/v2\/posts\/50220","targetHints":{"allow":["GET"]}}],"collection":[{"href":"https:\/\/www.europesays.com\/fi\/wp-json\/wp\/v2\/posts"}],"about":[{"href":"https:\/\/www.europesays.com\/fi\/wp-json\/wp\/v2\/types\/post"}],"author":[{"embeddable":true,"href":"https:\/\/www.europesays.com\/fi\/wp-json\/wp\/v2\/users\/2"}],"replies":[{"embeddable":true,"href":"https:\/\/www.europesays.com\/fi\/wp-json\/wp\/v2\/comments?post=50220"}],"version-history":[{"count":0,"href":"https:\/\/www.europesays.com\/fi\/wp-json\/wp\/v2\/posts\/50220\/revisions"}],"wp:featuredmedia":[{"embeddable":true,"href":"https:\/\/www.europesays.com\/fi\/wp-json\/wp\/v2\/media\/50221"}],"wp:attachment":[{"href":"https:\/\/www.europesays.com\/fi\/wp-json\/wp\/v2\/media?parent=50220"}],"wp:term":[{"taxonomy":"category","embeddable":true,"href":"https:\/\/www.europesays.com\/fi\/wp-json\/wp\/v2\/categories?post=50220"},{"taxonomy":"post_tag","embeddable":true,"href":"https:\/\/www.europesays.com\/fi\/wp-json\/wp\/v2\/tags?post=50220"}],"curies":[{"name":"wp","href":"https:\/\/api.w.org\/{rel}","templated":true}]}}