{"id":50222,"date":"2025-10-01T05:27:09","date_gmt":"2025-10-01T05:27:09","guid":{"rendered":"https:\/\/www.europesays.com\/fi\/50222\/"},"modified":"2025-10-01T05:27:09","modified_gmt":"2025-10-01T05:27:09","slug":"arja-korisevan-karla-tytar-parisuhdepaljastus","status":"publish","type":"post","link":"https:\/\/www.europesays.com\/fi\/50222\/","title":{"rendered":"Arja Korisevan Karla-tyt\u00e4r: Parisuhdepaljastus!"},"content":{"rendered":"<p>\n            Karla Karmala<br \/>\n            Karla Karmalan kotialbumi\n        <\/p>\n<p class=\"subtitle \">Karla kertoo Seiskalle olevansa onnellisesti parisuhteessa. Perheeseen kuuluu lis\u00e4ksi s\u00f6p\u00f6 Aili-koira.<\/p>\n<p class=\"article-content article-content-width !bg-background\">Seiska uutisoi taannoin   p\u00e4\u00e4t\u00f6ksest\u00e4 vet\u00e4yty\u00e4 julkisuudesta.<\/p>\n<p class=\"font-weight-bold m-font-weight-bold article-content article-content-width !bg-background\">Video: Karla kommentoi Seiskalle rikostuomiotaan<\/p>\n<p class=\"article-content article-content-width !bg-background\">H\u00e4n on aiemmin vaikuttanut politiikassa, ja h\u00e4n oli t\u00e4n\u00e4 vuonna ehdolla kunta- ja aluevaaleissa.<\/p>\n<p class=\"article-content article-content-width !bg-background\">\u2013 Kuluneen vuoden aikana omat arvot ja itselle t\u00e4rke\u00e4t asiat ovat korostuneet. Perhe, oma hyvinvointi, mielen tasapaino ja itsens\u00e4 kehitt\u00e4minen ovat olleet minulle t\u00e4rkeit\u00e4 asioita.<\/p>\n<p class=\"article-content article-content-width !bg-background\">\u2013 Olen kokenut sellaista arvoristiriitaa. Minulla ei ole en\u00e4\u00e4 mit\u00e4\u00e4n tarvetta olla julkisuudessa. Politiikka on tuonut aika paljon stressi\u00e4 ja vaikeuttanut omia tulevaisuuden haaveita.<\/p>\n<p class=\"article-content article-content-width !bg-background\">\u2013 Totta kai yhteiskunnalliset asiat kiinnostaa ja vaikuttaminen kiinnostaa, mutta v\u00e4h\u00e4n erilaisessa kontekstissa kuin ennen.\u00a0<\/p>\n<p>        <a itemprop=\"url\" href=\"https:\/\/www.seiska.fi\/kotimaa\/tunnistaisitko-arja-korisevan-21-vuotias-tytar-on-ehdolla-eduskuntavaaleissa\/122268\" rel=\"nofollow noopener\" target=\"_blank\"><\/p>\n<p>\nKATSO KUVAT\n<\/p>\n<p class=\"section-date\">\n        <strong class=\"article-section\" data-section=\"kotimaa\"><br \/>\n            kotimaa<br \/>\n        <\/strong><br \/>\n        24.3.2023 08:29\n    <\/p>\n<p>Tunnistaisitko? Arja Korisevan 21-vuotias tyt\u00e4r on ehdolla eduskuntavaaleissa\n    <\/p>\n<p>        <\/a><\/p>\n<p class=\"article-content article-content-width !bg-background\">Karla joutui t\u00e4m\u00e4n vuoden aikana kohuotsikoihin, sill\u00e4 h\u00e4net tuomittiin maaliskuussa sotilasrikoksista L\u00e4nsi-Uudenmaan k\u00e4r\u00e4j\u00e4oikeudessa.<\/p>\n<p>                <img decoding=\"async\" src=\"https:\/\/www.europesays.com\/fi\/wp-content\/uploads\/2025\/10\/1941781.webp\" width=\"576\" height=\"639\" title=\"Karla kertoo Seiskalle, ett\u00e4 h\u00e4n aikoo tulevaisuudessa k\u00e4ytt\u00e4\u00e4 omia vastoink\u00e4ymii\u00e4\u00e4n voimavarana.\" alt=\"Karla Karmala kes\u00e4isess\u00e4 kuvassa.\" loading=\"lazy\" \/>            <\/p>\n<p>\n            Karla kertoo Seiskalle, ett\u00e4 h\u00e4n aikoo tulevaisuudessa k\u00e4ytt\u00e4\u00e4 omia vastoink\u00e4ymii\u00e4\u00e4n voimavarana.<br \/>\n            Karla Karmalan kotialbumi\n        <\/p>\n<p class=\"article-content article-content-width !bg-background\">\u00a0Kes\u00e4n\u00a0aikana Karla teki itsetutkiskelua ja pohti omia arvojaan.<\/p>\n<p class=\"article-content article-content-width !bg-background\">\u2013 Nyt on ollut hyvin paljon aikaa katsoa peiliin ja pohtia, ett\u00e4 mink\u00e4lainen ihminen haluan olla ja mitk\u00e4 ovat itselleni t\u00e4rkeit\u00e4 arvoja.<\/p>\n<p>T\u00e4llainen on Karlan perhe<\/p>\n<p class=\"article-content article-content-width !bg-background\">Parisuhteessa olevan Karlan t\u00e4m\u00e4nhetkinen el\u00e4m\u00e4ntilanne on vakaa.<\/p>\n<p class=\"article-content article-content-width !bg-background\">\u2013 Olemme seurustelleen vuoden verran ja asumme yhdess\u00e4. El\u00e4mme p\u00e4iv\u00e4 kerrallaan.<\/p>\n<p class=\"article-content article-content-width !bg-background\">\u2013 Yhdess\u00e4 el\u00e4minen on hyvin luonnollista ja mukavaa. On kiva jakaa el\u00e4m\u00e4\u00e4 itselleen t\u00e4rke\u00e4n ihmisen kanssa.<\/p>\n<p>        <a itemprop=\"url\" href=\"https:\/\/www.seiska.fi\/kotimaa\/arja-korisevan-karla-tytar-rikkoi-hiljaisuuden\/1676325\" rel=\"nofollow noopener\" target=\"_blank\"><\/p>\n<p>\nArja Korisevan Karla-tyt\u00e4r\n<\/p>\n<p class=\"section-date\">\n        <strong class=\"article-section\" data-section=\"kotimaa\"><br \/>\n            kotimaa<br \/>\n        <\/strong><br \/>\n        16.4. 16:00\n    <\/p>\n<p>Arja Korisevan Karla-tyt\u00e4r rikkoi hiljaisuuden\n    <\/p>\n<p itemprop=\"description\" class=\"subtitle \">\n    Karla kertoo tuoreita kuulumisiaan ja avautuu vaalitappiostaan.\n<\/p>\n<p>        <\/a><\/p>\n<p class=\"article-content article-content-width !bg-background\">Karla ja h\u00e4nen rakkaansa ovat l\u00e4heisi\u00e4 my\u00f6s toisten perheidens\u00e4 kanssa.<\/p>\n<p class=\"article-content article-content-width !bg-background\">\u2013 Teemme tosi paljon asioita yhdess\u00e4.<\/p>\n<p>Pieni perheenj\u00e4sen<\/p>\n<p class=\"article-content article-content-width !bg-background\">Karlan perheeseen kuuluu my\u00f6s m\u00e4yr\u00e4koira Aili.<\/p>\n<p class=\"article-content article-content-width !bg-background\">\u2013 H\u00e4n on pienikokoinen, suurella temperamentilla ja suurella persoonalla varustettu koira. H\u00e4n on kyll\u00e4 ollut t\u00e4rke\u00e4 osa perhett\u00e4mme siit\u00e4 l\u00e4htien, kun h\u00e4n meille tuli.<\/p>\n<p>                <img decoding=\"async\" src=\"https:\/\/www.europesays.com\/fi\/wp-content\/uploads\/2025\/10\/1941833.webp\" width=\"576\" height=\"639\" title=\"Aili-koira tuli Karlan perheeseen alkuvuodesta. \u2013 Koira on my\u00f6skin ollut t\u00e4rke\u00e4 tunteiden kohtaamiskeino, Karla toteaa.\" alt=\"Karla Karmala ja Aili-koira yhteiskuvassa.\" loading=\"lazy\" \/>            <\/p>\n<p>\n            Aili-koira tuli Karlan perheeseen alkuvuodesta. \u2013 Koira on my\u00f6skin ollut t\u00e4rke\u00e4 tunteiden kohtaamiskeino, Karla toteaa.<br \/>\n            Karla Karmalan albumi\n        <\/p>\n<p class=\"article-content article-content-width !bg-background\">\u2013 Aili on v\u00e4h\u00e4n sellainen meik\u00e4l\u00e4isen prinsessa. H\u00e4n saa huomiota ja oikein neitim\u00e4ist\u00e4 kohtelua. Se kyll\u00e4 n\u00e4kyy h\u00e4nen k\u00e4yt\u00f6ksess\u00e4\u00e4nkin v\u00e4lill\u00e4.<\/p>\n<p class=\"article-content article-content-width !bg-background\">Lemmikki tuli Karlan perheeseen alkuvuodesta, kun oikeusk\u00e4sittely painoi p\u00e4\u00e4lle.<\/p>\n<p class=\"article-content article-content-width !bg-background\">\u2013 H\u00e4n piti minut aktiivisena. AIli niin sanotusti pakotti minut ulkoilemaan ja antoi sit\u00e4 rakkautta. <\/p>\n<p class=\"article-content article-content-width !bg-background\">\u2013 Koira on my\u00f6skin ollut t\u00e4rke\u00e4 tunteiden kohtaamiskeino. Ailin hoitaminen on ollut t\u00e4rke\u00e4\u00e4 ja tehnyt minulle hyv\u00e4\u00e4, my\u00f6s oman p\u00e4\u00e4koppani kannalta.<\/p>\n<p>Haluaa opettajaksi<\/p>\n<p class=\"article-content article-content-width !bg-background\">Karla opiskelee Jyv\u00e4skyl\u00e4n yliopistossa luokanopettajaksi ja musiikin aineenopettajaksi.\u00a0<\/p>\n<p class=\"article-content article-content-width !bg-background\">H\u00e4n mainitsee keskustelleensa rikosasiastaan my\u00f6s yliopiston edustajien kanssa.<\/p>\n<p class=\"article-content article-content-width !bg-background\">\u2013 Koska se oli niin julkinen asia, totta kai se piti k\u00e4yd\u00e4 l\u00e4pi. Mielest\u00e4ni yliopisto on tehnyt erinomaista ty\u00f6t\u00e4, kun minulle tarjottiin tukea ja haluttiin varmistaa my\u00f6s hyvinvointini.<\/p>\n<p>                <img decoding=\"async\" src=\"https:\/\/www.europesays.com\/fi\/wp-content\/uploads\/2025\/10\/1941835.webp\" width=\"576\" height=\"639\" alt=\"Karla aikoo vet\u00e4yty\u00e4 julkisuudesta ja keskitty\u00e4 jatkossa l\u00e4heisiins\u00e4 sek\u00e4 opintoihinsa.\" loading=\"lazy\" \/>            <\/p>\n<p>\n            Karla aikoo vet\u00e4yty\u00e4 julkisuudesta ja keskitty\u00e4 jatkossa l\u00e4heisiins\u00e4 sek\u00e4 opintoihinsa.<br \/>\n            Karla Karmalan albumi\n        <\/p>\n<p class=\"article-content article-content-width !bg-background\">\u2013 Se asia on k\u00e4sitelty nyt ja menneisyytt\u00e4 ei voi muuttaa. En voi tehd\u00e4 muuta kuin itse toimia jatkossa ja tulevaisuudessa paremmin, Karla toteaa.<\/p>\n<p class=\"article-content article-content-width !bg-background\">Karlan on m\u00e4\u00e4r\u00e4 valmistua yliopistolta viimeist\u00e4\u00e4n vuonna 2029.\u00a0<\/p>\n<p class=\"article-content article-content-width !bg-background\">\u2013 Minua kiehtoo uuden oppiminen ja uusien asioiden opettaminen. Olen aina kokenut olevani aika hyv\u00e4 vuorovaikuttaja.<\/p>\n<p class=\"article-content article-content-width !bg-background\">\u2013\u00a0Kun itsell\u00e4nikin on kiusaamistaustaa peruskoulusta, jotenkin tuntee merkitykselliseksi sen, ett\u00e4 voi tarjota turvallisen ymp\u00e4rist\u00f6n lapsille.\u00a0K\u00e4yt\u00e4n omia vastoink\u00e4ymisi\u00e4ni voimavarana, jotta voisin olla parempi opettaja.\u00a0<\/p>\n<p>        <a itemprop=\"url\" href=\"https:\/\/www.seiska.fi\/rikos\/uutta-tietoa-arja-korisevan-karla-tyttaren-rikostuomiosta\/1667384\" rel=\"nofollow noopener\" target=\"_blank\"><\/p>\n<p>\nArja Korisevan Karla-tytt\u00e4ren rikostuomio\n<\/p>\n<p class=\"section-date\">\n        <strong class=\"article-section\" data-section=\"rikos\"><br \/>\n            rikos<br \/>\n        <\/strong><br \/>\n        7.4. 14:31\n    <\/p>\n<p>Uutta tietoa Arja Korisevan Karla-tytt\u00e4ren rikostuomiosta\n    <\/p>\n<p itemprop=\"description\" class=\"subtitle \">\n    Arja Korisevan tytt\u00e4ren sotilasrikostuomio on puhuttanut viime aikoina.\n<\/p>\n<p>        <\/a><\/p>\n","protected":false},"excerpt":{"rendered":"Karla Karmala Karla Karmalan kotialbumi Karla kertoo Seiskalle olevansa onnellisesti parisuhteessa. Perheeseen kuuluu lis\u00e4ksi s\u00f6p\u00f6 Aili-koira. Seiska uutisoi&hellip;\n","protected":false},"author":2,"featured_media":50223,"comment_status":"","ping_status":"","sticky":false,"template":"","format":"standard","meta":{"footnotes":""},"categories":[136],"tags":[10020,3579,407,137,33,31,30,408,12159,3434,4632,3427,1496,98,1311,32,109],"class_list":{"0":"post-50222","1":"post","2":"type-post","3":"status-publish","4":"format-standard","5":"has-post-thumbnail","7":"category-julkkikset","8":"tag-arja-koriseva","9":"tag-arki","10":"tag-celebrities","11":"tag-entertainment","12":"tag-fi","13":"tag-finland","14":"tag-finnish","15":"tag-julkkikset","16":"tag-karla-karmala","17":"tag-koira","18":"tag-lemmikit","19":"tag-lemmikki","20":"tag-parisuhde","21":"tag-perhe","22":"tag-rakkaus","23":"tag-suomi","24":"tag-viihde"},"share_on_mastodon":{"url":"","error":""},"_links":{"self":[{"href":"https:\/\/www.europesays.com\/fi\/wp-json\/wp\/v2\/posts\/50222","targetHints":{"allow":["GET"]}}],"collection":[{"href":"https:\/\/www.europesays.com\/fi\/wp-json\/wp\/v2\/posts"}],"about":[{"href":"https:\/\/www.europesays.com\/fi\/wp-json\/wp\/v2\/types\/post"}],"author":[{"embeddable":true,"href":"https:\/\/www.europesays.com\/fi\/wp-json\/wp\/v2\/users\/2"}],"replies":[{"embeddable":true,"href":"https:\/\/www.europesays.com\/fi\/wp-json\/wp\/v2\/comments?post=50222"}],"version-history":[{"count":0,"href":"https:\/\/www.europesays.com\/fi\/wp-json\/wp\/v2\/posts\/50222\/revisions"}],"wp:featuredmedia":[{"embeddable":true,"href":"https:\/\/www.europesays.com\/fi\/wp-json\/wp\/v2\/media\/50223"}],"wp:attachment":[{"href":"https:\/\/www.europesays.com\/fi\/wp-json\/wp\/v2\/media?parent=50222"}],"wp:term":[{"taxonomy":"category","embeddable":true,"href":"https:\/\/www.europesays.com\/fi\/wp-json\/wp\/v2\/categories?post=50222"},{"taxonomy":"post_tag","embeddable":true,"href":"https:\/\/www.europesays.com\/fi\/wp-json\/wp\/v2\/tags?post=50222"}],"curies":[{"name":"wp","href":"https:\/\/api.w.org\/{rel}","templated":true}]}}