{"id":50235,"date":"2025-10-01T05:41:09","date_gmt":"2025-10-01T05:41:09","guid":{"rendered":"https:\/\/www.europesays.com\/fi\/50235\/"},"modified":"2025-10-01T05:41:09","modified_gmt":"2025-10-01T05:41:09","slug":"yha-harvempi-vaihtaa-toita-koska-ajat-ovat-niin-kovat","status":"publish","type":"post","link":"https:\/\/www.europesays.com\/fi\/50235\/","title":{"rendered":"Yh\u00e4 harvempi vaihtaa t\u00f6it\u00e4, koska ajat ovat niin kovat"},"content":{"rendered":"<p>Ty\u00f6nteko|Reilu viidennes eli 22 prosenttia miettii usein irtisanoutumista, kun viel\u00e4 viime vuoden lopulla luku oli kolme prosenttiyksikk\u00f6\u00e4 suurempi.<\/p>\n<p>Lue tiivistelm\u00e4<\/p>\n<p>Tiivistelm\u00e4 on teko\u00e4lyn tekem\u00e4 ja ihmisen tarkistama.<\/p>\n<p class=\"article-body mb-nof-24 px-nof-16 sndp-summary-bullet-point-font\">Ty\u00f6terveyslaitos kertoo, ett\u00e4 yh\u00e4 harvempi harkitsee irtisanoutumista ty\u00f6st\u00e4\u00e4n.<\/p>\n<p class=\"article-body mb-nof-24 px-nof-16 sndp-summary-bullet-point-font\">Tutkimuksen mukaan 22 prosenttia miettii usein irtisanoutumista, mik\u00e4 on kolme prosenttiyksikk\u00f6\u00e4 v\u00e4hemm\u00e4n kuin viime vuoden lopulla.<\/p>\n<p class=\"article-body mb-nof-24 px-nof-16 sndp-summary-bullet-point-font\">Etenkin alle 30-vuotiaiden aikeet vaihtaa ty\u00f6paikkaa ovat v\u00e4hentyneet, mik\u00e4 voi johtua ty\u00f6n imun noususta tai ep\u00e4varmasta ty\u00f6markkinatilanteesta.<\/p>\n<p class=\"article-body mb-nof-24 px-nof-16\">Yh\u00e4 harvempi harkitsee irtisanoutuvansa ty\u00f6st\u00e4\u00e4n.<\/p>\n<p class=\"article-body mb-nof-24 px-nof-16\">Reilu viidennes eli 22 prosenttia miettii usein irtisanoutumista, kun viel\u00e4 viime vuoden lopulla luku oli 25 prosenttia. Asia ilmenee Ty\u00f6terveyslaitoksen tuoreesta tutkimuksesta.<\/p>\n<p class=\"article-body mb-nof-24 px-nof-16\">Etenkin alle 30-vuotiaiden aikeet vaihtaa ty\u00f6paikkaa ovat v\u00e4hentyneet. Tutkijat pit\u00e4v\u00e4t k\u00e4\u00e4nnett\u00e4 my\u00f6nteisen\u00e4, mutta se voi my\u00f6s viesti\u00e4 ep\u00e4varmuudesta saada uutta ty\u00f6t\u00e4.<\/p>\n<p class=\"article-body mb-nof-24 px-nof-16\">\u201dTy\u00f6n imu ennustaa sitoutumista ja halua jatkaa nykyisess\u00e4 ty\u00f6paikassa, joten sen nousu v\u00e4est\u00f6tasolla ja laskun pys\u00e4htyminen vihdoin my\u00f6s nuorilla voi selitt\u00e4\u00e4 irtisanoutumisaikeiden v\u00e4henemist\u00e4. My\u00f6s yleinen heikko ty\u00f6markkinatilanne voi vaikuttaa asiaan\u201d, sanoo tiedotteessa tutkimusprofessori <a class=\"article-personlink\" href=\"https:\/\/www.hs.fi\/haku\/?query=Jari%20Hakanen\" rel=\"nofollow noopener\" target=\"_blank\">Jari Hakanen <\/a>Ty\u00f6terveyslaitoksesta.<\/p>\n<p class=\"article-body mb-nof-24 px-nof-16\">Tutkimustulokset ovat p\u00e4\u00e4ttyneelt\u00e4 kes\u00e4lt\u00e4, joten niihin eiv\u00e4t v\u00e4ltt\u00e4m\u00e4tt\u00e4 viel\u00e4 heijastu vastik\u00e4\u00e4n julki tulleet surkeat ty\u00f6tt\u00f6myystilastot.<\/p>\n<p class=\"article-body mb-nof-24 px-nof-16\">Ty\u00f6tt\u00f6myysasteen trendiluku, joka tasoittaa kausivaihteluita, nousi elokuussa poikkeuksellisen korkealle eli 10 prosenttiin. Hyvin huolestuttavia <a class=\"article-genericlink\" href=\"https:\/\/www.hs.fi\/talous\/art-2000011503919.html\" rel=\"nofollow noopener\" target=\"_blank\">lukuja on tullut<\/a> pitk\u00e4aikaisty\u00f6tt\u00f6myydest\u00e4.<\/p>\n<p class=\"article-body mb-nof-24 px-nof-16\">Viel\u00e4 viime vuonna alle 36-vuotiaista jopa 31 prosenttia harkitsi irtisanoutumista ja sit\u00e4 vanhemmista 24 prosenttia.<\/p>\n<p class=\"article-body mb-nof-24 px-nof-16\">Laitos muutti laskutapaansa, joten ik\u00e4haarukoiden vertailu t\u00e4h\u00e4n kes\u00e4\u00e4n ei onnistu. Nyt raja menee alle kolmekymppisiss\u00e4, joista 21 prosenttia kaavaili l\u00e4ht\u00f6paperin j\u00e4tt\u00e4mist\u00e4.<\/p>\n<p class=\"article-body mb-nof-24 px-nof-16\">30\u201345-vuotiaat ovat innokkaimpia ty\u00f6nvaihtajia, kun taas uran ehtoopuolella olevista vain alle viidennes harkitsi asiaa.<\/p>\n<p class=\"article-body mb-nof-24 px-nof-16\">Varttuneemmat ty\u00f6ntekij\u00e4t ovat muutenkin sitoutuneimpia ty\u00f6ntekoon ja kokevat v\u00e4hemm\u00e4n ty\u00f6uupumusoireilua.<\/p>\n<p class=\"article-body mb-nof-24 px-nof-16\">\u201dIk\u00e4ryhmien v\u00e4liset erot ovat selkeit\u00e4. Nuoremmat ik\u00e4ryhm\u00e4t kokevat yleisesti v\u00e4hemm\u00e4n ty\u00f6n imua ja useammin ty\u00f6ss\u00e4 tylsistymist\u00e4. Olemme havainneet t\u00e4m\u00e4n ilmi\u00f6n jo aikaisempinakin vuosina\u201d, sanoo tiedotteessa tutkija <a class=\"article-personlink\" href=\"https:\/\/www.hs.fi\/haku\/?query=Sampo%20Suutala\" rel=\"nofollow noopener\" target=\"_blank\">Sampo Suutala <\/a>Ty\u00f6terveyslaitoksesta.<\/p>\n<p class=\"article-body mb-nof-24 px-nof-16\">Tutkimuksesta ilmenee, ett\u00e4 isossa kuvassa usko tulevaan on heikentynyt \u2013 siihen, ett\u00e4 ty\u00f6 muuttuisi paremmaksi.<\/p>\n<p class=\"article-body mb-nof-24 px-nof-16\">Ty\u00f6terveyslaitoksen Miten Suomi voi? -tutkimus on seurannut ty\u00f6hyvinvointia ja ty\u00f6asenteita vuodesta 2019.<\/p>\n<p class=\"article-body mb-nof-24 px-nof-16\">Kyselyihin vastanneet ovat ty\u00f6ss\u00e4k\u00e4yvi\u00e4 18\u201365-vuotiaita suomalaisia. Tarkempia tuloksia <a class=\"article-genericlink\" href=\"https:\/\/issuu.com\/tyoterveyslaitos\/docs\/miten_suomi_voi_-tutkimuksen_tuloskooste_1.10.202\" rel=\"nofollow noopener\" target=\"_blank\">voi selata tutkimuksen verkkosivuilta.<\/a><\/p>\n","protected":false},"excerpt":{"rendered":"Ty\u00f6nteko|Reilu viidennes eli 22 prosenttia miettii usein irtisanoutumista, kun viel\u00e4 viime vuoden lopulla luku oli kolme prosenttiyksikk\u00f6\u00e4 suurempi.&hellip;\n","protected":false},"author":2,"featured_media":50236,"comment_status":"","ping_status":"","sticky":false,"template":"","format":"standard","meta":{"footnotes":""},"categories":[5],"tags":[22,23,26,27,33,31,30,17,46,24,25,28,29,15,18,21,32,19,20,16],"class_list":{"0":"post-50235","1":"post","2":"type-post","3":"status-publish","4":"format-standard","5":"has-post-thumbnail","7":"category-otsikot","8":"tag-breaking-news","9":"tag-breakingnews","10":"tag-featured-news","11":"tag-featurednews","12":"tag-fi","13":"tag-finland","14":"tag-finnish","15":"tag-headlines","16":"tag-helsingin-sanomat","17":"tag-latest-news","18":"tag-latestnews","19":"tag-main-news","20":"tag-mainnews","21":"tag-news","22":"tag-otsikot","23":"tag-paauutiset","24":"tag-suomi","25":"tag-top-stories","26":"tag-topstories","27":"tag-uutiset"},"share_on_mastodon":{"url":"","error":""},"_links":{"self":[{"href":"https:\/\/www.europesays.com\/fi\/wp-json\/wp\/v2\/posts\/50235","targetHints":{"allow":["GET"]}}],"collection":[{"href":"https:\/\/www.europesays.com\/fi\/wp-json\/wp\/v2\/posts"}],"about":[{"href":"https:\/\/www.europesays.com\/fi\/wp-json\/wp\/v2\/types\/post"}],"author":[{"embeddable":true,"href":"https:\/\/www.europesays.com\/fi\/wp-json\/wp\/v2\/users\/2"}],"replies":[{"embeddable":true,"href":"https:\/\/www.europesays.com\/fi\/wp-json\/wp\/v2\/comments?post=50235"}],"version-history":[{"count":0,"href":"https:\/\/www.europesays.com\/fi\/wp-json\/wp\/v2\/posts\/50235\/revisions"}],"wp:featuredmedia":[{"embeddable":true,"href":"https:\/\/www.europesays.com\/fi\/wp-json\/wp\/v2\/media\/50236"}],"wp:attachment":[{"href":"https:\/\/www.europesays.com\/fi\/wp-json\/wp\/v2\/media?parent=50235"}],"wp:term":[{"taxonomy":"category","embeddable":true,"href":"https:\/\/www.europesays.com\/fi\/wp-json\/wp\/v2\/categories?post=50235"},{"taxonomy":"post_tag","embeddable":true,"href":"https:\/\/www.europesays.com\/fi\/wp-json\/wp\/v2\/tags?post=50235"}],"curies":[{"name":"wp","href":"https:\/\/api.w.org\/{rel}","templated":true}]}}