{"id":50237,"date":"2025-10-01T05:53:10","date_gmt":"2025-10-01T05:53:10","guid":{"rendered":"https:\/\/www.europesays.com\/fi\/50237\/"},"modified":"2025-10-01T05:53:10","modified_gmt":"2025-10-01T05:53:10","slug":"salkkareitten-seppo-nayttelija-jarmo-koski-menetti-saastonsa-sijoituskoijauksessa-kertoo-elamakerta","status":"publish","type":"post","link":"https:\/\/www.europesays.com\/fi\/50237\/","title":{"rendered":"Salkkareitten Seppo, n\u00e4yttelij\u00e4 Jarmo Koski menetti s\u00e4\u00e4st\u00f6ns\u00e4 sijoituskoijauksessa, kertoo el\u00e4m\u00e4kerta"},"content":{"rendered":"<p>Salatut el\u00e4m\u00e4t -t\u00e4hten\u00e4 tunnettu, Salkkareitten Seppo Taalasmaata esitt\u00e4v\u00e4 Jarmo Koski menetti l\u00e4hes kaikki henkil\u00f6kohtaiset s\u00e4\u00e4st\u00f6ns\u00e4 noin kymmenen vuoden aikana ulkomaisessa nettihuijauksessa.<\/p>\n<p>Asia k\u00e4y ilmi h\u00e4nest\u00e4 kirjoitetussa ja pian ilmestyv\u00e4ss\u00e4 el\u00e4m\u00e4kertakirjassa.<\/p>\n<p>Sijoittaminen alkoi kymmenisen vuotta sitten, kun Koski sijoitti bin\u00e4\u00e4rioptioihin, joita mainostettiin nopeina ja varmoina tuottoina. H\u00e4n sai aiheesta s\u00e4hk\u00f6postin, jota ei ymm\u00e4rt\u00e4nyt huijaukseksi.<\/p>\n<p>Aluksi mies sijoitti vain 200 euroa, mutta nopeasti summat kasvoivat. Koski siirsi useita kymmeni\u00e4 tuhansia euroja ja j\u00e4i puille paljaille.<\/p>\n<p>\u2013Ajatus niukasta vanhuudesta ahdisti. Halusin uskoa lupauksiin, joita kuulin. Joten siirsin lis\u00e4\u00e4 rahaa, kertoo kirja.<\/p>\n<p>Jarmo Koski joutui huijatuksi itse asiassa tuplasti<\/p>\n<p>Kirjassa mies kertoo olleensa lopulta niin syv\u00e4ll\u00e4 kuviossa, ettei h\u00e4nell\u00e4 ollut muuta vaihtoehtoa kuin jatkaa.<\/p>\n<p>Nykyisin Koski on 74-vuotias. Huijausten aikaan h\u00e4n oli hieman yli kuusikymppinen.<\/p>\n<p>Lopulta huijaus sai lis\u00e4\u00e4 kierroksia, kun Koskeen otti yhteytt\u00e4 henkil\u00f6 nimelt\u00e4 Robert Martini, joka v\u00e4itti olevansa kalifornialainen syytt\u00e4j\u00e4. H\u00e4n lupasi palauttaa rahat, mutta se kustansi tietenkin lis\u00e4\u00e4.<\/p>\n<p>Koski jatkoi \u201dasian selvitt\u00e4mist\u00e4\u201d pikavipeill\u00e4 ja vaihtoi jopa autonsa saadakseen k\u00e4teist\u00e4. Pankki her\u00e4si asiaan ja kysyi Koskelta, ett\u00e4 ei kai h\u00e4nt\u00e4 huijata. Koski kiisti.<\/p>\n<p>Kun perhe sai tiet\u00e4\u00e4 asiasta se teki Koskesta huoli-ilmoituksen.<\/p>\n<p>N\u00e4yttelij\u00e4 joutuu maksamaan lainaa takaisin 2030-luvulle asti. Kirjassa h\u00e4n sanoo tuntevansa edelleen suoranaista h\u00e4pe\u00e4\u00e4.<\/p>\n<p>-Tulen kantamaan t\u00e4t\u00e4 asiaa mieless\u00e4ni varmasti koko ik\u00e4ni, h\u00e4n toteaa Sanna Kajander-Ruuthin kirjassa Jarmo Koski \u2013 Salattu el\u00e4m\u00e4ni (S&amp;S 2025). Asiasta kirjoittaa my\u00f6s <a href=\"https:\/\/www.is.fi\/viihde\/art-2000011502329.html?\" rel=\"nofollow noopener\" target=\"_blank\">Ilta-Sanomat.<\/a><\/p>\n<p>Lue my\u00f6s: <a href=\"https:\/\/www.como.fi\/uutiset\/salkkarit-seppo-jarmo-koskesta-leviaa-poyristyttava-uutinen\/\" title=\"Salkkarit-Seppo Jarmo Koskesta levi\u00e4\u00e4 p\u00f6yristytt\u00e4v\u00e4 uutinen\" class=\"underline-custom !font-montserrat !font-bold !underline-offset-4 !decoration-4 !decoration-red-600 !text-md\" rel=\"nofollow noopener\" target=\"_blank\">Salkkarit-Seppo Jarmo Koskesta levi\u00e4\u00e4 p\u00f6yristytt\u00e4v\u00e4 uutinen<\/a><\/p>\n<p>Lue my\u00f6s: <a href=\"https:\/\/www.como.fi\/uutiset\/salkkari-fanit-tyrmistyivat-tama-meni-jo-liian-pitkalle\/\" title=\"Salkkari-fanit tyrmistyiv\u00e4t: \u201dT\u00e4m\u00e4 meni jo liian pitk\u00e4lle\u201d\" class=\"underline-custom !font-montserrat !font-bold !underline-offset-4 !decoration-4 !decoration-red-600 !text-md\" rel=\"nofollow noopener\" target=\"_blank\">Salkkari-fanit tyrmistyiv\u00e4t: \u201dT\u00e4m\u00e4 meni jo liian pitk\u00e4lle\u201d<\/a><\/p>\n<p>Lue my\u00f6s: <a href=\"https:\/\/www.como.fi\/tilaa-comon-uutiskirje\/\" title=\"Tilaa Comon uutiskirje ja tied\u00e4t mist\u00e4 kahvitauolla puhutaan! Nappaa kotimaan tv-vinkit ja puheenaiheet suoraan s\u00e4hk\u00f6postiin t\u00e4st\u00e4.\" class=\"underline-custom !font-montserrat !font-bold !underline-offset-4 !decoration-4 !decoration-red-600 !text-md\" rel=\"nofollow noopener\" target=\"_blank\">Tilaa Comon uutiskirje ja tied\u00e4t mist\u00e4 kahvitauolla puhutaan! Nappaa kotimaan tv-vinkit ja puheenaiheet suoraan s\u00e4hk\u00f6postiin t\u00e4st\u00e4.<\/a><\/p>\n","protected":false},"excerpt":{"rendered":"Salatut el\u00e4m\u00e4t -t\u00e4hten\u00e4 tunnettu, Salkkareitten Seppo Taalasmaata esitt\u00e4v\u00e4 Jarmo Koski menetti l\u00e4hes kaikki henkil\u00f6kohtaiset s\u00e4\u00e4st\u00f6ns\u00e4 noin kymmenen vuoden&hellip;\n","protected":false},"author":2,"featured_media":50238,"comment_status":"","ping_status":"","sticky":false,"template":"","format":"standard","meta":{"footnotes":""},"categories":[136],"tags":[407,137,33,31,30,12324,408,32,109],"class_list":{"0":"post-50237","1":"post","2":"type-post","3":"status-publish","4":"format-standard","5":"has-post-thumbnail","7":"category-julkkikset","8":"tag-celebrities","9":"tag-entertainment","10":"tag-fi","11":"tag-finland","12":"tag-finnish","13":"tag-jarmo-koski","14":"tag-julkkikset","15":"tag-suomi","16":"tag-viihde"},"share_on_mastodon":{"url":"","error":""},"_links":{"self":[{"href":"https:\/\/www.europesays.com\/fi\/wp-json\/wp\/v2\/posts\/50237","targetHints":{"allow":["GET"]}}],"collection":[{"href":"https:\/\/www.europesays.com\/fi\/wp-json\/wp\/v2\/posts"}],"about":[{"href":"https:\/\/www.europesays.com\/fi\/wp-json\/wp\/v2\/types\/post"}],"author":[{"embeddable":true,"href":"https:\/\/www.europesays.com\/fi\/wp-json\/wp\/v2\/users\/2"}],"replies":[{"embeddable":true,"href":"https:\/\/www.europesays.com\/fi\/wp-json\/wp\/v2\/comments?post=50237"}],"version-history":[{"count":0,"href":"https:\/\/www.europesays.com\/fi\/wp-json\/wp\/v2\/posts\/50237\/revisions"}],"wp:featuredmedia":[{"embeddable":true,"href":"https:\/\/www.europesays.com\/fi\/wp-json\/wp\/v2\/media\/50238"}],"wp:attachment":[{"href":"https:\/\/www.europesays.com\/fi\/wp-json\/wp\/v2\/media?parent=50237"}],"wp:term":[{"taxonomy":"category","embeddable":true,"href":"https:\/\/www.europesays.com\/fi\/wp-json\/wp\/v2\/categories?post=50237"},{"taxonomy":"post_tag","embeddable":true,"href":"https:\/\/www.europesays.com\/fi\/wp-json\/wp\/v2\/tags?post=50237"}],"curies":[{"name":"wp","href":"https:\/\/api.w.org\/{rel}","templated":true}]}}