{"id":50245,"date":"2025-10-01T06:01:08","date_gmt":"2025-10-01T06:01:08","guid":{"rendered":"https:\/\/www.europesays.com\/fi\/50245\/"},"modified":"2025-10-01T06:01:08","modified_gmt":"2025-10-01T06:01:08","slug":"tis-inka-saa-kuulla-bostonin-pettamisesta-murtuu-iltanuotiolla-taysin","status":"publish","type":"post","link":"https:\/\/www.europesays.com\/fi\/50245\/","title":{"rendered":"TIS: Inka saa kuulla Bostonin pett\u00e4misest\u00e4 \u2013 murtuu iltanuotiolla t\u00e4ysin"},"content":{"rendered":"<p>Varo juonipaljastuksia! Yksi varatuista naisista murtuu iltanuotiolla t\u00e4ysin.<\/p>\n<p class=\"article-body mb-nof-24 px-nof-16\">Uuden Temptation Island Suomi -kauden toisessa jaksossa <a class=\"article-personlink\" href=\"https:\/\/www.is.fi\/haku\/?query=Inkalle\" rel=\"nofollow noopener\" target=\"_blank\">Inkalle<\/a>, 20, selvi\u00e4\u00e4, ett\u00e4 <a class=\"article-personlink\" href=\"https:\/\/www.is.fi\/haku\/?query=Boston\" rel=\"nofollow noopener\" target=\"_blank\">Boston<\/a>, 18, on pett\u00e4nyt h\u00e4nt\u00e4 jo ennen tosi-tv-ohjelman kuvauksia. H\u00e4n saa tiet\u00e4\u00e4 asiasta iltanuotiolla, jossa varatuille naisille n\u00e4ytet\u00e4\u00e4n videoita miesten villan bileist\u00e4.<\/p>\n<p class=\"article-body mb-nof-24 px-nof-16\">Jakso on n\u00e4ht\u00e4vill\u00e4 Ruutu+-palvelussa.<\/p>\n<p class=\"article-body mb-nof-24 px-nof-16\">Varo juonipaljastuksia!<\/p>\n<p class=\"article-body mb-nof-24 px-nof-16\">Inkalle n\u00e4ytetyll\u00e4 videolla n\u00e4hd\u00e4\u00e4n, kuinka <a class=\"article-personlink\" href=\"https:\/\/www.is.fi\/haku\/?query=Nella\" rel=\"nofollow noopener\" target=\"_blank\">Nella <\/a>kertoo <a class=\"article-personlink\" href=\"https:\/\/www.is.fi\/haku\/?query=Semille\" rel=\"nofollow noopener\" target=\"_blank\">Semille<\/a>, ett\u00e4 <a class=\"article-personlink\" href=\"https:\/\/www.is.fi\/haku\/?query=Eva\" rel=\"nofollow noopener\" target=\"_blank\">Eva <\/a>ja Boston ovat harrastaneet seksi\u00e4 laivalla maaliskuussa. Inka ja Boston ovat pit\u00e4neet yht\u00e4 tammikuusta l\u00e4htien.<\/p>\n<p class=\"article-body mb-nof-24 px-nof-16\">Videolla kuullaan my\u00f6s Bostonin ja Evan v\u00e4lisi\u00e4 keskusteluja sek\u00e4 varattujen miesten kommentteja asiasta.<\/p>\n<p class=\"article-body mb-nof-24 px-nof-16\">Inka on selv\u00e4sti j\u00e4rkyttynyt kuulemastaan. H\u00e4n pudistelee p\u00e4\u00e4t\u00e4\u00e4n, py\u00f6rittelee silmi\u00e4\u00e4n ja peittelee kasvojaan.<\/p>\n<p class=\"article-body mb-nof-24 px-nof-16\">\u2013 Tuskin tuota osasit odottaa, juontaja <a class=\"article-personlink\" href=\"https:\/\/www.is.fi\/haku\/?query=Sami%20Kuronen\" rel=\"nofollow noopener\" target=\"_blank\">Sami Kuronen<\/a> toteaa videon j\u00e4lkeen.<\/p>\n<p class=\"article-body mb-nof-24 px-nof-16\">\u2013 En, Inka vastaa.<\/p>\n<p class=\"article-body mb-nof-24 px-nof-16\">\u2013 Mit\u00e4 ajatuksia tuosta her\u00e4\u00e4?<\/p>\n<p class=\"article-body mb-nof-24 px-nof-16\">\u2013 Mit\u00e4 helvetti\u00e4?! Inka aloittaa.<\/p>\n<p class=\"article-body mb-nof-24 px-nof-16\">H\u00e4n jatkaa kertomalla, ett\u00e4 tiet\u00e4\u00e4 Evan entuudestaan. Inka ja Boston olivat tavanneet naisen laivareissun j\u00e4lkeen.<\/p>\n<p class=\"article-body mb-nof-24 px-nof-16\">\u2013 Boston kertoi, ett\u00e4 h\u00e4n n\u00e4ki t\u00e4m\u00e4n siell\u00e4 laivalla. H\u00e4n sanoi, ett\u00e4 joku nainen oli pussannut h\u00e4nt\u00e4 poskelle, kun h\u00e4n oli ollut nukkumassa. Se on ainut, mit\u00e4 tied\u00e4n, tai mit\u00e4 Boston on minulle kertonut, Inka avaa.<\/p>\n<p class=\"article-body mb-nof-24 px-nof-16\">\u2013 Minulla on ihan vitun hirve\u00e4 olo.<\/p>\n<p><img decoding=\"async\" src=\"https:\/\/www.europesays.com\/fi\/wp-content\/uploads\/2025\/10\/1759298468_907_468.jpg\" alt=\"Julia kuvattuna TIS-pressitilaisuudessa Helsingiss\u00e4 syyskuussa.\" class=\"_Img_tdqg8_1\" style=\"aspect-ratio:1.5\" loading=\"eager\"\/><\/p>\n<p class=\"article-picture-caption\">Julia kuvattuna TIS-pressitilaisuudessa Helsingiss\u00e4 syyskuussa. Kuva:\u00a0Aleksi Jalava \/ IS<\/p>\n<p class=\"article-body mb-nof-24 px-nof-16\">Inka lis\u00e4\u00e4, ett\u00e4 Boston on vakuutellut h\u00e4nelle, ettei ikin\u00e4 pett\u00e4isi Inkaa. Boston on my\u00f6s v\u00e4itt\u00e4nyt, ett\u00e4 jos jompikumpi heist\u00e4 pett\u00e4isi, se olisi Inka.<\/p>\n<p class=\"article-body mb-nof-24 px-nof-16\">Saarella varattuna naisena oleva <a class=\"article-personlink\" href=\"https:\/\/www.is.fi\/haku\/?query=Julia\" rel=\"nofollow noopener\" target=\"_blank\">Julia<\/a> ei s\u00e4\u00e4stele sanojaan, kun Kuronen kysyy muiden naisten ajatuksia videosta.<\/p>\n<p class=\"article-body mb-nof-24 px-nof-16\">\u2013 Aika helvetin n\u00f6yryytt\u00e4v\u00e4\u00e4. T\u00e4m\u00e4 j\u00e4tk\u00e4 on aivan k\u00e4\u00e4rme. Oksettava. Ihan vitun oksettava! Ei minulla ole muuta sanottavaa. Aivan siis sika! Julia lataa.<\/p>\n<p class=\"article-body mb-nof-24 px-nof-16\">\u2013 Ehk\u00e4 t\u00e4ss\u00e4 on vastaus kaikkiin kysymyksiin, joita l\u00e4hdin hakemaan t\u00e4\u00e4lt\u00e4, Inka pohtii.<\/p>\n<p class=\"article-body mb-nof-24 px-nof-16\">Iltanuotion j\u00e4lkeen Inka murtuu t\u00e4ysin. H\u00e4n purskahtaa itkuun, eik\u00e4 pysty en\u00e4\u00e4 puhumaan. Muut naiset lohduttavat h\u00e4nt\u00e4.<\/p>\n<p class=\"article-body mb-nof-24 px-nof-16\">\u2013 Aivan kauheaa, miten h\u00e4n yritti viel\u00e4kin p\u00e4\u00e4st\u00e4 siit\u00e4 asiasta pois, <a class=\"article-personlink\" href=\"https:\/\/www.is.fi\/haku\/?query=Pihla\" rel=\"nofollow noopener\" target=\"_blank\">Pihla <\/a>sanoo.<\/p>\n<p class=\"article-body mb-nof-24 px-nof-16\">Kolmannen jakson alussa Inka kertoo tapahtumista sinkkumiehille. H\u00e4n heitt\u00e4\u00e4, ett\u00e4 nyt selvisi syy, miksei Boston halua harrastaa seksi\u00e4 h\u00e4nen kanssaan.<\/p>\n<p class=\"article-body mb-nof-24 px-nof-16\">\u2013 Kuten sanoin sinulle, jokainen n\u00e4kee kuinka kaunis ja upea nainen olet. Tuo poika ei ansaitse sinua, sinkkumies <a class=\"article-personlink\" href=\"https:\/\/www.is.fi\/haku\/?query=Carlos\" rel=\"nofollow noopener\" target=\"_blank\">Carlos <\/a>lohduttaa Inkaa.<\/p>\n<p class=\"article-body mb-nof-24 px-nof-16\">Varatut saavat mahdollisuuden k\u00e4ytt\u00e4\u00e4 \u201dh\u00e4t\u00e4kutsua\u201d, jolla yksi varattu p\u00e4\u00e4sisi keskustelemaan kumppaninsa kanssa kahden. H\u00e4t\u00e4kutsua voi k\u00e4ytt\u00e4\u00e4 vain kerran kauden aikana.<\/p>\n<p class=\"article-body mb-nof-24 px-nof-16\">Kukaan ei halua k\u00e4ytt\u00e4\u00e4 h\u00e4t\u00e4kutsua, mit\u00e4 <a class=\"article-personlink\" href=\"https:\/\/www.is.fi\/haku\/?query=Roope\" rel=\"nofollow noopener\" target=\"_blank\">Roope <\/a>ihmettelee. Roope on yksi varatuista miehist\u00e4.<\/p>\n<p class=\"article-body mb-nof-24 px-nof-16\">\u2013 Jos olisin ollut Boston ja oikeasti v\u00e4litt\u00e4isin edes v\u00e4h\u00e4n omasta mimmist\u00e4ni, olisin painanut sit\u00e4 nappia tuossa kohdassa ja mennyt puhumaan n\u00e4m\u00e4, Roope sanoo kameralle.<\/p>\n<p class=\"article-body nof-ui-body-medium mb-nof-24 px-nof-16\">Temptation Island Suomi Ruudussa 1. lokakuuta alkaen. Ilta-Sanomat, Ruutu ja Nelonen kuuluvat samaan Sanoma-konserniin.<\/p>\n","protected":false},"excerpt":{"rendered":"Varo juonipaljastuksia! Yksi varatuista naisista murtuu iltanuotiolla t\u00e4ysin. Uuden Temptation Island Suomi -kauden toisessa jaksossa Inkalle, 20, selvi\u00e4\u00e4,&hellip;\n","protected":false},"author":2,"featured_media":50246,"comment_status":"","ping_status":"","sticky":false,"template":"","format":"standard","meta":{"footnotes":""},"categories":[130],"tags":[137,33,31,30,34,32,109],"class_list":{"0":"post-50245","1":"post","2":"type-post","3":"status-publish","4":"format-standard","5":"has-post-thumbnail","7":"category-viihde","8":"tag-entertainment","9":"tag-fi","10":"tag-finland","11":"tag-finnish","12":"tag-ilta-sanomat","13":"tag-suomi","14":"tag-viihde"},"share_on_mastodon":{"url":"","error":""},"_links":{"self":[{"href":"https:\/\/www.europesays.com\/fi\/wp-json\/wp\/v2\/posts\/50245","targetHints":{"allow":["GET"]}}],"collection":[{"href":"https:\/\/www.europesays.com\/fi\/wp-json\/wp\/v2\/posts"}],"about":[{"href":"https:\/\/www.europesays.com\/fi\/wp-json\/wp\/v2\/types\/post"}],"author":[{"embeddable":true,"href":"https:\/\/www.europesays.com\/fi\/wp-json\/wp\/v2\/users\/2"}],"replies":[{"embeddable":true,"href":"https:\/\/www.europesays.com\/fi\/wp-json\/wp\/v2\/comments?post=50245"}],"version-history":[{"count":0,"href":"https:\/\/www.europesays.com\/fi\/wp-json\/wp\/v2\/posts\/50245\/revisions"}],"wp:featuredmedia":[{"embeddable":true,"href":"https:\/\/www.europesays.com\/fi\/wp-json\/wp\/v2\/media\/50246"}],"wp:attachment":[{"href":"https:\/\/www.europesays.com\/fi\/wp-json\/wp\/v2\/media?parent=50245"}],"wp:term":[{"taxonomy":"category","embeddable":true,"href":"https:\/\/www.europesays.com\/fi\/wp-json\/wp\/v2\/categories?post=50245"},{"taxonomy":"post_tag","embeddable":true,"href":"https:\/\/www.europesays.com\/fi\/wp-json\/wp\/v2\/tags?post=50245"}],"curies":[{"name":"wp","href":"https:\/\/api.w.org\/{rel}","templated":true}]}}