{"id":50250,"date":"2025-10-01T06:06:08","date_gmt":"2025-10-01T06:06:08","guid":{"rendered":"https:\/\/www.europesays.com\/fi\/50250\/"},"modified":"2025-10-01T06:06:08","modified_gmt":"2025-10-01T06:06:08","slug":"hsy-lopettaa-jatehuollon-hyvinvointialueille-paikalliset","status":"publish","type":"post","link":"https:\/\/www.europesays.com\/fi\/50250\/","title":{"rendered":"HSY lopettaa j\u00e4tehuollon hyvinvointialueille | Paikalliset"},"content":{"rendered":"<p>Helsingin seudun ymp\u00e4rist\u00f6palvelut HSY ei vastaa en\u00e4\u00e4 vuodenvaihteen j\u00e4lkeen hyvinvointialueiden j\u00e4tepalveluista Espoossa, Vantaalla, Kauniaisissa ja Kirkkonummella. Syyn\u00e4 on j\u00e4telain muutos, jolla Suomen hallitus haluaa avata j\u00e4temarkkinaa yksityisille toimijoille.<\/p>\n<p>Muuttunut j\u00e4telaki rajaa kunnan j\u00e4rjest\u00e4m\u00e4st\u00e4 j\u00e4tehuollosta pois yhdyskuntaj\u00e4tteen, joka syntyy hyvinvointialueille siirtyneiss\u00e4 sosiaali-, terveys- ja pelastuspalveluissa. Muutos koskee my\u00f6s yksityisten asumis- ja sote-palveluita tarjoavien toimipaikkojen j\u00e4tehuoltoa.<\/p>\n<p>\u2013\u2009HSY:n j\u00e4tepalvelu p\u00e4\u00e4ttyy vuoden 2025 loppuun, ellei asiakas irtisano sit\u00e4 jo aikaisemmin, HSY:n k\u00e4ytt\u00f6p\u00e4\u00e4llikk\u00f6 <strong>Juho Nuutinen<\/strong> kertoo tiedotteessa.<\/p>\n<p>Poikkeuksena ovat sellaiset hyvinvointialueiden toiminnot, joita j\u00e4rjestet\u00e4\u00e4n kunnan hyvinvointialueelle vuokraamissa tiloissa ja joissa j\u00e4tehuolto sis\u00e4ltyy vuokraan. Toinen poikkeus ovat kiinteist\u00f6t, joissa muiden huoneistojen j\u00e4tehuolto on HSY:n vastuulla, eli joissa hyvinvointialue on vain yksi toimija muiden joukossa.<\/p>\n<p>J\u00e4telain muutos ei koske Helsingin kaupunkia, koska Helsinki ei kuulu mihink\u00e4\u00e4n hyvinvointialueeseen, vaan j\u00e4rjest\u00e4\u00e4 sote-palvelut ja pelastustoimen itse.<\/p>\n","protected":false},"excerpt":{"rendered":"Helsingin seudun ymp\u00e4rist\u00f6palvelut HSY ei vastaa en\u00e4\u00e4 vuodenvaihteen j\u00e4lkeen hyvinvointialueiden j\u00e4tepalveluista Espoossa, Vantaalla, Kauniaisissa ja Kirkkonummella. Syyn\u00e4 on&hellip;\n","protected":false},"author":2,"featured_media":50251,"comment_status":"","ping_status":"","sticky":false,"template":"","format":"standard","meta":{"footnotes":""},"categories":[12],"tags":[681,22,23,400,26,27,33,31,30,17,104,3349,1833,24,25,614,28,29,15,18,21,402,32,19,20,16],"class_list":{"0":"post-50250","1":"post","2":"type-post","3":"status-publish","4":"format-standard","5":"has-post-thumbnail","7":"category-suomi","8":"tag-alue-ja-paikallishallinto","9":"tag-breaking-news","10":"tag-breakingnews","11":"tag-espoo","12":"tag-featured-news","13":"tag-featurednews","14":"tag-fi","15":"tag-finland","16":"tag-finnish","17":"tag-headlines","18":"tag-helsinki","19":"tag-kirkkonummi","20":"tag-kunnat","21":"tag-latest-news","22":"tag-latestnews","23":"tag-maakunta-uusimaa","24":"tag-main-news","25":"tag-mainnews","26":"tag-news","27":"tag-otsikot","28":"tag-paauutiset","29":"tag-rakentaminen-kiinteistot","30":"tag-suomi","31":"tag-top-stories","32":"tag-topstories","33":"tag-uutiset"},"share_on_mastodon":{"url":"","error":""},"_links":{"self":[{"href":"https:\/\/www.europesays.com\/fi\/wp-json\/wp\/v2\/posts\/50250","targetHints":{"allow":["GET"]}}],"collection":[{"href":"https:\/\/www.europesays.com\/fi\/wp-json\/wp\/v2\/posts"}],"about":[{"href":"https:\/\/www.europesays.com\/fi\/wp-json\/wp\/v2\/types\/post"}],"author":[{"embeddable":true,"href":"https:\/\/www.europesays.com\/fi\/wp-json\/wp\/v2\/users\/2"}],"replies":[{"embeddable":true,"href":"https:\/\/www.europesays.com\/fi\/wp-json\/wp\/v2\/comments?post=50250"}],"version-history":[{"count":0,"href":"https:\/\/www.europesays.com\/fi\/wp-json\/wp\/v2\/posts\/50250\/revisions"}],"wp:featuredmedia":[{"embeddable":true,"href":"https:\/\/www.europesays.com\/fi\/wp-json\/wp\/v2\/media\/50251"}],"wp:attachment":[{"href":"https:\/\/www.europesays.com\/fi\/wp-json\/wp\/v2\/media?parent=50250"}],"wp:term":[{"taxonomy":"category","embeddable":true,"href":"https:\/\/www.europesays.com\/fi\/wp-json\/wp\/v2\/categories?post=50250"},{"taxonomy":"post_tag","embeddable":true,"href":"https:\/\/www.europesays.com\/fi\/wp-json\/wp\/v2\/tags?post=50250"}],"curies":[{"name":"wp","href":"https:\/\/api.w.org\/{rel}","templated":true}]}}