{"id":50257,"date":"2025-10-01T06:21:08","date_gmt":"2025-10-01T06:21:08","guid":{"rendered":"https:\/\/www.europesays.com\/fi\/50257\/"},"modified":"2025-10-01T06:21:08","modified_gmt":"2025-10-01T06:21:08","slug":"tammi-julkaisee-janne-katajan-ja-pauliina-virran-ruokakirjan","status":"publish","type":"post","link":"https:\/\/www.europesays.com\/fi\/50257\/","title":{"rendered":"Tammi julkaisee Janne Katajan ja Pauliina Virran ruokakirjan"},"content":{"rendered":"<p><strong><\/p>\n<p><strong>Katajan keitti\u00f6ss\u00e4 -kirja julkaistaan kev\u00e4\u00e4ll\u00e4 2026.<\/strong><\/p>\n<p><\/strong><\/p>\n<p>Katajan keitti\u00f6ss\u00e4 \u2013 Parhaat kotiruokareseptit vie ainutlaatuiselle makumatkalle <strong>Janne Katajan<\/strong> keitti\u00f6\u00f6n, jossa sy\u00f6d\u00e4\u00e4n herkullista, runsasta ja tuoretta ruokaa yhdess\u00e4 perheen ja yst\u00e4vien kesken.<\/p>\n<p>Kirjan reseptit tuovat nautintoa niin arkeen kuin juhlaan. Luvassa on uusia reseptej\u00e4, Jannen suvun perinnereseptej\u00e4 sek\u00e4 h\u00e4nen yst\u00e4viens\u00e4 ja muun muassa Italian Nonnan suosikkireseptit. Rakkaus ruokaan ja sen tekemiseen n\u00e4kyy sek\u00e4 tuntuu Katajan keitti\u00f6ss\u00e4. T\u00e4m\u00e4 ruokakirja tuo jokaiseen keitti\u00f6\u00f6n rohkeutta, hauskuutta ja helppoutta. Kirjan kuvat on ottanut <strong>Marita Eriksson<\/strong>.<\/p>\n<p>\u201dOlen viihtynyt pienest\u00e4 pit\u00e4en keitti\u00f6ss\u00e4. Jo hyvin nuorena huomasin, etten osaa maalata, mutta ruoanlaitto on v\u00e4h\u00e4n kuin maalaamista eli kun laittaa erilaisia ainesosia yhteen, niist\u00e4 tulee jotain uutta. Sain nuorena \u00e4idilt\u00e4ni luvan, ett\u00e4 sain kokkailla kotona ruoat valmiiksi, kun h\u00e4n oli t\u00f6iss\u00e4. Siit\u00e4 tuli sellainen perinne, ett\u00e4 olen ihan nuoresta saakka kokkaillut l\u00e4hes joka p\u00e4iv\u00e4 jotakin\u201d, Janne Kataja sanoo.<\/p>\n<p>\u201dMinulla on periaate, etten koskaan sy\u00f6 yksin ja siksi nyky\u00e4\u00e4n patojeni \u00e4\u00e4reen kokoontuu yst\u00e4vi\u00e4 l\u00e4hes p\u00e4ivitt\u00e4in. Haluan viett\u00e4\u00e4 aikaa yst\u00e4vieni kanssa ja k\u00e4tevin tapa on kutsua heid\u00e4t meille sy\u00f6m\u00e4\u00e4n. T\u00e4h\u00e4n keittokirjaan onkin laitettu mausteeksi iso kasa yst\u00e4vyytt\u00e4, valtava m\u00e4\u00e4r\u00e4 hersyv\u00e4\u00e4 naurua ja toivottavasti kirjan sivuilta huokuu my\u00f6s l\u00e4mp\u00f6\u00e4 ja v\u00e4litt\u00e4mist\u00e4\u201d, Kataja jatkaa.<\/p>\n<p>TV:st\u00e4 tuttu n\u00e4yttelij\u00e4 Janne Kataja on kulissien takana aktiivinen kotikokki, jonka keitti\u00f6ss\u00e4 vallitsee l\u00e4mp\u00f6 ja ilo. Jannen yst\u00e4v\u00e4t k\u00e4yv\u00e4t h\u00e4nen patojensa \u00e4\u00e4reen l\u00e4hes joka p\u00e4iv\u00e4.<\/p>\n<p><strong>Pauliina Virta<\/strong> on intohimoinen ruokaharrastaja sek\u00e4 Jannen hyv\u00e4 yst\u00e4v\u00e4. Kun kaksi intohimoista kokkaajaa laittoi padat porisemaan ja kyn\u00e4n sauhuamaan, syntyi kirja t\u00e4ynn\u00e4 rakkaudella laadittuja reseptej\u00e4, jotka helpottavat ja rikastavat jokaisen kotikokin el\u00e4m\u00e4\u00e4.<\/p>\n<p>Kirjan kustantaja Tammi on osa Werner S\u00f6derstr\u00f6m Osakeyhti\u00f6t\u00e4.<\/p>\n<p><strong>Arvostelukappaleet:<\/strong> tiedotus@tammi.fi<\/p>\n","protected":false},"excerpt":{"rendered":"Katajan keitti\u00f6ss\u00e4 -kirja julkaistaan kev\u00e4\u00e4ll\u00e4 2026. Katajan keitti\u00f6ss\u00e4 \u2013 Parhaat kotiruokareseptit vie ainutlaatuiselle makumatkalle Janne Katajan keitti\u00f6\u00f6n, jossa&hellip;\n","protected":false},"author":2,"featured_media":50258,"comment_status":"","ping_status":"","sticky":false,"template":"","format":"standard","meta":{"footnotes":""},"categories":[134],"tags":[377,137,33,31,30,378,32,109],"class_list":{"0":"post-50257","1":"post","2":"type-post","3":"status-publish","4":"format-standard","5":"has-post-thumbnail","7":"category-kirjat","8":"tag-books","9":"tag-entertainment","10":"tag-fi","11":"tag-finland","12":"tag-finnish","13":"tag-kirjat","14":"tag-suomi","15":"tag-viihde"},"share_on_mastodon":{"url":"","error":""},"_links":{"self":[{"href":"https:\/\/www.europesays.com\/fi\/wp-json\/wp\/v2\/posts\/50257","targetHints":{"allow":["GET"]}}],"collection":[{"href":"https:\/\/www.europesays.com\/fi\/wp-json\/wp\/v2\/posts"}],"about":[{"href":"https:\/\/www.europesays.com\/fi\/wp-json\/wp\/v2\/types\/post"}],"author":[{"embeddable":true,"href":"https:\/\/www.europesays.com\/fi\/wp-json\/wp\/v2\/users\/2"}],"replies":[{"embeddable":true,"href":"https:\/\/www.europesays.com\/fi\/wp-json\/wp\/v2\/comments?post=50257"}],"version-history":[{"count":0,"href":"https:\/\/www.europesays.com\/fi\/wp-json\/wp\/v2\/posts\/50257\/revisions"}],"wp:featuredmedia":[{"embeddable":true,"href":"https:\/\/www.europesays.com\/fi\/wp-json\/wp\/v2\/media\/50258"}],"wp:attachment":[{"href":"https:\/\/www.europesays.com\/fi\/wp-json\/wp\/v2\/media?parent=50257"}],"wp:term":[{"taxonomy":"category","embeddable":true,"href":"https:\/\/www.europesays.com\/fi\/wp-json\/wp\/v2\/categories?post=50257"},{"taxonomy":"post_tag","embeddable":true,"href":"https:\/\/www.europesays.com\/fi\/wp-json\/wp\/v2\/tags?post=50257"}],"curies":[{"name":"wp","href":"https:\/\/api.w.org\/{rel}","templated":true}]}}