{"id":50261,"date":"2025-10-01T06:24:07","date_gmt":"2025-10-01T06:24:07","guid":{"rendered":"https:\/\/www.europesays.com\/fi\/50261\/"},"modified":"2025-10-01T06:24:07","modified_gmt":"2025-10-01T06:24:07","slug":"dwayne-johnson-iloitsee-uudesta-ulkomuodostaan-en-enaa-nayta-silta-kuin-olisin-raskaana","status":"publish","type":"post","link":"https:\/\/www.europesays.com\/fi\/50261\/","title":{"rendered":"Dwayne Johnson iloitsee uudesta ulkomuodostaan: &#8221;En en\u00e4\u00e4 n\u00e4yt\u00e4 silt\u00e4 kuin olisin raskaana&#8221;"},"content":{"rendered":"\n<p><strong>Dwayne Johnson ja Benny Safdie jatkavat yhteisty\u00f6t\u00e4\u00e4n. Kaksikko tekee seuraavaksi surrealistisen Lizard Music -kirjaan perustuvan leffan.<\/strong><\/p>\n<p><a href=\"https:\/\/muropaketti.com\/avainsana\/dwayne-johnson\/\" rel=\"nofollow noopener\" target=\"_blank\">Dwayne Johnson<\/a> ja ohjaaja-k\u00e4sikirjoittaja Benny Safdie osallistuivat The Smashing Machine -elokuvan punaisen maton ensi-iltaan Los Angelesissa. Leffa sai maailmanensi-iltansa syyskuun alussa Venetsian elokuvajuhlilla, jossa Safdie voitti Hopeinen leijonan, eli parhaan ohjaajan palkinnon.<\/p>\n<p>Reippaasti painoa pudottanut Johnson kertoi valmistautuvansa jo seuraavaan elokuvaprojektiin Safdien kanssa. Kyseess\u00e4 on Daniel Pinkwaterin Lizard Music -kirjaan perustuva leffa, jossa entinen showpainija esitt\u00e4\u00e4 75-vuotiasta miest\u00e4, jonka paras kaveri on yht\u00e4 vanha kana.<\/p>\n<p>\u201dOlen jatkanut dieetti\u00e4. Kasvatin Smashing Machinea varten massaa noin 14 kiloa, josta eroon p\u00e4\u00e4seminen tuntuu hyv\u00e4lt\u00e4. Nyt saan jopa paidanhelman housujeni sis\u00e4\u00e4n. Enk\u00e4 n\u00e4yt\u00e4 en\u00e4\u00e4 silt\u00e4 kuin olisin raskaana. Uudessa elokuvassa olen kuin 75-vuotias Clint Eastwood, timmin hoikka ja lihaksikas\u201d, Johnson nauraa.<\/p>\n<p>Vapaaottelija Mark Kerrin tarinan kertova The Smashing Machine -elokuva on saanut hyv\u00e4n vastaanoton kriitikoilta. Sen <a href=\"https:\/\/www.rottentomatoes.com\/m\/the_smashing_machine_2025\/reviews\" target=\"_blank\" rel=\"noopener nofollow\">Rotten Tomatoes<\/a> -prosentti on nyt 78. <a href=\"https:\/\/www.metacritic.com\/movie\/the-smashing-machine\" target=\"_blank\" rel=\"noopener nofollow\">Metacriticin<\/a> puolella kritiikkien keskiarvo on t\u00e4ll\u00e4 hetkell\u00e4 69 \/ 100.<\/p>\n<p>Johnsonin lis\u00e4ksi elokuvassa esiintyv\u00e4t muun muassa Emily Blunt, Ryan Bader, Bas Rutten ja Oleksandr Usyk.<\/p>\n<p>The Smashing Machinen virallinen synopsis kertoo seuraavaa:<\/p>\n<p>\u201dVapaaottelun supert\u00e4hti Mark Kerr hallitsee UFC-keh\u00e4\u00e4, mutta kulissien takana h\u00e4n joutuu kohtaamaan el\u00e4m\u00e4ns\u00e4 suurimmat taistelut. Perustuu tositarinaan miehest\u00e4, joka kamppaili yht\u00e4 aikaa menestyksen, paineiden ja omien rajojensa kanssa.\u201d<\/p>\n<p>Elokuva saapuu Yhdysvalloissa valkokankaille 3. lokakuuta. Suomen ensi-ilta on vasta 28. marraskuuta.<\/p>\n","protected":false},"excerpt":{"rendered":"Dwayne Johnson ja Benny Safdie jatkavat yhteisty\u00f6t\u00e4\u00e4n. Kaksikko tekee seuraavaksi surrealistisen Lizard Music -kirjaan perustuvan leffan. Dwayne Johnson&hellip;\n","protected":false},"author":2,"featured_media":23251,"comment_status":"","ping_status":"","sticky":false,"template":"","format":"standard","meta":{"footnotes":""},"categories":[131],"tags":[7694,6541,155,137,33,173,31,30,172,32,6542,109],"class_list":{"0":"post-50261","1":"post","2":"type-post","3":"status-publish","4":"format-standard","5":"has-post-thumbnail","7":"category-elokuvat","8":"tag-benny-safdie","9":"tag-dwayne-johnson","10":"tag-elokuvat","11":"tag-entertainment","12":"tag-fi","13":"tag-film","14":"tag-finland","15":"tag-finnish","16":"tag-movies","17":"tag-suomi","18":"tag-the-smashing-machine","19":"tag-viihde"},"share_on_mastodon":{"url":"","error":""},"_links":{"self":[{"href":"https:\/\/www.europesays.com\/fi\/wp-json\/wp\/v2\/posts\/50261","targetHints":{"allow":["GET"]}}],"collection":[{"href":"https:\/\/www.europesays.com\/fi\/wp-json\/wp\/v2\/posts"}],"about":[{"href":"https:\/\/www.europesays.com\/fi\/wp-json\/wp\/v2\/types\/post"}],"author":[{"embeddable":true,"href":"https:\/\/www.europesays.com\/fi\/wp-json\/wp\/v2\/users\/2"}],"replies":[{"embeddable":true,"href":"https:\/\/www.europesays.com\/fi\/wp-json\/wp\/v2\/comments?post=50261"}],"version-history":[{"count":0,"href":"https:\/\/www.europesays.com\/fi\/wp-json\/wp\/v2\/posts\/50261\/revisions"}],"wp:featuredmedia":[{"embeddable":true,"href":"https:\/\/www.europesays.com\/fi\/wp-json\/wp\/v2\/media\/23251"}],"wp:attachment":[{"href":"https:\/\/www.europesays.com\/fi\/wp-json\/wp\/v2\/media?parent=50261"}],"wp:term":[{"taxonomy":"category","embeddable":true,"href":"https:\/\/www.europesays.com\/fi\/wp-json\/wp\/v2\/categories?post=50261"},{"taxonomy":"post_tag","embeddable":true,"href":"https:\/\/www.europesays.com\/fi\/wp-json\/wp\/v2\/tags?post=50261"}],"curies":[{"name":"wp","href":"https:\/\/api.w.org\/{rel}","templated":true}]}}