{"id":50266,"date":"2025-10-01T06:27:11","date_gmt":"2025-10-01T06:27:11","guid":{"rendered":"https:\/\/www.europesays.com\/fi\/50266\/"},"modified":"2025-10-01T06:27:11","modified_gmt":"2025-10-01T06:27:11","slug":"paakirjaston-nayttelytoiminta-uudistuu-turku-fi","status":"publish","type":"post","link":"https:\/\/www.europesays.com\/fi\/50266\/","title":{"rendered":"P\u00e4\u00e4kirjaston n\u00e4yttelytoiminta uudistuu | Turku.fi"},"content":{"rendered":"<p>Muutos lis\u00e4\u00e4 p\u00e4\u00e4kirjaston tilojen saatavuuden avoimuutta ja tasa-arvoisuutta. Se tuo my\u00f6s enemm\u00e4n n\u00e4kyvyytt\u00e4 n\u00e4yttelytoiminnalle, joka on yksi t\u00e4rke\u00e4 osa p\u00e4\u00e4kirjaston toimintaa. \u200b\u00a0<br \/>\u00a0<br \/>\u2013 P\u00e4\u00e4kirjastoon tulee jatkuvasti tiedusteluja n\u00e4yttelytilojemme k\u00e4yt\u00f6st\u00e4. Avoin haku lis\u00e4\u00e4 l\u00e4pin\u00e4kyvyytt\u00e4 ja tasa-arvoisuutta tilojen k\u00e4yt\u00f6n suhteen, kun hakijoilla on yht\u00e4l\u00e4inen oikeus ja mahdollisuus hakea n\u00e4yttelyaikoja, tapahtumainformaatikko <strong>Suvi Kiukas<\/strong> avaa uuden n\u00e4yttelytoiminnan l\u00e4ht\u00f6kohtia.\u00a0\u00a0<\/p>\n<p>\nKaikille avoin n\u00e4yttelyhaku painottaa moni\u00e4\u00e4nisyytt\u00e4\u00a0\n<\/p>\n<p>N\u00e4yttelyaikaa voivat hakea yksityishenkil\u00f6t, yhteis\u00f6t tai ty\u00f6ryhm\u00e4t, ammattilaistaiteilijat, kuva- tai k\u00e4dentaitojen harrastajat sek\u00e4 toimintaansa esittelev\u00e4t yhdistystoimijat. Kirjasto haluaa tarjota tiloja erityisesti paikallisille kulttuuritoimijoille ja j\u00e4rjest\u00f6ille.\u00a0\u00a0<\/p>\n<p>Haussa tullaan painottamaan moninaisuutta ja moni\u00e4\u00e4nisyytt\u00e4, n\u00e4yttelysis\u00e4lt\u00f6jen kiinnostavuutta, ajankohtaisuutta ja soveltuvuutta kirjaston tiloihin. N\u00e4yttelyvalinnoista vastaa kirjaston n\u00e4yttelyty\u00f6ryhm\u00e4 ja valinnoista ilmoitetaan hakijoille marraskuun lopussa.\u00a0\u00a0\u00a0<\/p>\n<p>N\u00e4yttelyk\u00e4ytt\u00f6\u00f6n varattua tilaa on p\u00e4\u00e4kirjaston uudisosan ala-aulassa sek\u00e4 uudisosan 2. kerroksen aulassa kirjaston tieto-osastolla. N\u00e4yttelyn voi p\u00e4\u00e4kirjaston lis\u00e4ksi j\u00e4rjest\u00e4\u00e4 jossakin Turun kaupunginkirjaston l\u00e4hikirjastoista tiedustelemalla n\u00e4yttelyaikaa suoraan kirjastosta. \u00a0<br \/>\u00a0<\/p>\n<p>\u00a0<\/p>\n","protected":false},"excerpt":{"rendered":"Muutos lis\u00e4\u00e4 p\u00e4\u00e4kirjaston tilojen saatavuuden avoimuutta ja tasa-arvoisuutta. Se tuo my\u00f6s enemm\u00e4n n\u00e4kyvyytt\u00e4 n\u00e4yttelytoiminnalle, joka on yksi t\u00e4rke\u00e4&hellip;\n","protected":false},"author":2,"featured_media":50267,"comment_status":"","ping_status":"","sticky":false,"template":"","format":"standard","meta":{"footnotes":""},"categories":[130],"tags":[137,33,31,30,32,109],"class_list":{"0":"post-50266","1":"post","2":"type-post","3":"status-publish","4":"format-standard","5":"has-post-thumbnail","7":"category-viihde","8":"tag-entertainment","9":"tag-fi","10":"tag-finland","11":"tag-finnish","12":"tag-suomi","13":"tag-viihde"},"share_on_mastodon":{"url":"","error":""},"_links":{"self":[{"href":"https:\/\/www.europesays.com\/fi\/wp-json\/wp\/v2\/posts\/50266","targetHints":{"allow":["GET"]}}],"collection":[{"href":"https:\/\/www.europesays.com\/fi\/wp-json\/wp\/v2\/posts"}],"about":[{"href":"https:\/\/www.europesays.com\/fi\/wp-json\/wp\/v2\/types\/post"}],"author":[{"embeddable":true,"href":"https:\/\/www.europesays.com\/fi\/wp-json\/wp\/v2\/users\/2"}],"replies":[{"embeddable":true,"href":"https:\/\/www.europesays.com\/fi\/wp-json\/wp\/v2\/comments?post=50266"}],"version-history":[{"count":0,"href":"https:\/\/www.europesays.com\/fi\/wp-json\/wp\/v2\/posts\/50266\/revisions"}],"wp:featuredmedia":[{"embeddable":true,"href":"https:\/\/www.europesays.com\/fi\/wp-json\/wp\/v2\/media\/50267"}],"wp:attachment":[{"href":"https:\/\/www.europesays.com\/fi\/wp-json\/wp\/v2\/media?parent=50266"}],"wp:term":[{"taxonomy":"category","embeddable":true,"href":"https:\/\/www.europesays.com\/fi\/wp-json\/wp\/v2\/categories?post=50266"},{"taxonomy":"post_tag","embeddable":true,"href":"https:\/\/www.europesays.com\/fi\/wp-json\/wp\/v2\/tags?post=50266"}],"curies":[{"name":"wp","href":"https:\/\/api.w.org\/{rel}","templated":true}]}}