{"id":50270,"date":"2025-10-01T06:31:09","date_gmt":"2025-10-01T06:31:09","guid":{"rendered":"https:\/\/www.europesays.com\/fi\/50270\/"},"modified":"2025-10-01T06:31:09","modified_gmt":"2025-10-01T06:31:09","slug":"runsaasti-droonihavaintoja-varuskuntien-laheisyydessa-pohjois-norjassa-havaintoja-suomen-varuskunnissa-ei-kommentoida-lappi","status":"publish","type":"post","link":"https:\/\/www.europesays.com\/fi\/50270\/","title":{"rendered":"Runsaasti droonihavaintoja varuskuntien l\u00e4heisyydess\u00e4 Pohjois-Norjassa \u2013 havaintoja Suomen varuskunnissa ei kommentoida | Lappi"},"content":{"rendered":"<p class=\"aw-1gybjub aw-5vja16 cmIuaG zKETg yle__article__paragraph\">Norjan puolustusvoimien ilmasotakoulun apulaisprofessorin mukaan on selv\u00e4\u00e4, ett\u00e4 havaintojen ryp\u00e4s voi n\u00e4ytt\u00e4\u00e4 kampanjalta Norjaa vastaan.<\/p>\n<p><img decoding=\"async\" alt=\"Droonikielto Tanskassa.\" src=\"https:\/\/www.europesays.com\/fi\/wp-content\/uploads\/2025\/10\/39-153093968dc5ae8decec.jpeg\" class=\"aw-1l9m598 hKVVvP\"\/><\/p>\n<p>Avaa kuvien katselu<\/p>\n<p>Eri puolilla Eurooppaa on uutisoitu viime aikoina useista muun muassa lentokenttien alueilla havaituista droonilennoista kielletyyst\u00e4 alueista erityisesti Tanskassa. Arkistokuva droonikiellosta tanskalaisen lentokent\u00e4n l\u00e4heisyydess\u00e4. Kuva: Kristian Tuxen Ladegaard Berg\/NurPhoto\/Shutterstock\/All Over Press<\/p>\n<p class=\"aw-1gybjub aw-1p7kakr cmIuaG fmSRng yle__article__paragraph\">Pohjois-Norjassa sijaitsevien varuskunta-alueiden l\u00e4heisyydess\u00e4 tehtiin viikonlopun aikana useita droonihavaintoja, <a class=\"aw-iao6s4 iHOxEa yle__article__link\" href=\"https:\/\/www.nrk.no\/nordland\/flere-droneobservasjoner-ved-militaere-anlegg-1.17591698\" role=\"link\" rel=\"nofollow noopener\" target=\"_blank\">kertoo Norjan yleisradioyhti\u00f6 NRK<\/a>. Norjan puolustusvoimat on vahvistanut asian.<\/p>\n<p class=\"aw-1gybjub aw-1p7kakr cmIuaG fmSRng yle__article__paragraph\">Suomen puolustusvoimat ei kommentoi, ovatko droonihavainnot mahdollisesti lis\u00e4\u00e4ntyneet my\u00f6s Suomessa sijaitsevien varuskunta-alueiden l\u00e4heisyydess\u00e4.<\/p>\n<p class=\"aw-1gybjub aw-1p7kakr cmIuaG fmSRng yle__article__paragraph\">Norjan puolustusvoimien Bod\u00f8n esikunnan viestint\u00e4johtaja <strong class=\"aw-ak79eh KyCXm yle__article__strong\">Vegard Finstadin<\/strong> mukaan Norjassa havaintoja on tullut runsaasti. Aiemmin puolustusvoimat puhui <a class=\"aw-iao6s4 iHOxEa yle__article__link\" href=\"https:\/\/yle.fi\/a\/74-20185536\" role=\"link\" rel=\"nofollow noopener\" target=\"_blank\">vain joistakin havainnoista<\/a>.<\/p>\n<p class=\"aw-1gybjub aw-1p7kakr cmIuaG fmSRng yle__article__paragraph\">Norjan puolustusvoimien ilmasotakoulun<a class=\"aw-iao6s4 iHOxEa yle__article__link\" href=\"https:\/\/www.nrk.no\/trondelag\/mulige-droneobservasjoner-ved-flere-flyplasser_-_-kan-se-ut-som-en-slags-kampanje-mot-norge-1.17590113\" role=\"link\" rel=\"nofollow noopener\" target=\"_blank\"> apulaisprofessorin <strong class=\"aw-ak79eh KyCXm yle__article__strong\">Lars Peder Hagan<\/strong> mukaan on selv\u00e4\u00e4<\/a>, ett\u00e4 havaintojen ryp\u00e4s voi n\u00e4ytt\u00e4\u00e4 kampanjalta Norjaa vastaan.<\/p>\n<p>Ei yksil\u00f6i miss\u00e4 varuskunnissa<\/p>\n<p class=\"aw-1gybjub aw-1p7kakr cmIuaG fmSRng yle__article__paragraph\">Finstad ei yksil\u00f6i mist\u00e4 varuskunnista on kyse. H\u00e4nen mukaansa havaintoja on tehty eri puolilla Pohjois-Norjaa, Nordlandissa, Tromssan l\u00e4\u00e4niss\u00e4 sek\u00e4 Finnmarkissa.<\/p>\n<p class=\"aw-1gybjub aw-1p7kakr cmIuaG fmSRng yle__article__paragraph\">\u2013 Haasteena on sek\u00e4 poliisille ett\u00e4 meille, ettemme voi aina varmistaa n\u00e4it\u00e4 havaintoja, Finstad sanoo.<\/p>\n<p class=\"aw-1gybjub aw-1p7kakr cmIuaG fmSRng yle__article__paragraph\">Finstadin mukaan havaintoja ovat tehneet sek\u00e4 tavalliset kansalaiset, sek\u00e4 virkateht\u00e4viss\u00e4 olleet poliisit ja puolustusvoimien henkil\u00f6kunta.<\/p>\n<p class=\"aw-1gybjub aw-1p7kakr cmIuaG fmSRng yle__article__paragraph\">\u2013 Suurin osa havainnoista on tehty pime\u00e4ss\u00e4, joten on hyvin hankalaa sanoa tarkasti, millaisista drooneista on mahdollisesti kyse ja kuka niit\u00e4 on mahdollisesti lenn\u00e4tt\u00e4nyt.<\/p>\n<p>Suomessa asiaa ei kommentoida<\/p>\n<p class=\"aw-1gybjub aw-1p7kakr cmIuaG fmSRng yle__article__paragraph\"><a class=\"aw-iao6s4 iHOxEa yle__article__link\" href=\"https:\/\/yle.fi\/a\/74-20184955\" role=\"link\" rel=\"nofollow noopener\" target=\"_blank\">Eri puolilla Eurooppaa on uutisoitu viime aikoina<\/a> useista muun muassa lentokenttien alueilla havaituista droonilennoista. My\u00f6s Suomessa on tehty joitakin <a class=\"aw-iao6s4 iHOxEa yle__article__link\" href=\"https:\/\/yle.fi\/a\/74-20185089\" role=\"link\" rel=\"nofollow noopener\" target=\"_blank\">havaintoja kriittisen infrastruktuurin l\u00e4hell\u00e4<\/a>.<\/p>\n<p class=\"aw-1gybjub aw-1p7kakr cmIuaG fmSRng yle__article__paragraph\">Suomen puolustusvoimien p\u00e4\u00e4esikunnasta ei haluta kommentoida, onko vastaavia havaintoja tehty Utin lentokent\u00e4n l\u00e4heisyydess\u00e4.<\/p>\n<p class=\"aw-1gybjub aw-1p7kakr cmIuaG fmSRng yle__article__paragraph\">P\u00e4\u00e4esikunnan s\u00e4hk\u00f6postitse l\u00e4hett\u00e4m\u00e4n vastauksen mukaan operatiivisesta toiminnasta viestiminen harkitaan tapauskohtaisesti. Perusperiaatteena on, ett\u00e4 toimintaedellytyksi\u00e4 ei haluta vaarantaa julkistamalla liian yksityiskohtaista tietoa.<\/p>\n<p class=\"aw-1gybjub aw-1p7kakr cmIuaG fmSRng yle__article__paragraph\">\u2013 Edell\u00e4 mainitusta johtuen emme l\u00e4ht\u00f6kohtaisesti avaa yksityiskohtaisesti operatiivista toimintaamme, kuten operatiivista lento- tai alustoimintaamme, valmiudens\u00e4\u00e4tely\u00e4 tai muita varautumistoimenpiteit\u00e4mme, vastauksessa todetaan.<\/p>\n<p class=\"aw-1gybjub aw-1p7kakr cmIuaG fmSRng yle__article__paragraph\">P\u00e4\u00e4esikunnan vastauksessa kuitenkin sanotaan, ett\u00e4 puolustusvoimat saa silloin t\u00e4ll\u00f6in havaintoja droonien lenn\u00e4tt\u00e4misest\u00e4 my\u00f6s kriittisen infrastruktuurin l\u00e4hist\u00f6ll\u00e4 tai ulkopuolisen liikkumisen kielt\u00e4vilt\u00e4 tai rajoittamilta alueilta. Vastuuviranomaisena toimii t\u00e4ll\u00f6in poliisi.<\/p>\n<p class=\"aw-1gybjub aw-1p7kakr cmIuaG fmSRng yle__article__paragraph\">\u2013 Ilmoitamme n\u00e4ist\u00e4 havainnoista muille vastuuviranomaisille heid\u00e4n toimintaa tukien. Sotilasalueilla, joilla on muilta kuin Puolustusvoimien tai Puolustusvoimien erikseen my\u00f6nt\u00e4min luvin liikkuminen kielletty\u00e4, ryhdymme havaintojen j\u00e4lkeen tarvittaessa asiaan kuuluviin rajoitus- ja torjuntatoimiin.<\/p>\n<p><img decoding=\"async\" alt=\"\" src=\"https:\/\/www.europesays.com\/fi\/wp-content\/uploads\/2025\/10\/39-152286368c7d330548aa.jpeg\" class=\"aw-1l9m598 hKVVvP\"\/><\/p>\n","protected":false},"excerpt":{"rendered":"Norjan puolustusvoimien ilmasotakoulun apulaisprofessorin mukaan on selv\u00e4\u00e4, ett\u00e4 havaintojen ryp\u00e4s voi n\u00e4ytt\u00e4\u00e4 kampanjalta Norjaa vastaan. Avaa kuvien katselu&hellip;\n","protected":false},"author":2,"featured_media":50271,"comment_status":"","ping_status":"","sticky":false,"template":"","format":"standard","meta":{"footnotes":""},"categories":[14],"tags":[22,23,759,26,27,33,31,30,17,71,667,24,25,782,28,29,15,18,21,12474,4097,32,19,20,56,12476,16,12475,59,60,61],"class_list":{"0":"post-50270","1":"post","2":"type-post","3":"status-publish","4":"format-standard","5":"has-post-thumbnail","7":"category-ulkomaat","8":"tag-breaking-news","9":"tag-breakingnews","10":"tag-droonit","11":"tag-featured-news","12":"tag-featurednews","13":"tag-fi","14":"tag-finland","15":"tag-finnish","16":"tag-headlines","17":"tag-kotimaa","18":"tag-lappi","19":"tag-latest-news","20":"tag-latestnews","21":"tag-maanpuolustus","22":"tag-main-news","23":"tag-mainnews","24":"tag-news","25":"tag-otsikot","26":"tag-paauutiset","27":"tag-pohjois-norja","28":"tag-puolustusvoimat","29":"tag-suomi","30":"tag-top-stories","31":"tag-topstories","32":"tag-ulkomaat","33":"tag-utti","34":"tag-uutiset","35":"tag-varuskunta-alueet","36":"tag-world","37":"tag-world-news","38":"tag-worldnews"},"share_on_mastodon":{"url":"","error":""},"_links":{"self":[{"href":"https:\/\/www.europesays.com\/fi\/wp-json\/wp\/v2\/posts\/50270","targetHints":{"allow":["GET"]}}],"collection":[{"href":"https:\/\/www.europesays.com\/fi\/wp-json\/wp\/v2\/posts"}],"about":[{"href":"https:\/\/www.europesays.com\/fi\/wp-json\/wp\/v2\/types\/post"}],"author":[{"embeddable":true,"href":"https:\/\/www.europesays.com\/fi\/wp-json\/wp\/v2\/users\/2"}],"replies":[{"embeddable":true,"href":"https:\/\/www.europesays.com\/fi\/wp-json\/wp\/v2\/comments?post=50270"}],"version-history":[{"count":0,"href":"https:\/\/www.europesays.com\/fi\/wp-json\/wp\/v2\/posts\/50270\/revisions"}],"wp:featuredmedia":[{"embeddable":true,"href":"https:\/\/www.europesays.com\/fi\/wp-json\/wp\/v2\/media\/50271"}],"wp:attachment":[{"href":"https:\/\/www.europesays.com\/fi\/wp-json\/wp\/v2\/media?parent=50270"}],"wp:term":[{"taxonomy":"category","embeddable":true,"href":"https:\/\/www.europesays.com\/fi\/wp-json\/wp\/v2\/categories?post=50270"},{"taxonomy":"post_tag","embeddable":true,"href":"https:\/\/www.europesays.com\/fi\/wp-json\/wp\/v2\/tags?post=50270"}],"curies":[{"name":"wp","href":"https:\/\/api.w.org\/{rel}","templated":true}]}}