{"id":50272,"date":"2025-10-01T06:32:07","date_gmt":"2025-10-01T06:32:07","guid":{"rendered":"https:\/\/www.europesays.com\/fi\/50272\/"},"modified":"2025-10-01T06:32:07","modified_gmt":"2025-10-01T06:32:07","slug":"13-vuotias-tytto-kaahasi-poliisia-pakoon-kajaanissa-pikkuveli-vieressa-etupenkilla-uutissuomalainen","status":"publish","type":"post","link":"https:\/\/www.europesays.com\/fi\/50272\/","title":{"rendered":"13-vuotias tytt\u00f6 kaahasi poliisia pakoon Kajaanissa, pikkuveli vieress\u00e4 etupenkill\u00e4 | Uutissuomalainen"},"content":{"rendered":"<p>Kajaanissa 13-vuotias kaahasi autolla poliisia pakoon keskiviikon vastaisena y\u00f6n\u00e4 pikkuveli kyydiss\u00e4\u00e4n, kertoo <a href=\"https:\/\/poliisi.fi\/-\/liikennerikoksia-oulun-poliisilaitoksen-alueella-4\" rel=\"nofollow noopener\" target=\"_blank\">Oulun poliisi<\/a>.<\/p>\n<p>Y\u00f6ll\u00e4 ennen puoli kahta poliisin huomio kiinnittyi kaupan pihalla olleeseen henkil\u00f6autoon, jonka poliisi p\u00e4\u00e4tti tarkistaa. Auton kuljettaja l\u00e4hti kuitenkin kovaa ylinopeutta ajaen pakenemaan poliisiautoa.<\/p>\n<p>Kuljettaja ajoi kevyen liikenteen v\u00e4yl\u00e4lle, jossa auto mutkassa suistui tien reunassa olleeseen puuhun. Poliisille selvisi, ett\u00e4 autoa kuljetti 13-vuotias tytt\u00f6, ja kyydiss\u00e4 etupenkill\u00e4 oli h\u00e4nen 10-vuotias pikkuveljens\u00e4. Lapset olivat ottaneet perheen auton luvatta k\u00e4ytt\u00f6\u00f6n.<\/p>\n<p>Lapset vietiin sairaalaan mahdollisten vammojen toteamiseksi.<\/p>\n<p>Poliisi ilmoitti tapahtuneesta lasten vanhemmille ja sosiaalip\u00e4ivystykseen. Asiasta on kirjattu rikosilmoitus, mutta tekij\u00e4n alaik\u00e4isyyden vuoksi sosiaalitoimi selvitt\u00e4\u00e4 asiaa lasten ja heid\u00e4n vanhempiensa kanssa.<\/p>\n","protected":false},"excerpt":{"rendered":"Kajaanissa 13-vuotias kaahasi autolla poliisia pakoon keskiviikon vastaisena y\u00f6n\u00e4 pikkuveli kyydiss\u00e4\u00e4n, kertoo Oulun poliisi. Y\u00f6ll\u00e4 ennen puoli kahta&hellip;\n","protected":false},"author":2,"featured_media":50273,"comment_status":"","ping_status":"","sticky":false,"template":"","format":"standard","meta":{"footnotes":""},"categories":[12],"tags":[22,23,26,27,33,31,30,17,949,727,100,24,25,121,28,29,15,18,952,21,32,679,128,19,20,16],"class_list":{"0":"post-50272","1":"post","2":"type-post","3":"status-publish","4":"format-standard","5":"has-post-thumbnail","7":"category-suomi","8":"tag-breaking-news","9":"tag-breakingnews","10":"tag-featured-news","11":"tag-featurednews","12":"tag-fi","13":"tag-finland","14":"tag-finnish","15":"tag-headlines","16":"tag-kajaani","17":"tag-kajaanin-seutukunta","18":"tag-lapset-ja-nuoret","19":"tag-latest-news","20":"tag-latestnews","21":"tag-liikenne-ja-kuljetus","22":"tag-main-news","23":"tag-mainnews","24":"tag-news","25":"tag-otsikot","26":"tag-oulu","27":"tag-paauutiset","28":"tag-suomi","29":"tag-terveydenhuollon-toimintalaitokset","30":"tag-tieliikenne","31":"tag-top-stories","32":"tag-topstories","33":"tag-uutiset"},"share_on_mastodon":{"url":"","error":""},"_links":{"self":[{"href":"https:\/\/www.europesays.com\/fi\/wp-json\/wp\/v2\/posts\/50272","targetHints":{"allow":["GET"]}}],"collection":[{"href":"https:\/\/www.europesays.com\/fi\/wp-json\/wp\/v2\/posts"}],"about":[{"href":"https:\/\/www.europesays.com\/fi\/wp-json\/wp\/v2\/types\/post"}],"author":[{"embeddable":true,"href":"https:\/\/www.europesays.com\/fi\/wp-json\/wp\/v2\/users\/2"}],"replies":[{"embeddable":true,"href":"https:\/\/www.europesays.com\/fi\/wp-json\/wp\/v2\/comments?post=50272"}],"version-history":[{"count":0,"href":"https:\/\/www.europesays.com\/fi\/wp-json\/wp\/v2\/posts\/50272\/revisions"}],"wp:featuredmedia":[{"embeddable":true,"href":"https:\/\/www.europesays.com\/fi\/wp-json\/wp\/v2\/media\/50273"}],"wp:attachment":[{"href":"https:\/\/www.europesays.com\/fi\/wp-json\/wp\/v2\/media?parent=50272"}],"wp:term":[{"taxonomy":"category","embeddable":true,"href":"https:\/\/www.europesays.com\/fi\/wp-json\/wp\/v2\/categories?post=50272"},{"taxonomy":"post_tag","embeddable":true,"href":"https:\/\/www.europesays.com\/fi\/wp-json\/wp\/v2\/tags?post=50272"}],"curies":[{"name":"wp","href":"https:\/\/api.w.org\/{rel}","templated":true}]}}