{"id":50276,"date":"2025-10-01T06:45:11","date_gmt":"2025-10-01T06:45:11","guid":{"rendered":"https:\/\/www.europesays.com\/fi\/50276\/"},"modified":"2025-10-01T06:45:11","modified_gmt":"2025-10-01T06:45:11","slug":"oho-kuningatar-camilla-yllatti-totaalisesti","status":"publish","type":"post","link":"https:\/\/www.europesays.com\/fi\/50276\/","title":{"rendered":"Oho! Kuningatar Camilla yll\u00e4tti totaalisesti"},"content":{"rendered":"<p class=\"article-content article-content-width !bg-background\">Kuningas <a alt=\"Haku\" class=\"text-primary-red font-extrabold\" href=\"https:\/\/www.seiska.fi\/haku?q=Charles\" rel=\"nofollow noopener\" target=\"_blank\">Charles<\/a> ja kuningatar <a alt=\"Haku\" class=\"text-primary-red font-extrabold\" href=\"https:\/\/www.seiska.fi\/haku?q=Camilla\" rel=\"nofollow noopener\" target=\"_blank\">Camilla<\/a> saivat toisensa vuosien v\u00e4\u00e4nn\u00f6n j\u00e4lkeen huhtikuussa 2005.\u00a0<\/p>\n<p class=\"font-weight-bold m-font-weight-bold article-content article-content-width !bg-background\">Arkistovideolla esitell\u00e4\u00e4n kuninkaallista p\u00e4\u00e4hinemuotia:<\/p>\n<p class=\"article-content article-content-width !bg-background\">Aiemminkin naimisissa olleella Camillalla ei n\u00e4hty h\u00e4iss\u00e4 perinteist\u00e4 morsiuspukua. Sen sijaan h\u00e4n oli valinnut juhlap\u00e4iv\u00e4\u00e4ns\u00e4 kaksi erillist\u00e4 asua.\u00a0<\/p>\n<p class=\"article-content article-content-width !bg-background\">Liiton siunaustilaisuuteen Camilla oli pukeutunut siniharmaaseen sifonkileninkiin sek\u00e4 saman s\u00e4vyiseen pitk\u00e4\u00e4n takkiin, jota koristivat kultaiset kirjailut. Siviilivihkimisess\u00e4 h\u00e4nell\u00e4 taasen n\u00e4htiin <a alt=\"Haku\" class=\"text-primary-red font-extrabold\" href=\"https:\/\/www.seiska.fi\/haku?q=Anna Valentinen\" rel=\"nofollow noopener\" target=\"_blank\">Anna Valentinen<\/a> suunnittelema norsunluun v\u00e4rinen mekko sek\u00e4 siihen sointuva takki.\u00a0<\/p>\n<p>Ei tiaraa<\/p>\n<p class=\"article-content article-content-width !bg-background\">Koska pariskunta ei avioitunut kirkossa, ei Camillan p\u00e4\u00e4laella komeillut perinteist\u00e4 tiaraa. Kruunun sijaan h\u00e4n k\u00e4ytti siunaustilaisuudessa kultaisista h\u00f6yhenist\u00e4 koostuvaa p\u00e4\u00e4hinett\u00e4.<\/p>\n<p>                <img decoding=\"async\" src=\"https:\/\/www.europesays.com\/fi\/wp-content\/uploads\/2025\/10\/1945640.webp\" width=\"576\" height=\"615\" alt=\"Charles ja Camilla avioituivat vuonna 2005, mutta todellisuudessa lempi oli roihahtanut jo vuosikymmeni\u00e4 aiemmin.\" loading=\"lazy\" \/>            <\/p>\n<p>\n            Charles ja Camilla avioituivat vuonna 2005, mutta todellisuudessa lempi oli roihahtanut jo vuosikymmeni\u00e4 aiemmin.<br \/>\n            AOP\n        <\/p>\n<p class=\"article-content article-content-width !bg-background\">Camillan tyyli on vuosien aikana my\u00f6t\u00e4illyt vahvasti kuninkaallisia normeja. Mahdollisia muotikannanottoja tai erityist\u00e4 asennetta on voinut havaita korkeintaan t\u00e4m\u00e4n p\u00e4\u00e4hineist\u00e4\u00a0\u2013 joskin niidenkin osalta nuoremmat kuninkaalliset ovat kunnostautuneet r\u00e4v\u00e4k\u00e4mpin\u00e4.<\/p>\n<p>P\u00f6ksyt yll\u00e4ttiv\u00e4t<\/p>\n<p class=\"article-content article-content-width !bg-background\">Syyskuisilla <a href=\"https:\/\/www.braemarliteraryfestival.co.uk\/\" target=\"_blank\" style=\"font-size:1.125rem\" rel=\"nofollow noopener\">Braemarin kirjallisuusfestivaaleilla<\/a> koettiinkin pienimuotoinen yll\u00e4tys, kun Camilla tepasteli paikalle poikkeuksellisessa vaatetuksessa.\u00a0<\/p>\n<p class=\"article-content article-content-width !bg-background\">Camillan poika, useita ruokakirjoja kirjoittanut <a alt=\"Haku\" class=\"text-primary-red font-extrabold\" href=\"https:\/\/www.seiska.fi\/haku?q=Tom Parker Bowles\" rel=\"nofollow noopener\" target=\"_blank\">Tom Parker Bowles<\/a> oli tapahtumassa puhumassa, ja Camilla oli t\u00e4m\u00e4n tukena. Siin\u00e4 miss\u00e4 Tom oli valinnut ylleen siistit vaaleat housut, nahkakeng\u00e4t sek\u00e4 sinisen pikkutakin, kuningatar puolestaan oli vet\u00e4issyt jalkaansa farkut.\u00a0<\/p>\n<p>                <img decoding=\"async\" src=\"https:\/\/www.europesays.com\/fi\/wp-content\/uploads\/2025\/10\/1945605.webp\" width=\"576\" height=\"778\" alt=\"Denimin lis\u00e4ksi Camilla olisonnustautunut kevyttoppatakkiin. Tom-poika kuvassa oikealla.\" loading=\"lazy\" \/>            <\/p>\n<p>\n            Denimin lis\u00e4ksi Camilla olisonnustautunut kevyttoppatakkiin. Tom-poika kuvassa oikealla.<br \/>\n            AOP\n        <\/p>\n<p class=\"article-content article-content-width !bg-background\">Housuvalinta on monella tapaa yll\u00e4tt\u00e4v\u00e4. Ensinn\u00e4kin hovin naisj\u00e4senet on totuttu n\u00e4kem\u00e4\u00e4n useimmiten hameessa. Lis\u00e4ksi farkut eli farmarihousut ovat tyylilt\u00e4\u00e4n huomattavasti rennommat kuin kuninkaallisten asuvalinnat yleens\u00e4.<\/p>\n","protected":false},"excerpt":{"rendered":"Kuningas Charles ja kuningatar Camilla saivat toisensa vuosien v\u00e4\u00e4nn\u00f6n j\u00e4lkeen huhtikuussa 2005.\u00a0 Arkistovideolla esitell\u00e4\u00e4n kuninkaallista p\u00e4\u00e4hinemuotia: Aiemminkin naimisissa&hellip;\n","protected":false},"author":2,"featured_media":50277,"comment_status":"","ping_status":"","sticky":false,"template":"","format":"standard","meta":{"footnotes":""},"categories":[136],"tags":[1075,407,137,10485,33,31,30,1208,408,4197,6464,106,1128,32,2677,109,11982],"class_list":{"0":"post-50276","1":"post","2":"type-post","3":"status-publish","4":"format-standard","5":"has-post-thumbnail","7":"category-julkkikset","8":"tag-avioliitto","9":"tag-celebrities","10":"tag-entertainment","11":"tag-farkut","12":"tag-fi","13":"tag-finland","14":"tag-finnish","15":"tag-haat","16":"tag-julkkikset","17":"tag-kuningas-charles","18":"tag-kuningatar-camilla","19":"tag-muoti","20":"tag-poika","21":"tag-suomi","22":"tag-tyyli","23":"tag-viihde","24":"tag-vuosipaiva"},"share_on_mastodon":{"url":"","error":""},"_links":{"self":[{"href":"https:\/\/www.europesays.com\/fi\/wp-json\/wp\/v2\/posts\/50276","targetHints":{"allow":["GET"]}}],"collection":[{"href":"https:\/\/www.europesays.com\/fi\/wp-json\/wp\/v2\/posts"}],"about":[{"href":"https:\/\/www.europesays.com\/fi\/wp-json\/wp\/v2\/types\/post"}],"author":[{"embeddable":true,"href":"https:\/\/www.europesays.com\/fi\/wp-json\/wp\/v2\/users\/2"}],"replies":[{"embeddable":true,"href":"https:\/\/www.europesays.com\/fi\/wp-json\/wp\/v2\/comments?post=50276"}],"version-history":[{"count":0,"href":"https:\/\/www.europesays.com\/fi\/wp-json\/wp\/v2\/posts\/50276\/revisions"}],"wp:featuredmedia":[{"embeddable":true,"href":"https:\/\/www.europesays.com\/fi\/wp-json\/wp\/v2\/media\/50277"}],"wp:attachment":[{"href":"https:\/\/www.europesays.com\/fi\/wp-json\/wp\/v2\/media?parent=50276"}],"wp:term":[{"taxonomy":"category","embeddable":true,"href":"https:\/\/www.europesays.com\/fi\/wp-json\/wp\/v2\/categories?post=50276"},{"taxonomy":"post_tag","embeddable":true,"href":"https:\/\/www.europesays.com\/fi\/wp-json\/wp\/v2\/tags?post=50276"}],"curies":[{"name":"wp","href":"https:\/\/api.w.org\/{rel}","templated":true}]}}