{"id":50278,"date":"2025-10-01T06:47:10","date_gmt":"2025-10-01T06:47:10","guid":{"rendered":"https:\/\/www.europesays.com\/fi\/50278\/"},"modified":"2025-10-01T06:47:10","modified_gmt":"2025-10-01T06:47:10","slug":"maryam-razavin-suloinen-lastenkirja-mimi-ja-morko-rohkaisee-kohtaamaan-pelkonsa","status":"publish","type":"post","link":"https:\/\/www.europesays.com\/fi\/50278\/","title":{"rendered":"Maryam Razavin suloinen lastenkirja Mimi ja m\u00f6rk\u00f6 rohkaisee kohtaamaan pelkonsa"},"content":{"rendered":"<p><strong>Ilmestyy 29.5.<\/strong><\/p>\n<p>Er\u00e4\u00e4n\u00e4 p\u00e4iv\u00e4n\u00e4 Mimin kotiin ilmaantuu m\u00f6rk\u00f6.<\/p>\n<p>Se lymyilee verhojen seassa ja n\u00e4ytt\u00e4\u00e4 v\u00e4h\u00e4n pelottavalta. Onneksi Mimi\u00e4 ei kuitenkaan pelota kertoa oudosta vierailijasta muille, sill\u00e4 yhdess\u00e4 perhe keksii monia kivoja tapoja tutustua m\u00f6rk\u00f6\u00f6n.<\/p>\n<p>Olohuonediskon, v\u00e4lipalasmoothien ja pukeutumisharjoitusten j\u00e4lkeen Mimi huomaa, ett\u00e4 pelko olikin turha. H\u00e4n on saanut uuden yst\u00e4v\u00e4n!<\/p>\n<p>Mimi ja m\u00f6rk\u00f6 -tarina sai alkunsa, kun <strong>Maryam Razavin<\/strong> leikki-ik\u00e4inen lapsi alkoi puhua kotona m\u00f6r\u00f6ist\u00e4. Yhdess\u00e4 \u00e4iti ja tyt\u00e4r pohtivat, onko m\u00f6rk\u00f6j\u00e4 olemassa, ja jos on, pit\u00e4\u00e4k\u00f6 niit\u00e4 pel\u00e4t\u00e4. Kyselytulvaa helpottaakseen Razavi alkoi kertoa iltaisin satua m\u00f6r\u00f6st\u00e4 ja pyysi siihen ideoita my\u00f6s lapseltaan. Mimi ja m\u00f6rk\u00f6 alkoi synty\u00e4 puhelimen muistiinpanoihin.<\/p>\n<p>\u201dTarinan tarkoituksena on rauhoittaa monille lapsille tavanomaista m\u00f6rk\u00f6pelkoa ja samalla my\u00f6s auttaa k\u00e4sittelem\u00e4\u00e4n pelon ja \u00e4rsyyntymisen kaltaisia vaikeita tunteita. Joskus ne pelottavatkin tyypit saattavat paljastua tosi kivoiksi \u2013 ehk\u00e4 uudet asiat vain j\u00e4nnitt\u00e4v\u00e4t heit\u00e4kin\u201d, Razavi sanoo.<\/p>\n<p>Razavi halusi Mimiin ja m\u00f6rk\u00f6\u00f6n mukaan my\u00f6s koko perhett\u00e4 yhdist\u00e4vi\u00e4 aktiviteetteja, ja siksi mukana on niin vinkkej\u00e4 oman olohuonediskon j\u00e4rjest\u00e4miseen kuin helpon smoothien py\u00f6r\u00e4ytt\u00e4miseen. Tarinan kruunaa <strong>Saara Obelen<\/strong> lumoavan v\u00e4rikyll\u00e4inen kuvitus, joka osaltaan innostaa pienen lukijan mukaan tanssiliikkeisiin ja muihin hauskoihin pelonkarkotustoimiin.<\/p>\n<p>Yhteisty\u00f6 kirjailijan ja kuvittajan v\u00e4lill\u00e4 oli Razavin mukaan saumatonta: kaksikko keskusteli tulevasta kuvamaailmasta yhdess\u00e4, mutta Razavi halusi antaa Obelelle vapaat k\u00e4det toteuttaa visiotaan.<\/p>\n<p>\u201dOlen lopputulokseen hirmu tyytyv\u00e4inen. Minuun teki erityisesti vaikutuksen talon sisustukseen ujutetut pienet yksityiskohdat, jotka kertovat omasta iranilaistaustastani.\u201d<\/p>\n<p><strong>Maryam Razavi on niin kotimaassa kuin kansainv\u00e4lisesti menestynyt malli, juontaja ja stylisti. Syv\u00e4 rakkaus kirjoihin ja tarinoihin on syttynyt jo lapsuudessa. Saara Obele on omaleimaisesta, valloittavan ilmaisuvoimaisesta tyylist\u00e4\u00e4n tunnettu kuvittaja, lastenkirjailija ja kuosisuunnittelija.<\/strong><\/p>\n<p>Mimi ja m\u00f6rk\u00f6 ilmestyy kovakantisen lis\u00e4ksi Esme Kaislakarin lukemana \u00e4\u00e4nikirjana sek\u00e4 s\u00e4hk\u00f6kirjana.<\/p>\n<p>Haastattelu- ja arvostelukappalepyynn\u00f6t sek\u00e4 lis\u00e4tiedot: <a href=\"https:\/\/www.sttinfo.fi\/tiedote\/71154123\/mailto:anni.gullichsen@otava.fi\" rel=\"nofollow noopener\" target=\"_blank\">anni.gullichsen@otava.fi<\/a><\/p>\n","protected":false},"excerpt":{"rendered":"Ilmestyy 29.5. Er\u00e4\u00e4n\u00e4 p\u00e4iv\u00e4n\u00e4 Mimin kotiin ilmaantuu m\u00f6rk\u00f6. Se lymyilee verhojen seassa ja n\u00e4ytt\u00e4\u00e4 v\u00e4h\u00e4n pelottavalta. Onneksi Mimi\u00e4&hellip;\n","protected":false},"author":2,"featured_media":50279,"comment_status":"","ping_status":"","sticky":false,"template":"","format":"standard","meta":{"footnotes":""},"categories":[134],"tags":[377,137,33,31,30,378,32,109],"class_list":{"0":"post-50278","1":"post","2":"type-post","3":"status-publish","4":"format-standard","5":"has-post-thumbnail","7":"category-kirjat","8":"tag-books","9":"tag-entertainment","10":"tag-fi","11":"tag-finland","12":"tag-finnish","13":"tag-kirjat","14":"tag-suomi","15":"tag-viihde"},"share_on_mastodon":{"url":"","error":""},"_links":{"self":[{"href":"https:\/\/www.europesays.com\/fi\/wp-json\/wp\/v2\/posts\/50278","targetHints":{"allow":["GET"]}}],"collection":[{"href":"https:\/\/www.europesays.com\/fi\/wp-json\/wp\/v2\/posts"}],"about":[{"href":"https:\/\/www.europesays.com\/fi\/wp-json\/wp\/v2\/types\/post"}],"author":[{"embeddable":true,"href":"https:\/\/www.europesays.com\/fi\/wp-json\/wp\/v2\/users\/2"}],"replies":[{"embeddable":true,"href":"https:\/\/www.europesays.com\/fi\/wp-json\/wp\/v2\/comments?post=50278"}],"version-history":[{"count":0,"href":"https:\/\/www.europesays.com\/fi\/wp-json\/wp\/v2\/posts\/50278\/revisions"}],"wp:featuredmedia":[{"embeddable":true,"href":"https:\/\/www.europesays.com\/fi\/wp-json\/wp\/v2\/media\/50279"}],"wp:attachment":[{"href":"https:\/\/www.europesays.com\/fi\/wp-json\/wp\/v2\/media?parent=50278"}],"wp:term":[{"taxonomy":"category","embeddable":true,"href":"https:\/\/www.europesays.com\/fi\/wp-json\/wp\/v2\/categories?post=50278"},{"taxonomy":"post_tag","embeddable":true,"href":"https:\/\/www.europesays.com\/fi\/wp-json\/wp\/v2\/tags?post=50278"}],"curies":[{"name":"wp","href":"https:\/\/api.w.org\/{rel}","templated":true}]}}