{"id":50280,"date":"2025-10-01T06:48:09","date_gmt":"2025-10-01T06:48:09","guid":{"rendered":"https:\/\/www.europesays.com\/fi\/50280\/"},"modified":"2025-10-01T06:48:09","modified_gmt":"2025-10-01T06:48:09","slug":"ylen-uusi-toimitusjohtaja-yle-on-viimeinen-taho-joka-sulkee-radio-ja-tv-kanavat-kulttuuri","status":"publish","type":"post","link":"https:\/\/www.europesays.com\/fi\/50280\/","title":{"rendered":"Ylen uusi toimitusjohtaja: \u201dYle on viimeinen taho, joka sulkee radio- ja tv-kanavat\u201d | Kulttuuri"},"content":{"rendered":"<p class=\"aw-1gybjub aw-1p7kakr cmIuaG fmSRng yle__article__paragraph\"><strong class=\"aw-ak79eh KyCXm yle__article__strong\">Marit af Bj\u00f6rkesten<\/strong>, 55, aloittaa Yleisradion toimitusjohtajana poikkeuksellisessa tilanteessa.<\/p>\n<p class=\"aw-1gybjub aw-1p7kakr cmIuaG fmSRng yle__article__paragraph\">Taustalla on yhti\u00f6n historian raskain p\u00e4\u00e4t\u00f6s. Ylen pit\u00e4\u00e4 s\u00e4\u00e4st\u00e4\u00e4 66 miljoonaa euroa vuoteen 2027 menness\u00e4. Parlamentaarisen ty\u00f6ryhm\u00e4n p\u00e4\u00e4t\u00f6ksen seurauksena <a class=\"aw-iao6s4 iHOxEa yle__article__link\" href=\"https:\/\/yle.fi\/a\/74-20139113\" role=\"link\" rel=\"nofollow noopener\" target=\"_blank\">Ylest\u00e4 v\u00e4heni hieman yli kolmesataa ty\u00f6paikkaa<\/a>.<\/p>\n<p class=\"aw-1gybjub aw-1p7kakr cmIuaG fmSRng yle__article__paragraph\">Talossa on t\u00e4t\u00e4 nyky\u00e4 noin 2\u00a0700 vakituista ty\u00f6ntekij\u00e4\u00e4. Heist\u00e4 noin 75 prosenttia ty\u00f6skentelee Helsingiss\u00e4, kymmenen prosenttia Tampereella ja loput muualla Suomessa. Ylell\u00e4 on my\u00f6s kirjeenvaihtajia ulkomailla.<\/p>\n<p class=\"aw-1gybjub aw-1p7kakr cmIuaG fmSRng yle__article__paragraph\">\u2013 Olemme s\u00e4\u00e4st\u00f6jen suhteen melkein maalissa, af Bj\u00f6rkesten sanoo.<\/p>\n<p class=\"aw-1gybjub aw-1p7kakr cmIuaG fmSRng yle__article__paragraph\">Irtisanomiset, talon sis\u00e4iset organisaatiouudistukset ja ty\u00f6nkuvan muutokset ovat panneet henkil\u00f6kunnan koville.<\/p>\n<p class=\"aw-1gybjub aw-1p7kakr cmIuaG fmSRng yle__article__paragraph\">\u2013 Sen huomaa t\u00e4\u00e4ll\u00e4 talon k\u00e4yt\u00e4vill\u00e4, ett\u00e4 muutosneuvottelut ovat olleet kova paikka ylel\u00e4isille. My\u00f6s niille, jotka j\u00e4\u00e4v\u00e4t.<\/p>\n<p class=\"aw-1gybjub aw-1p7kakr cmIuaG fmSRng yle__article__paragraph\">Yleisradion rahoituksesta p\u00e4\u00e4tt\u00e4nyt parlamentaarinen ty\u00f6ryhm\u00e4 velvoitti Ylen lis\u00e4ksi ostamaan aiempaa enemm\u00e4n kotimaisia tuotantoja talon ulkopuolelta. Lis\u00e4\u00e4 pit\u00e4isi ostaa 15\u201320 prosenttia vuoteen 2030 menness\u00e4.<\/p>\n<p class=\"aw-1gybjub aw-1p7kakr cmIuaG fmSRng yle__article__paragraph\">\u2013 Jostain se raha on l\u00f6ydytt\u00e4v\u00e4. Emme ole viel\u00e4 p\u00e4\u00e4sseet aloittamaan siit\u00e4 keskusteluja talon sis\u00e4ll\u00e4.<\/p>\n<p class=\"aw-1gybjub aw-1p7kakr cmIuaG fmSRng yle__article__paragraph\">Uusi toimitusjohtaja ei ota kantaa siihen, johtaako ostojen lis\u00e4yksen rahoitus irtisanomisiin Yless\u00e4.<\/p>\n<p class=\"aw-1gybjub aw-1p7kakr cmIuaG fmSRng yle__article__paragraph\">Talossa on af Bj\u00f6rkestenin mukaan ty\u00f6t\u00e4 teht\u00e4v\u00e4n\u00e4 leikkausten j\u00e4ljilt\u00e4.<\/p>\n<p class=\"aw-1gybjub aw-1p7kakr cmIuaG fmSRng yle__article__paragraph\">\u2013 Uskon, ett\u00e4 Yle on yhteiskunnallisesti rakentava, luotettava ja kokoava voima my\u00f6s vuonna 2028.<\/p>\n<p><img decoding=\"async\" alt=\"Henkil\u00f6 seisoo hississ\u00e4 pukeutuneena vaaleaan takkiin.\" src=\"https:\/\/www.europesays.com\/fi\/wp-content\/uploads\/2025\/10\/39-152970768d99565e760c.jpeg\" loading=\"lazy\" class=\"aw-1l9m598 hKVVvP\"\/><\/p>\n<p>Avaa kuvien katselu<\/p>\n<p>Af Bj\u00f6rkesten on tehnyt pitk\u00e4n uran johtoteht\u00e4viss\u00e4 Yless\u00e4. Kuva: Benjamin Suomela \/ Yle\u00c4lyk\u00e4s ja analyyttinen johtaja<\/p>\n<p class=\"aw-1gybjub aw-1p7kakr cmIuaG fmSRng yle__article__paragraph\">Af Bj\u00f6rkestenin valinta Ylen toimitusjohtajaksi oli ehk\u00e4 monelle yll\u00e4tys, sill\u00e4 talon toimitusjohtajat on palkattu Ylen ulkopuolelta kahdenkymmenen viime vuoden aikana. Suuri yleis\u00f6 tuskin tuntee h\u00e4nt\u00e4, mutta tilanne todenn\u00e4k\u00f6isesti muuttuu. Yleisradion toimitusjohtajan n\u00e4kemykset kiinnostavat yleis\u00f6\u00e4.<\/p>\n<p class=\"aw-1gybjub aw-1p7kakr cmIuaG fmSRng yle__article__paragraph\">Af Bj\u00f6rkesten on tehnyt pitk\u00e4n uran johtoteht\u00e4viss\u00e4 Yless\u00e4 ja erityisesti talon ruotsinkielisess\u00e4 yksik\u00f6ss\u00e4 Svenska Yless\u00e4.<\/p>\n<p class=\"aw-1gybjub aw-1p7kakr cmIuaG fmSRng yle__article__paragraph\">H\u00e4nt\u00e4 pidet\u00e4\u00e4n miellytt\u00e4v\u00e4n\u00e4 ja l\u00e4mpim\u00e4n\u00e4 ihmisen\u00e4. Af Bj\u00f6rkesten on entisen alaisen mukaan hillitty, skarppi ja mukava esihenkil\u00f6. Hyv\u00e4 journalisti.<\/p>\n<p class=\"aw-1gybjub aw-1p7kakr cmIuaG fmSRng yle__article__paragraph\">Ylen uuden toimitusjohtajan ty\u00f6t\u00e4 l\u00e4helt\u00e4 seurannut kollega pukee asian sanoiksi n\u00e4in:<\/p>\n<p class=\"aw-1gybjub aw-1p7kakr cmIuaG fmSRng yle__article__paragraph\">\u201dMarit on \u00e4lyk\u00e4s ja analyyttinen ja h\u00e4nen on helppo j\u00e4sent\u00e4\u00e4 my\u00f6s tosi kompleksisia kokonaisuuksia. Marit omaksuu nopeasti uutta tietoa, ja h\u00e4n on my\u00f6s sen tyyppinen ihminen, joka harkitsee asioita monipuolisesti eri n\u00e4k\u00f6kulmista ja ymm\u00e4rt\u00e4\u00e4, mit\u00e4 tietyist\u00e4 p\u00e4\u00e4t\u00f6ksist\u00e4 voi seurata.\u201d<\/p>\n<p class=\"aw-1gybjub aw-1p7kakr cmIuaG fmSRng yle__article__paragraph\">Uusi toimitusjohtaja astuu painaviin saappaisiin. V\u00e4istyv\u00e4 toimitusjohtaja <strong class=\"aw-ak79eh KyCXm yle__article__strong\">Merja Yl\u00e4-Anttila<\/strong> oli n\u00e4kyv\u00e4 persoona jo MTV:ll\u00e4 ennen kuin h\u00e4net nimitettiin Ylen toimitusjohtajaksi. Yl\u00e4-Anttila j\u00e4\u00e4 el\u00e4kkeelle vuoden loppuun menness\u00e4.<\/p>\n<p class=\"aw-1gybjub aw-1p7kakr cmIuaG fmSRng yle__article__paragraph\">H\u00e4n on tehnyt af Bj\u00f6rkestenin mukaan paljon hyv\u00e4\u00e4 persoonallaan Yleisradiolle.<\/p>\n<p class=\"aw-1gybjub aw-1p7kakr cmIuaG fmSRng yle__article__paragraph\">\u2013 Olen kiitollinen siit\u00e4, ett\u00e4 maaper\u00e4 on hyv\u00e4. Sille rakennetaan, af Bj\u00f6rkesten sanoo.<\/p>\n<p><img decoding=\"async\" alt=\"Kuvassa on henkil\u00f6, joka seisoo neutraalissa ymp\u00e4rist\u00f6ss\u00e4. H\u00e4nell\u00e4 on p\u00e4\u00e4ll\u00e4\u00e4n vaalea kauluspaita.\" src=\"https:\/\/www.europesays.com\/fi\/wp-content\/uploads\/2025\/10\/39-152970968d9956fa1068.jpeg\" loading=\"lazy\" class=\"aw-1l9m598 hKVVvP\"\/><\/p>\n<p>Avaa kuvien katselu<\/p>\n<p>Af Bj\u00f6rkestenin perheeseen kuuluvat puoliso ja kolme aikuista lasta. Kuva: Benjamin Suomela \/ YleLastentarhassa Neuvostoliitossa<\/p>\n<p class=\"aw-1gybjub aw-1p7kakr cmIuaG fmSRng yle__article__paragraph\">Ylen uudella toimitusjohtajalla on erikoinen tausta.<\/p>\n<p class=\"aw-1gybjub aw-1p7kakr cmIuaG fmSRng yle__article__paragraph\">Is\u00e4, <strong class=\"aw-ak79eh KyCXm yle__article__strong\">Erkki Pennanen<\/strong>, ty\u00f6skenteli Helsingin Sanomien ulkomaankirjeenvaihtajana. Asemapaikkoja olivat muun muassa Wien, Moskova ja Tukholma, ja perhe vaihtoi useaan otteeseen maata.<\/p>\n<p class=\"aw-1gybjub aw-1p7kakr cmIuaG fmSRng yle__article__paragraph\">\u2013 Olin matkalaukkulapsi.<\/p>\n<p class=\"aw-1gybjub aw-1p7kakr cmIuaG fmSRng yle__article__paragraph\">Af Bj\u00f6rkesten oppi jo pienen\u00e4 sopeutumaan. H\u00e4n on ollut nunnien pit\u00e4m\u00e4ss\u00e4 katolisessa lastentarhassa It\u00e4vallassa, neuvostoliittolaisessa lastentarhassa ja Suomen l\u00e4hetyst\u00f6n suomalaisessa koulussa Moskovassa sek\u00e4 \u201dkansankodin\u201d koulussa Ruotsissa.<\/p>\n<p class=\"aw-1gybjub aw-1p7kakr cmIuaG fmSRng yle__article__paragraph\">Pennaset asettuivat Suomeen, kun af Bj\u00f6rkesten oli 12-vuotias.<\/p>\n<p class=\"aw-1gybjub aw-1p7kakr cmIuaG fmSRng yle__article__paragraph\">\u2013 Olen joskus naureskellut sille, ett\u00e4 kun joskus ihmettelen, miten minusta tuli t\u00e4llainen, selitys on t\u00e4ss\u00e4.<\/p>\n<p class=\"aw-1gybjub aw-1p7kakr cmIuaG fmSRng yle__article__paragraph\">Af Bj\u00f6rkesten puhuu ruotsin, suomen ja englannin lis\u00e4ksi saksaa, ranskaa ja ven\u00e4j\u00e4\u00e4.<\/p>\n<p class=\"aw-1gybjub aw-1p7kakr cmIuaG fmSRng yle__article__paragraph\">\u2013 Rakastan kieli\u00e4. Niiden oppimista ja puhumista. Puhuin pikkuveljelleni kotona It\u00e4vallassa saksaa, koska luulin, ett\u00e4 kaikki lapset puhuvat sit\u00e4.<\/p>\n<p class=\"aw-1gybjub aw-1p7kakr cmIuaG fmSRng yle__article__paragraph\">Espanjan opinnot etenev\u00e4t Duolingossa.<\/p>\n<p class=\"aw-1gybjub aw-1p7kakr cmIuaG fmSRng yle__article__paragraph\">Toinen suuri rakkaus on ruoka.<\/p>\n<p class=\"aw-1gybjub aw-1p7kakr cmIuaG fmSRng yle__article__paragraph\">\u2013 Rakastan ruuanlaittoa, sy\u00f6mist\u00e4, ruuasta lukemista ja jopa ruuan ostamista. Minulla on aivan liian pitk\u00e4 rivi keittokirjoja.<\/p>\n<p class=\"aw-1gybjub aw-1p7kakr cmIuaG fmSRng yle__article__paragraph\">Toimitusjohtajan harrastuksiin kuuluvat kielien lis\u00e4ksi liikunta ja musiikki. H\u00e4n on l\u00f6yt\u00e4nyt viimeksi melonnan. Af Bj\u00f6rkesten tunnustautuu kaunokirjallisuuden yst\u00e4v\u00e4ksi.<\/p>\n<p><img decoding=\"async\" alt=\"Nainen ty\u00f6skentelee kannettavalla tietokoneella modernissa toimistotilassa, jossa on suuret ikkunat ja aurinkoinen n\u00e4kym\u00e4 ulos.\" src=\"https:\/\/www.europesays.com\/fi\/wp-content\/uploads\/2025\/10\/39-152970868d9956dd3f5d.jpeg\" loading=\"lazy\" class=\"aw-1l9m598 hKVVvP\"\/><\/p>\n<p>Avaa kuvien katselu<\/p>\n<p>Uusi toimitusjohtaja aloittaa p\u00e4iv\u00e4n Ylen uutisten lis\u00e4ksi muun muassa Helsingin Sanomilla ja Hufvudstadsbladetilla. Autossa h\u00e4n kuuntelee Ykk\u00f6saamua. Kuva: Benjamin Suomela \/ YleTeknoj\u00e4tit todellinen haaste kaikille<\/p>\n<p class=\"aw-1gybjub aw-1p7kakr cmIuaG fmSRng yle__article__paragraph\">Yle on jatkuvasti kritiikin kohteena.<\/p>\n<p class=\"aw-1gybjub aw-1p7kakr cmIuaG fmSRng yle__article__paragraph\">Kiinnostusta riitt\u00e4\u00e4 my\u00f6s Ylen julkiseen rahoitukseen. Viimeksi Suomen Yritt\u00e4jien toimitusjohtaja <a class=\"aw-iao6s4 iHOxEa yle__article__link\" href=\"https:\/\/yle.fi\/a\/74-20183685\" role=\"link\" rel=\"nofollow noopener\" target=\"_blank\"><strong class=\"aw-ak79eh KyCXm yle__article__strong\">Mikael Pentik\u00e4inen<\/strong> <\/a>ehdotti, ett\u00e4 Ylen rahoituksesta voisi ohjata pienen siivun <a class=\"aw-iao6s4 iHOxEa yle__article__link\" href=\"https:\/\/yle.fi\/a\/74-20183685\" role=\"link\" rel=\"nofollow noopener\" target=\"_blank\">Suomen Tietotoimistolle (STT), joka on ajautunut vaikeuksiin<\/a>. Pentik\u00e4inen on entinen Helsingin Sanomien, STT:n ja Maaseudun tulevaisuuden p\u00e4\u00e4toimittaja.<\/p>\n<p class=\"aw-1gybjub aw-1p7kakr cmIuaG fmSRng yle__article__paragraph\">Yle on STT:n iso asiakas.<\/p>\n<p class=\"aw-1gybjub aw-1p7kakr cmIuaG fmSRng yle__article__paragraph\">\u2013 Totesimme s\u00e4\u00e4st\u00f6j\u00e4 hakiessamme sen olevan t\u00e4rke\u00e4\u00e4, ett\u00e4 Suomella on oma uutistoimisto. Niinp\u00e4 Yle p\u00e4\u00e4tti pysy\u00e4 STT:n asiakkaana. S\u00e4\u00e4stimme sen sijaan omasta uutistoiminnastamme.<\/p>\n<p class=\"aw-1gybjub aw-1p7kakr cmIuaG fmSRng yle__article__paragraph\">Af Bj\u00f6rkesten toivoo, ett\u00e4 mediakeskustelun sis\u00e4lt\u00f6 muuttuisi Suomessa. Se l\u00e4htee h\u00e4nen mielest\u00e4\u00e4n \u201dhieman v\u00e4\u00e4rist\u00e4 l\u00e4ht\u00f6kohdista\u201d.<\/p>\n<p class=\"aw-1gybjub aw-1p7kakr cmIuaG fmSRng yle__article__paragraph\">\u2013 On tyypillist\u00e4, ett\u00e4 Suomessa mediasta keskustellaan aina talouden ja rajoittamisen termein. Toivoisin, ett\u00e4 voisimme keskustella paljon enemm\u00e4n niist\u00e4 oikeista suurista haasteista, jotka tulevat aivan muualta, kuten teknoj\u00e4tit ja teko\u00e4ly.<\/p>\n<p><img decoding=\"async\" alt=\"Henkil\u00f6 seisoo studiossa kirkkaiden valojen alla.\" src=\"https:\/\/www.europesays.com\/fi\/wp-content\/uploads\/2025\/10\/39-152971068d9957b0e64d.jpeg\" loading=\"lazy\" class=\"aw-1l9m598 hKVVvP\"\/><\/p>\n<p>Avaa kuvien katselu<\/p>\n<p>Kulttuuri on t\u00e4rke\u00e4\u00e4 af Bj\u00f6rkestenille. H\u00e4net kuvattiin Studiotalossa. Yh\u00e4 k\u00e4yt\u00f6ss\u00e4 oleva Studio 1 valmistui 1960-luvulla. Kuva: Benjamin Suomela \/ YleKulttuurisis\u00e4ll\u00f6t n\u00e4kyv\u00e4mmiksi<\/p>\n<p class=\"aw-1gybjub aw-1p7kakr cmIuaG fmSRng yle__article__paragraph\">Uusi toimitusjohtaja nostaa esiin my\u00f6s Ylen kulttuuriteht\u00e4v\u00e4n.<\/p>\n<p class=\"aw-1gybjub aw-1p7kakr cmIuaG fmSRng yle__article__paragraph\">\u2013 Voisimme tehd\u00e4 kulttuurin sis\u00e4ll\u00f6t n\u00e4kyv\u00e4mmiksi eri kanavissa ja palveluissa. Ne voisivat n\u00e4ky\u00e4 vahvemmin my\u00f6s uutispalvelussa.<\/p>\n<p class=\"aw-1gybjub aw-1p7kakr cmIuaG fmSRng yle__article__paragraph\">Yle py\u00f6ritt\u00e4\u00e4 digitaalisten palveluidensa ohella radio- ja tv-kanavia. Niiden k\u00e4ytt\u00f6 on ollut pitk\u00e4\u00e4n laskusuunnassa.<\/p>\n<p class=\"aw-1gybjub aw-1p7kakr cmIuaG fmSRng yle__article__paragraph\">\u2013 Olen eritt\u00e4in iloinen, ett\u00e4 meill\u00e4 on t\u00e4m\u00e4 koko paletti, ja Yle on varmasti viimeinen taho, joka sulkee tv- ja radiokanavansa.<\/p>\n<p class=\"aw-1gybjub aw-1p7kakr cmIuaG fmSRng yle__article__paragraph\">Yleisradio t\u00e4ytt\u00e4\u00e4 ensi vuonna sata vuotta. Suomalainen instituutio aloitti nimens\u00e4 mukaisesti radiona vuonna 1926.<\/p>\n<p class=\"aw-1gybjub aw-1p7kakr cmIuaG fmSRng yle__article__paragraph\">\u2013 Yleisradio perustettiin, koska Suomi oli hyvin sirpaloitunut, hajautunut ja eripurainen. Haluttiin jotain yhteist\u00e4, enk\u00e4 usko, ett\u00e4 se tarve on kadonnut mihink\u00e4\u00e4n, af Bj\u00f6rkesten toteaa.<\/p>\n<p class=\"aw-1gybjub aw-1p7kakr cmIuaG fmSRng yle__article__paragraph\"><strong class=\"aw-ak79eh KyCXm yle__article__strong\">Marit af Bj\u00f6rkesten kertoi Ylen aamussa, millaisessa tilanteessa h\u00e4n aloittaa toimitusjohtajana:<\/strong><\/p>\n","protected":false},"excerpt":{"rendered":"Marit af Bj\u00f6rkesten, 55, aloittaa Yleisradion toimitusjohtajana poikkeuksellisessa tilanteessa. Taustalla on yhti\u00f6n historian raskain p\u00e4\u00e4t\u00f6s. Ylen pit\u00e4\u00e4 s\u00e4\u00e4st\u00e4\u00e4&hellip;\n","protected":false},"author":2,"featured_media":50281,"comment_status":"","ping_status":"","sticky":false,"template":"","format":"standard","meta":{"footnotes":""},"categories":[133],"tags":[137,33,31,30,108,12477,32,206,12478,156,109,1149],"class_list":{"0":"post-50280","1":"post","2":"type-post","3":"status-publish","4":"format-standard","5":"has-post-thumbnail","7":"category-televisiot","8":"tag-entertainment","9":"tag-fi","10":"tag-finland","11":"tag-finnish","12":"tag-kulttuuri","13":"tag-marit-af-bjorkesten","14":"tag-suomi","15":"tag-televisiot","16":"tag-toimitusjohtajat","17":"tag-tv","18":"tag-viihde","19":"tag-yle"},"share_on_mastodon":{"url":"","error":""},"_links":{"self":[{"href":"https:\/\/www.europesays.com\/fi\/wp-json\/wp\/v2\/posts\/50280","targetHints":{"allow":["GET"]}}],"collection":[{"href":"https:\/\/www.europesays.com\/fi\/wp-json\/wp\/v2\/posts"}],"about":[{"href":"https:\/\/www.europesays.com\/fi\/wp-json\/wp\/v2\/types\/post"}],"author":[{"embeddable":true,"href":"https:\/\/www.europesays.com\/fi\/wp-json\/wp\/v2\/users\/2"}],"replies":[{"embeddable":true,"href":"https:\/\/www.europesays.com\/fi\/wp-json\/wp\/v2\/comments?post=50280"}],"version-history":[{"count":0,"href":"https:\/\/www.europesays.com\/fi\/wp-json\/wp\/v2\/posts\/50280\/revisions"}],"wp:featuredmedia":[{"embeddable":true,"href":"https:\/\/www.europesays.com\/fi\/wp-json\/wp\/v2\/media\/50281"}],"wp:attachment":[{"href":"https:\/\/www.europesays.com\/fi\/wp-json\/wp\/v2\/media?parent=50280"}],"wp:term":[{"taxonomy":"category","embeddable":true,"href":"https:\/\/www.europesays.com\/fi\/wp-json\/wp\/v2\/categories?post=50280"},{"taxonomy":"post_tag","embeddable":true,"href":"https:\/\/www.europesays.com\/fi\/wp-json\/wp\/v2\/tags?post=50280"}],"curies":[{"name":"wp","href":"https:\/\/api.w.org\/{rel}","templated":true}]}}