{"id":50282,"date":"2025-10-01T06:50:07","date_gmt":"2025-10-01T06:50:07","guid":{"rendered":"https:\/\/www.europesays.com\/fi\/50282\/"},"modified":"2025-10-01T06:50:07","modified_gmt":"2025-10-01T06:50:07","slug":"channing-tatum-varoitti-marvel-faneja-avengers-doomsday-saa-aivonne-valumaan-korvista","status":"publish","type":"post","link":"https:\/\/www.europesays.com\/fi\/50282\/","title":{"rendered":"Channing Tatum varoitti Marvel-faneja: \u201cAvengers: Doomsday saa aivonne valumaan korvista\u201d"},"content":{"rendered":"\n<p><strong>Marvel Studiosin ensi vuoden Doomsday-megaspektaakkeli on saatu kuvattua.<\/strong><\/p>\n<p><a href=\"https:\/\/muropaketti.com\/avainsana\/channing-tatum\/\" rel=\"nofollow noopener\" target=\"_blank\">Channing Tatum<\/a> osallistui uuden Roofman-elokuvansa punaisen maton ensi-iltaan, jossa n\u00e4yttelij\u00e4 kertoi <a href=\"https:\/\/www.etonline.com\/media\/videos\/avengers-doomsday-channing-tatum-says-fans-are-going-to-lose-their-minds-over-film\" target=\"_blank\" rel=\"noopener nofollow\">ET<\/a>:lle my\u00f6s Avengers: Doomsday -elokuvasta.<\/p>\n<p>Marvel Studiosin ensi vuonna n\u00e4ht\u00e4v\u00e4 leffa on saatu kuvattua. Russon veljesten ohjaama supersankariseikkailu saa ensi-iltansa kuitenkin vasta jouluna 2026. Avengers: Secret Wars n\u00e4hd\u00e4\u00e4n puolestaan joulukuussa 2027.<\/p>\n<p>\u201dEn oikein tied\u00e4 kuinka kuvailisin sit\u00e4 teille. Se saa aivonne valumaan korvista. V\u00e4h\u00e4n samaan tapaan kuin siin\u00e4 vaiheessa kun Blade ilmestyi Deadpool &amp; Wolverine -elokuvaan, jengi menee aivan sekaisin, mutta 50 kertaa voimakkaammin.\u201d<\/p>\n<p>Tatum sanoo, ettei luonnollisesti voi paljastaa elokuvan juonesta mit\u00e4\u00e4n, mutta mainitsee my\u00f6s, ett\u00e4 oli itse sarjakuvien fanina todella yll\u00e4tt\u00e4nyt.<\/p>\n<p>N\u00e4yttelij\u00e4n uudessa Roofman-draamakomediassa n\u00e4hd\u00e4\u00e4n my\u00f6s\u00a0Kirsten Dunst, Ben Mendelsohn, LaKeith Stanfield, Juno Temple, Melonie Diaz, Uzo Aduba, Lily Collias, Jimmy O. Yang ja Peter Dinklage.<\/p>\n<p>Roofman perustuu tositarinaan, jossa Tatumin esitt\u00e4m\u00e4 Jeffrey Manchester ry\u00f6st\u00e4\u00e4 McDonalds-ravintoloita ja piiloutuu Toys \u201cR\u201d Us -lelukauppaan.<\/p>\n<p>Elokuvan on ohjannut Derek Cianfrance, joka vastaa my\u00f6s k\u00e4sikirjoituksesta yhdess\u00e4 Kirt Gunnin kanssa.<\/p>\n<p>Roofman saapuu Yhdysvalloissa teattereihin 10. lokakuuta. Suomen ensi-ilta on vasta 28. marraskuuta.<\/p>\n","protected":false},"excerpt":{"rendered":"Marvel Studiosin ensi vuoden Doomsday-megaspektaakkeli on saatu kuvattua. Channing Tatum osallistui uuden Roofman-elokuvansa punaisen maton ensi-iltaan, jossa n\u00e4yttelij\u00e4&hellip;\n","protected":false},"author":2,"featured_media":31030,"comment_status":"","ping_status":"","sticky":false,"template":"","format":"standard","meta":{"footnotes":""},"categories":[131],"tags":[809,7796,155,137,33,173,31,30,2813,172,32,109],"class_list":{"0":"post-50282","1":"post","2":"type-post","3":"status-publish","4":"format-standard","5":"has-post-thumbnail","7":"category-elokuvat","8":"tag-avengers-doomsday","9":"tag-channing-tatum","10":"tag-elokuvat","11":"tag-entertainment","12":"tag-fi","13":"tag-film","14":"tag-finland","15":"tag-finnish","16":"tag-marvel-studios","17":"tag-movies","18":"tag-suomi","19":"tag-viihde"},"share_on_mastodon":{"url":"","error":""},"_links":{"self":[{"href":"https:\/\/www.europesays.com\/fi\/wp-json\/wp\/v2\/posts\/50282","targetHints":{"allow":["GET"]}}],"collection":[{"href":"https:\/\/www.europesays.com\/fi\/wp-json\/wp\/v2\/posts"}],"about":[{"href":"https:\/\/www.europesays.com\/fi\/wp-json\/wp\/v2\/types\/post"}],"author":[{"embeddable":true,"href":"https:\/\/www.europesays.com\/fi\/wp-json\/wp\/v2\/users\/2"}],"replies":[{"embeddable":true,"href":"https:\/\/www.europesays.com\/fi\/wp-json\/wp\/v2\/comments?post=50282"}],"version-history":[{"count":0,"href":"https:\/\/www.europesays.com\/fi\/wp-json\/wp\/v2\/posts\/50282\/revisions"}],"wp:featuredmedia":[{"embeddable":true,"href":"https:\/\/www.europesays.com\/fi\/wp-json\/wp\/v2\/media\/31030"}],"wp:attachment":[{"href":"https:\/\/www.europesays.com\/fi\/wp-json\/wp\/v2\/media?parent=50282"}],"wp:term":[{"taxonomy":"category","embeddable":true,"href":"https:\/\/www.europesays.com\/fi\/wp-json\/wp\/v2\/categories?post=50282"},{"taxonomy":"post_tag","embeddable":true,"href":"https:\/\/www.europesays.com\/fi\/wp-json\/wp\/v2\/tags?post=50282"}],"curies":[{"name":"wp","href":"https:\/\/api.w.org\/{rel}","templated":true}]}}