{"id":50285,"date":"2025-10-01T06:53:08","date_gmt":"2025-10-01T06:53:08","guid":{"rendered":"https:\/\/www.europesays.com\/fi\/50285\/"},"modified":"2025-10-01T06:53:08","modified_gmt":"2025-10-01T06:53:08","slug":"negative-yhtye-tekee-paluun-tamperelaisia-rocktahtia-vilisee-tammelan-stadionilla-ensi-kesana-kotimaa","status":"publish","type":"post","link":"https:\/\/www.europesays.com\/fi\/50285\/","title":{"rendered":"Negative-yhtye tekee paluun \u2013 tamperelaisia rockt\u00e4hti\u00e4 vilisee Tammelan stadionilla ensi kes\u00e4n\u00e4 | Kotimaa"},"content":{"rendered":"<p class=\"aw-1gybjub aw-5vja16 cmIuaG zKETg yle__article__paragraph\">Tampereella juhlistetaan manserockia stadionkeikalla elokuussa 2026. Tamperelaisista t\u00e4hdist\u00e4 kootun orkesterin lis\u00e4ksi lavalle astuu Negative-yhtye 13 vuoden tauon j\u00e4lkeen.<\/p>\n<p><img decoding=\"async\" alt=\"Negative-yhtyeen viisi j\u00e4sent\u00e4 poseeraa kameralle. \" src=\"https:\/\/www.europesays.com\/fi\/wp-content\/uploads\/2025\/10\/39-153097668dcbb79a4278.jpeg\" class=\"aw-1l9m598 hKVVvP\"\/><\/p>\n<p>Avaa kuvien katselu<\/p>\n<p>Vuonna 2003 ensimm\u00e4isen albuminsa julkaissut Negative teki kansainv\u00e4list\u00e4 uraa kymmenen vuoden ajan. Kuva: Tiina Routamaa<\/p>\n<p class=\"aw-1gybjub aw-1p7kakr cmIuaG fmSRng yle__article__paragraph\">Tamperelainen hard rock -yhtye Negative tekee paluun keikkalavoille.<\/p>\n<p class=\"aw-1gybjub aw-1p7kakr cmIuaG fmSRng yle__article__paragraph\">Negative n\u00e4hd\u00e4\u00e4n lavalla 13 vuoden tauon j\u00e4lkeen Tampereella ensi kes\u00e4n\u00e4. Tampereen Tammelan stadionilla j\u00e4rjestet\u00e4\u00e4n Manserock stadionilla -konsertti 1. elokuuta.<\/p>\n<p class=\"aw-1gybjub aw-1p7kakr cmIuaG fmSRng yle__article__paragraph\">\u2013 Onpa hienoa ja samalla hyvin nostalgista k\u00e4ynnist\u00e4\u00e4 Negative, jonka paluuta on kyselty kaikki n\u00e4m\u00e4 vuodet, yhtyeen laulaja <strong class=\"aw-ak79eh KyCXm yle__article__strong\">Jonne Aaron<\/strong> sanoo tiedotteessa.<\/p>\n<p class=\"aw-1gybjub aw-1p7kakr cmIuaG fmSRng yle__article__paragraph\">Stadionkonsertin p\u00e4\u00e4esiintyj\u00e4 on Kaikkien aikojen Manserock -orkesteri, jonka solisteina esiintyv\u00e4t <strong class=\"aw-ak79eh KyCXm yle__article__strong\">Mikko Alatalo<\/strong>, <strong class=\"aw-ak79eh KyCXm yle__article__strong\">Heikki Hela<\/strong>, <strong class=\"aw-ak79eh KyCXm yle__article__strong\">Pate Mustaj\u00e4rvi<\/strong> ja <strong class=\"aw-ak79eh KyCXm yle__article__strong\">Martti Syrj\u00e4<\/strong>. Yksi lis\u00e4solisti julkaistaan my\u00f6hemmin t\u00e4n\u00e4 vuonna.<\/p>\n<p class=\"aw-1gybjub aw-1p7kakr cmIuaG fmSRng yle__article__paragraph\">B\u00e4ndiss\u00e4 soittavat ja laulavat rumpali <strong class=\"aw-ak79eh KyCXm yle__article__strong\">Aku Syrj\u00e4<\/strong>, basisti <strong class=\"aw-ak79eh KyCXm yle__article__strong\">Sami Ruusukallio<\/strong>, kosketinsoittaja ja taustalaulaja <strong class=\"aw-ak79eh KyCXm yle__article__strong\">Kalle Ruusukallio<\/strong>, kitaristi <strong class=\"aw-ak79eh KyCXm yle__article__strong\">Juha Torvinen<\/strong> sek\u00e4 taustalaulajat <strong class=\"aw-ak79eh KyCXm yle__article__strong\">Toni L\u00e4hteenm\u00e4ki<\/strong> ja <strong class=\"aw-ak79eh KyCXm yle__article__strong\">Nelli Petro<\/strong>.<\/p>\n<p class=\"aw-1gybjub aw-1p7kakr cmIuaG fmSRng yle__article__paragraph\">Konsertin tuottava Juha Torvinen kertoo, ett\u00e4 luvassa on laaja ja yll\u00e4tt\u00e4v\u00e4kin repertuaari kaikkien tuntemien klassikkohittej\u00e4.<\/p>\n<p><img decoding=\"async\" alt=\"Pate Mustaj\u00e4rvi laulaa konserttilavalla.\" src=\"https:\/\/www.europesays.com\/fi\/wp-content\/uploads\/2025\/10\/39-12142406578371509dc7.jpeg\" loading=\"lazy\" class=\"aw-1l9m598 hKVVvP\"\/><\/p>\n<p>Avaa kuvien katselu<\/p>\n<p>Pate Mustaj\u00e4rvi Popedan kera on n\u00e4hty keikalla Ratinan stadionilla, mutta ei viel\u00e4 kertaakaan Tammelan stadionilla. Arkistokuva vuodelta 2018. Kuva: Kirsi Matson-M\u00e4kel\u00e4 \/ YleVasta toinen suuri konsertti Tammelan stadionilla<\/p>\n<p class=\"aw-1gybjub aw-1p7kakr cmIuaG fmSRng yle__article__paragraph\">Manserock stadionilla -konsertti on vasta toinen Tampereen Tammelan stadionin julkistetuista suurista konserttitapahtumista.<\/p>\n<p class=\"aw-1gybjub aw-1p7kakr cmIuaG fmSRng yle__article__paragraph\">Ensimm\u00e4inen oli stadionin avajaisvuonna 2024 pidetty <strong class=\"aw-ak79eh KyCXm yle__article__strong\">Lauri T\u00e4hk\u00e4n<\/strong> <a class=\"aw-iao6s4 iHOxEa yle__article__link\" href=\"https:\/\/yle.fi\/a\/74-20096633\" role=\"link\" rel=\"nofollow noopener\" target=\"_blank\">j\u00e4\u00e4hyv\u00e4iskiertueen keikka<\/a>.<\/p>\n<p class=\"aw-1gybjub aw-1p7kakr cmIuaG fmSRng yle__article__paragraph\">Tammelan stadionille mahtuu konserttitapahtumiin enimmill\u00e4\u00e4n 15\u00a0000 katsojaa, kertoo stadionp\u00e4\u00e4llikk\u00f6 <strong class=\"aw-ak79eh KyCXm yle__article__strong\">Toni Hevonkorpi<\/strong>.<\/p>\n<p class=\"aw-1gybjub aw-1p7kakr cmIuaG fmSRng yle__article__paragraph\">Lavan ja kulkureittien kohdalle asetetaan suojalevyt, jotta ensi kev\u00e4\u00e4n\u00e4 uusittava tekonurmi ei vahingoitu.<\/p>\n<p class=\"aw-1gybjub aw-1p7kakr cmIuaG fmSRng yle__article__paragraph\"><strong class=\"aw-ak79eh KyCXm yle__article__strong\">Yle Areenasta l\u00f6ytyy muutamia helmi\u00e4 Negativen esiintymisist\u00e4 2000-luvun alussa.<\/strong><\/p>\n<p>Negativen musiikkivideo Frozen to Lose it All esitettiin ohjelmassa Lista Top 40 vuonna 2004. Negative esiintyi akustisesti Summeri-ohjelmassa vuonna 2010.<\/p>\n","protected":false},"excerpt":{"rendered":"Tampereella juhlistetaan manserockia stadionkeikalla elokuussa 2026. Tamperelaisista t\u00e4hdist\u00e4 kootun orkesterin lis\u00e4ksi lavalle astuu Negative-yhtye 13 vuoden tauon j\u00e4lkeen.&hellip;\n","protected":false},"author":2,"featured_media":50286,"comment_status":"","ping_status":"","sticky":false,"template":"","format":"standard","meta":{"footnotes":""},"categories":[130],"tags":[137,33,31,30,12482,71,108,12481,982,12404,12480,5730,553,32,12479,551,109],"class_list":{"0":"post-50285","1":"post","2":"type-post","3":"status-publish","4":"format-standard","5":"has-post-thumbnail","7":"category-viihde","8":"tag-entertainment","9":"tag-fi","10":"tag-finland","11":"tag-finnish","12":"tag-heikki-hela","13":"tag-kotimaa","14":"tag-kulttuuri","15":"tag-manserock","16":"tag-martti-syrja","17":"tag-mikko-alatalo","18":"tag-negative","19":"tag-pate-mustajarvi","20":"tag-pirkanmaa","21":"tag-suomi","22":"tag-tammelan-stadion","23":"tag-tampere","24":"tag-viihde"},"share_on_mastodon":{"url":"","error":""},"_links":{"self":[{"href":"https:\/\/www.europesays.com\/fi\/wp-json\/wp\/v2\/posts\/50285","targetHints":{"allow":["GET"]}}],"collection":[{"href":"https:\/\/www.europesays.com\/fi\/wp-json\/wp\/v2\/posts"}],"about":[{"href":"https:\/\/www.europesays.com\/fi\/wp-json\/wp\/v2\/types\/post"}],"author":[{"embeddable":true,"href":"https:\/\/www.europesays.com\/fi\/wp-json\/wp\/v2\/users\/2"}],"replies":[{"embeddable":true,"href":"https:\/\/www.europesays.com\/fi\/wp-json\/wp\/v2\/comments?post=50285"}],"version-history":[{"count":0,"href":"https:\/\/www.europesays.com\/fi\/wp-json\/wp\/v2\/posts\/50285\/revisions"}],"wp:featuredmedia":[{"embeddable":true,"href":"https:\/\/www.europesays.com\/fi\/wp-json\/wp\/v2\/media\/50286"}],"wp:attachment":[{"href":"https:\/\/www.europesays.com\/fi\/wp-json\/wp\/v2\/media?parent=50285"}],"wp:term":[{"taxonomy":"category","embeddable":true,"href":"https:\/\/www.europesays.com\/fi\/wp-json\/wp\/v2\/categories?post=50285"},{"taxonomy":"post_tag","embeddable":true,"href":"https:\/\/www.europesays.com\/fi\/wp-json\/wp\/v2\/tags?post=50285"}],"curies":[{"name":"wp","href":"https:\/\/api.w.org\/{rel}","templated":true}]}}