{"id":50287,"date":"2025-10-01T06:56:11","date_gmt":"2025-10-01T06:56:11","guid":{"rendered":"https:\/\/www.europesays.com\/fi\/50287\/"},"modified":"2025-10-01T06:56:11","modified_gmt":"2025-10-01T06:56:11","slug":"wolt-nappasi-toisenkin-elektroniikkajatin-suomalaiset-ovat-tottuneet-paikalliset","status":"publish","type":"post","link":"https:\/\/www.europesays.com\/fi\/50287\/","title":{"rendered":"Wolt nappasi toisenkin elektroniikkaj\u00e4tin \u2013\u2009&#8221;Suomalaiset ovat tottuneet&#8221; | Paikalliset"},"content":{"rendered":"<p>Elektroniikkaketju Power ja Wolt ovat aloittaneet yhteisty\u00f6n, jonka ansiostaverkkokaupasta tilatut tuotteet voidaan toimittaa asiakkaille jopa tunnin sis\u00e4ll\u00e4 tilauksesta.<\/p>\n<p>Aiemmin Wolt on aloittanut yhteisty\u00f6n Verkkokauppa.comin kanssa. Gigantilla ja Woltilla ei ole yhteisty\u00f6sopimusta<\/p>\n<p>Tiedotteen mukaan Suomessa jo yli nelj\u00e4nnes Woltin tilauksista on muuta kuin ravintolaruokaa. Mukana on nyt 34 Power-myym\u00e4l\u00e4\u00e4.<\/p>\n<p>\u2013\u2009Arjessa on hetki\u00e4, jolloin nopeus on valttia: laturi hajoaa, luurit j\u00e4\u00e4v\u00e4t kotiin, itkuh\u00e4lytin ei toimi. Suomalaiset ovat tottuneet tilaamaan elektroniikkaa, kertoo Wolt Suomen maajohtaja <strong>Anna Klaile <\/strong>tiedotteessa.<\/p>\n<p>Helsingiss\u00e4 Powereita on Itiksess\u00e4 ja Stockmannilla<\/p>\n","protected":false},"excerpt":{"rendered":"Elektroniikkaketju Power ja Wolt ovat aloittaneet yhteisty\u00f6n, jonka ansiostaverkkokaupasta tilatut tuotteet voidaan toimittaa asiakkaille jopa tunnin sis\u00e4ll\u00e4 tilauksesta.&hellip;\n","protected":false},"author":2,"featured_media":50288,"comment_status":"","ping_status":"","sticky":false,"template":"","format":"standard","meta":{"footnotes":""},"categories":[76],"tags":[79,77,2199,33,31,30,104,898,3187,32,78,3038,2200,12483],"class_list":{"0":"post-50287","1":"post","2":"type-post","3":"status-publish","4":"format-standard","5":"has-post-thumbnail","7":"category-talous","8":"tag-business","9":"tag-economy","10":"tag-elintarvikekauppa-ja-supermarketit","11":"tag-fi","12":"tag-finland","13":"tag-finnish","14":"tag-helsinki","15":"tag-kulutustavarat","16":"tag-kulutustavarat-ja-palvelut-sektori","17":"tag-suomi","18":"tag-talous","19":"tag-vahittaiskauppa-erikoistumattomissa-myymaloissa","20":"tag-vahittaiskauppa-pl-moottoriajoneuvot-kotitaloustavaroiden-korjaus","21":"tag-verkkokauppa-com"},"share_on_mastodon":{"url":"","error":""},"_links":{"self":[{"href":"https:\/\/www.europesays.com\/fi\/wp-json\/wp\/v2\/posts\/50287","targetHints":{"allow":["GET"]}}],"collection":[{"href":"https:\/\/www.europesays.com\/fi\/wp-json\/wp\/v2\/posts"}],"about":[{"href":"https:\/\/www.europesays.com\/fi\/wp-json\/wp\/v2\/types\/post"}],"author":[{"embeddable":true,"href":"https:\/\/www.europesays.com\/fi\/wp-json\/wp\/v2\/users\/2"}],"replies":[{"embeddable":true,"href":"https:\/\/www.europesays.com\/fi\/wp-json\/wp\/v2\/comments?post=50287"}],"version-history":[{"count":0,"href":"https:\/\/www.europesays.com\/fi\/wp-json\/wp\/v2\/posts\/50287\/revisions"}],"wp:featuredmedia":[{"embeddable":true,"href":"https:\/\/www.europesays.com\/fi\/wp-json\/wp\/v2\/media\/50288"}],"wp:attachment":[{"href":"https:\/\/www.europesays.com\/fi\/wp-json\/wp\/v2\/media?parent=50287"}],"wp:term":[{"taxonomy":"category","embeddable":true,"href":"https:\/\/www.europesays.com\/fi\/wp-json\/wp\/v2\/categories?post=50287"},{"taxonomy":"post_tag","embeddable":true,"href":"https:\/\/www.europesays.com\/fi\/wp-json\/wp\/v2\/tags?post=50287"}],"curies":[{"name":"wp","href":"https:\/\/api.w.org\/{rel}","templated":true}]}}