{"id":50289,"date":"2025-10-01T06:57:07","date_gmt":"2025-10-01T06:57:07","guid":{"rendered":"https:\/\/www.europesays.com\/fi\/50289\/"},"modified":"2025-10-01T06:57:07","modified_gmt":"2025-10-01T06:57:07","slug":"laura-dahlmeier-hyytava-tieto-etsinnoista","status":"publish","type":"post","link":"https:\/\/www.europesays.com\/fi\/50289\/","title":{"rendered":"Laura Dahlmeier: hyyt\u00e4v\u00e4 tieto etsinn\u00f6ist\u00e4"},"content":{"rendered":"<p>Saksalaismedia paljastaa tietoa vuorilta.<\/p>\n<p class=\"article-body mb-nof-24 px-nof-16\">Ampumahiiht\u00e4j\u00e4 <a class=\"article-personlink\" href=\"https:\/\/www.is.fi\/haku\/?query=Laura%20Dahlmeierin\" rel=\"nofollow noopener\" target=\"_blank\">Laura Dahlmeierin<\/a> ruumiin etsinn\u00f6ist\u00e4 on paljastunut uutta tietoa.<\/p>\n<p class=\"article-body mb-nof-24 px-nof-16\">Dahlmeier j\u00e4i kivivy\u00f6ryn alle kiipeilyonnettomuudessa Pakistanissa 28. hein\u00e4kuuta, ja h\u00e4nen kuolemastaan uutisoitiin kaksi p\u00e4iv\u00e4\u00e4 my\u00f6hemmin.<\/p>\n<p class=\"article-body mb-nof-24 px-nof-16\">Saksalaislehti Spiegel <a class=\"article-genericlink\" href=\"https:\/\/www.spiegel.de\/sport\/wintersport\/laura-dahlmeier-wie-freunde-und-einheimische-dreimal-vergeblich-suchten-a-8739c63e-0d7b-4dcf-b869-d92cb0936b3d\" rel=\"nofollow noopener\" target=\"_blank\">kertoo<\/a>, ett\u00e4 ruumista on yritetty hakea Laila Peak -vuorelta kolme kertaa tuloksetta. Tieto on per\u00e4isin henkil\u00f6ilt\u00e4, jotka olivat mukana teht\u00e4viss\u00e4.<\/p>\n<p class=\"article-body mb-nof-24 px-nof-16\">Ensimm\u00e4isen kerran Dahlmeieria yritettiin pelastaa heti onnettomuutta seuraavina p\u00e4ivin\u00e4, kuten on aiemminkin uutisoitu mediassa.<\/p>\n<p class=\"article-body mb-nof-24 px-nof-16\">Spiegelin mukaan ensimm\u00e4isess\u00e4 pelastusoperaatiossa olivat mukana muiden muassa <a class=\"article-personlink\" href=\"https:\/\/www.is.fi\/haku\/?query=Thomas%20Huber\" rel=\"nofollow noopener\" target=\"_blank\">Thomas Huber<\/a> ja yhdysvaltalainen kiipeilij\u00e4 <a class=\"article-personlink\" href=\"https:\/\/www.is.fi\/haku\/?query=Tad%20McCrea\" rel=\"nofollow noopener\" target=\"_blank\">Tad McCrea<\/a>. Dahlmeieria ei paikannettu onnettomuuspaikalle kiipe\u00e4m\u00e4ll\u00e4 tai helikopterista tarkkailemalla.<\/p>\n<p class=\"article-body mb-nof-24 px-nof-16\">Toisen ja kolmannen kerran ruumista yritettiin l\u00f6yt\u00e4\u00e4 syyskuun puoliv\u00e4liss\u00e4, kahdella eri porukalla<\/p>\n<p class=\"article-body mb-nof-24 px-nof-16\">11. syyskuuta Huber sek\u00e4 McCrea ja kaksi muuta yhdysvaltalaista aloittivat pelastusoperaation saatuaan tuoretta tietoa onnettomuuspaikalta.<\/p>\n<p class=\"article-body mb-nof-24 px-nof-16\">Er\u00e4s kiipeilyryhm\u00e4 raportoi n\u00e4hneens\u00e4 Laila Peakilla k\u00f6ysi\u00e4, jotka olisivat voineet kuulua Dahlmeierille. Ne sijaitsivat halkeamassa, joka oli l\u00e4hell\u00e4 onnettomuuspaikkaa.<\/p>\n<p class=\"article-body mb-nof-24 px-nof-16\">Spiegelin mukaan ei ole tiedossa, paikansivatko Huber ja kumppanit Dahlmeierin ruumista, mutta ainakin he joutuivat palaamaan leiriin ilman sit\u00e4.<\/p>\n<p class=\"article-body mb-nof-24 px-nof-16\">15. syyskuuta pakistanilaisten vuoristo-oppaiden johtama ryhm\u00e4 aloitti Spiegelin mukaan kolmannen pelastusoperaation. Ryhm\u00e4\u00e4n kuului kolme henkil\u00f6\u00e4.<\/p>\n<p class=\"article-body mb-nof-24 px-nof-16\">Ryhm\u00e4 kiipesi onnettomuuspaikalle, jossa etsinn\u00e4t jatkuivat seuraavan p\u00e4iv\u00e4n puolelle. He eiv\u00e4t l\u00f6yt\u00e4neet ruumista eiv\u00e4tk\u00e4 muitakaan viitteit\u00e4 Dahlmeierin ruumiista.<\/p>\n<p class=\"article-body mb-nof-24 px-nof-16\">Pelastajat eiv\u00e4t l\u00f6yt\u00e4neet edes k\u00f6ysi\u00e4, joista oli aiemmin ilmoitettu, vaikka he etsiv\u00e4t onnettomuuspaikkaa l\u00e4hell\u00e4 olevan halkeaman l\u00e4helt\u00e4.<\/p>\n<p class=\"article-body mb-nof-24 px-nof-16\">Dahlmeier oli ennen kuolemaansa toivonut, ett\u00e4 onnettomuuden sattuessa h\u00e4nen ruumiinsa j\u00e4tett\u00e4isiin vuorille. Saksalainen toivoi, ettei kukaan riskeeraisi henke\u00e4\u00e4n h\u00e4nen ruumiinsa vuoksi.<\/p>\n","protected":false},"excerpt":{"rendered":"Saksalaismedia paljastaa tietoa vuorilta. Ampumahiiht\u00e4j\u00e4 Laura Dahlmeierin ruumiin etsinn\u00f6ist\u00e4 on paljastunut uutta tietoa. Dahlmeier j\u00e4i kivivy\u00f6ryn alle kiipeilyonnettomuudessa&hellip;\n","protected":false},"author":2,"featured_media":50290,"comment_status":"","ping_status":"","sticky":false,"template":"","format":"standard","meta":{"footnotes":""},"categories":[14],"tags":[22,23,26,27,33,31,30,17,34,24,25,28,29,15,18,21,32,19,20,56,16,59,60,61],"class_list":{"0":"post-50289","1":"post","2":"type-post","3":"status-publish","4":"format-standard","5":"has-post-thumbnail","7":"category-ulkomaat","8":"tag-breaking-news","9":"tag-breakingnews","10":"tag-featured-news","11":"tag-featurednews","12":"tag-fi","13":"tag-finland","14":"tag-finnish","15":"tag-headlines","16":"tag-ilta-sanomat","17":"tag-latest-news","18":"tag-latestnews","19":"tag-main-news","20":"tag-mainnews","21":"tag-news","22":"tag-otsikot","23":"tag-paauutiset","24":"tag-suomi","25":"tag-top-stories","26":"tag-topstories","27":"tag-ulkomaat","28":"tag-uutiset","29":"tag-world","30":"tag-world-news","31":"tag-worldnews"},"share_on_mastodon":{"url":"","error":""},"_links":{"self":[{"href":"https:\/\/www.europesays.com\/fi\/wp-json\/wp\/v2\/posts\/50289","targetHints":{"allow":["GET"]}}],"collection":[{"href":"https:\/\/www.europesays.com\/fi\/wp-json\/wp\/v2\/posts"}],"about":[{"href":"https:\/\/www.europesays.com\/fi\/wp-json\/wp\/v2\/types\/post"}],"author":[{"embeddable":true,"href":"https:\/\/www.europesays.com\/fi\/wp-json\/wp\/v2\/users\/2"}],"replies":[{"embeddable":true,"href":"https:\/\/www.europesays.com\/fi\/wp-json\/wp\/v2\/comments?post=50289"}],"version-history":[{"count":0,"href":"https:\/\/www.europesays.com\/fi\/wp-json\/wp\/v2\/posts\/50289\/revisions"}],"wp:featuredmedia":[{"embeddable":true,"href":"https:\/\/www.europesays.com\/fi\/wp-json\/wp\/v2\/media\/50290"}],"wp:attachment":[{"href":"https:\/\/www.europesays.com\/fi\/wp-json\/wp\/v2\/media?parent=50289"}],"wp:term":[{"taxonomy":"category","embeddable":true,"href":"https:\/\/www.europesays.com\/fi\/wp-json\/wp\/v2\/categories?post=50289"},{"taxonomy":"post_tag","embeddable":true,"href":"https:\/\/www.europesays.com\/fi\/wp-json\/wp\/v2\/tags?post=50289"}],"curies":[{"name":"wp","href":"https:\/\/api.w.org\/{rel}","templated":true}]}}