{"id":50291,"date":"2025-10-01T06:58:09","date_gmt":"2025-10-01T06:58:09","guid":{"rendered":"https:\/\/www.europesays.com\/fi\/50291\/"},"modified":"2025-10-01T06:58:09","modified_gmt":"2025-10-01T06:58:09","slug":"huhtamaen-hameenlinnan-tehtaalla-alkoi-kolmen-viikon-lakko-kiista-tyoehdoista-kotimaa","status":"publish","type":"post","link":"https:\/\/www.europesays.com\/fi\/50291\/","title":{"rendered":"Huhtam\u00e4en H\u00e4meenlinnan tehtaalla alkoi kolmen viikon lakko \u2013 kiista ty\u00f6ehdoista | Kotimaa"},"content":{"rendered":"<p class=\"aw-1gybjub aw-5vja16 cmIuaG zKETg yle__article__paragraph\">Lakko kertak\u00e4ytt\u00f6astiatehtaalla kest\u00e4\u00e4 kolme viikkoa, ellei sopimukseen p\u00e4\u00e4st\u00e4 ennen sit\u00e4. Osapuolet saattavat k\u00e4yd\u00e4 valtakunnansovittelijan pakeilla jo torstaina.<\/p>\n<p><img decoding=\"async\" alt=\"Kolme lakkovahtia seisomassa Huhtam\u00e4en H\u00e4meenlinnan tehtaan portilla. \" src=\"https:\/\/www.europesays.com\/fi\/wp-content\/uploads\/2025\/10\/39-153097168dcb8c54e1c7.jpeg\" class=\"aw-1l9m598 hKVVvP\"\/><\/p>\n<p>Avaa kuvien katselu<\/p>\n<p>Huhtam\u00e4en tehtaan portilla olivat keskiviikkoaamuna lakkovahteina Jenni Pitk\u00e4nen (vas.), Paperiliiton H\u00e4meenlinnan osasto 66:n puheenjohtaja Marko Lehtonen ja Sanna Tuominen. Kuva: Miki Wallenius \/ Yle<\/p>\n<p>Juttu tiivistettyn\u00e4<\/p>\n<ul class=\"aw-1jjocuh iJTSwP yle__article__list yle__article__list--ul\">\n<li class=\"aw-1j7gwms kUeLji\">Huhtam\u00e4ki Foodservice Nordic oy:n tehtaalla alkoi lakko, joka kest\u00e4\u00e4 kolme viikkoa.<\/li>\n<li class=\"aw-1j7gwms kUeLji\">Lakko johtuu ty\u00f6ehtosopimuskiistasta, joka koskee sopimuksen siirt\u00e4mist\u00e4 muovituoteteollisuuden piiriin.<\/li>\n<li class=\"aw-1j7gwms kUeLji\">Paperiliitto varoittaa muutoksen alentavan ty\u00f6ntekij\u00f6iden ansioita ja lis\u00e4\u00e4v\u00e4n ty\u00f6aikaa.<\/li>\n<li class=\"aw-1j7gwms kUeLji\">Neuvotteluja jatketaan valtakunnansovittelijan toimistossa, ja uusi sovintoesitys on mahdollinen jo torstaina.<\/li>\n<\/ul>\n<p class=\"aw-1gybjub aw-1p7kakr cmIuaG fmSRng yle__article__paragraph\">T\u00e4m\u00e4 on teko\u00e4lyn avulla tuotettu, toimittajan tarkistama ja muokkaama tiivistelm\u00e4.<\/p>\n<p class=\"aw-1gybjub aw-1p7kakr cmIuaG fmSRng yle__article__paragraph\">Huhtam\u00e4ki Foodservice Nordic oy:n tehtaalla alkoi keskiviikkoaamuna lakko, jonka on m\u00e4\u00e4r\u00e4 kest\u00e4\u00e4 kolme viikkoa. Tehdas on ajettu alas. Kiista koskee ty\u00f6ehtosopimusta. Ty\u00f6nantaja haluaa siirty\u00e4 yrityskohtaisesta sopimuksesta muovituoteteollisuuden ty\u00f6ehtosopimuksen piiriin.<\/p>\n<p class=\"aw-1gybjub aw-1p7kakr cmIuaG fmSRng yle__article__paragraph\">Paperiliiton mukaan muutos laskisi ty\u00f6ntekij\u00f6iden ansiotasoa ja lis\u00e4isi ty\u00f6aikaa. Ty\u00f6ntekij\u00e4t pit\u00e4v\u00e4t my\u00f6s ty\u00f6nantajan tarjoamaa kompensaatiota riitt\u00e4m\u00e4tt\u00f6m\u00e4n\u00e4.<\/p>\n<p class=\"aw-1gybjub aw-1p7kakr cmIuaG fmSRng yle__article__paragraph\">\u2013 Kyll\u00e4 t\u00e4m\u00e4 on eritt\u00e4in harmittava tilanne. Olisi ollut toivottavaa, ett\u00e4 ty\u00f6nantajan kanssa olisi p\u00e4\u00e4sty sopuun. Lakkohan ei koskaan ole kenenk\u00e4\u00e4n etu, puuskahti Paperiliiton H\u00e4meenlinnan osasto 66:n puheenjohtaja <strong class=\"aw-ak79eh KyCXm yle__article__strong\">Marko Lehtonen<\/strong> tehtaan portilla keskiviikkoaamuna.<\/p>\n<p class=\"aw-1gybjub aw-1p7kakr cmIuaG fmSRng yle__article__paragraph\">Neuvotteluja k\u00e4ytiin viime hetkiin asti. Huhtam\u00e4en tehtaan p\u00e4\u00e4luottamushenkil\u00f6n <strong class=\"aw-ak79eh KyCXm yle__article__strong\">Teemu Niemen<\/strong> mukaan ty\u00f6nantaja teki viel\u00e4 tiistaina puhelimitse tarjouksen, mutta lakkop\u00e4\u00e4t\u00f6s oli jo tehty.<\/p>\n<p class=\"aw-1gybjub aw-1p7kakr cmIuaG fmSRng yle__article__paragraph\">\u2013 V\u00e4ki on t\u00e4ss\u00e4 hyvinkin yhten\u00e4ist\u00e4, eiv\u00e4tk\u00e4 he hyv\u00e4ksy miss\u00e4\u00e4n nimess\u00e4 t\u00e4m\u00e4nkaltaisia toimia, joita ty\u00f6nantaja t\u00e4ss\u00e4 pyrkii toteuttamaan, Lehtonen sanoo.<\/p>\n<p>Uusi sovintoesitys jo torstaina?<\/p>\n<p class=\"aw-1gybjub aw-1p7kakr cmIuaG fmSRng yle__article__paragraph\">Tunnelma tehtaan portilla oli aamutuimaan hyv\u00e4, jopa iloinen. Lakkovahdit juttelivat vilkkaasti y\u00f6vuorosta kotiin l\u00e4htevien kanssa. Teemu Niemen mukaan lakkolaiset tuntevat taistelevansa paitsi omien my\u00f6s tulevien ty\u00f6ntekij\u00f6iden ty\u00f6ehtojen puolesta.<\/p>\n<p><img decoding=\"async\" alt=\"Huhtam\u00e4en tehdasrakennus y\u00f6n valaistuksessa, etualalla n\u00e4kyy aita ja portti.\" src=\"https:\/\/www.europesays.com\/fi\/wp-content\/uploads\/2025\/10\/39-153096968dcb8c499258.jpeg\" loading=\"lazy\" class=\"aw-1l9m598 hKVVvP\"\/><\/p>\n<p>Avaa kuvien katselu<\/p>\n<p>Huhtam\u00e4ki Foodservice Nordicin H\u00e4meenlinnan tehtaalla valmistetaan kertak\u00e4ytt\u00f6astioita, kuten mukeja, lautasia ja vuokia. Nyt tehdas on ajettu alas. Kuva: Miki Wallenius \/ Yle<\/p>\n<p class=\"aw-1gybjub aw-1p7kakr cmIuaG fmSRng yle__article__paragraph\">Paperiliiton tiedotteen mukaan liitto on yritt\u00e4nyt ratkaista tilanteen muun muassa tekem\u00e4ll\u00e4 ty\u00f6nantajalle palkankorotusesityksen. Huhtam\u00e4ki on kuitenkin ilmoittanut, ettei se neuvottele uutta ty\u00f6ehtosopimusta Paperiliiton kanssa.<\/p>\n<p class=\"aw-1gybjub aw-1p7kakr cmIuaG fmSRng yle__article__paragraph\">Taustalla on syyskuun loppuun asti voimassa ollut yrityskohtainen ty\u00f6ehtosopimus, jonka Paperiliitto ja ty\u00f6nantajia edustava Kemianteollisuus olivat neuvotelleet. Paperiliiton puheenjohtajan <strong class=\"aw-ak79eh KyCXm yle__article__strong\">Petri Vanhala<\/strong> on aiemmin kertonut Kemianteollisuuden irtisanoneen sopimuksen yksipuolisesti.<\/p>\n<p class=\"aw-1gybjub aw-1p7kakr cmIuaG fmSRng yle__article__paragraph\">Kemianteollisuuden ty\u00f6markkinajohtaja <strong class=\"aw-ak79eh KyCXm yle__article__strong\">Minna Etu-Sepp\u00e4l\u00e4<\/strong> on puolestaan kiist\u00e4nyt v\u00e4itteet yksipuolisesta irtisanomisesta. H\u00e4nen mielest\u00e4\u00e4n kyse on siit\u00e4, ett\u00e4 tuotantohenkil\u00f6st\u00f6\u00e4 koskeva talokohtainen sopimus p\u00e4\u00e4ttyy, eik\u00e4 sit\u00e4 haluta jatkaa. Tehtaan henkil\u00f6st\u00f6n ty\u00f6ehtosopimukset halutaan yhdenmukaistaa.<\/p>\n<p class=\"aw-1gybjub aw-1p7kakr cmIuaG fmSRng yle__article__paragraph\">Ty\u00f6riitaa sovitellaan valtakunnansovittelijan toimistossa my\u00f6s lakon aikana. Puheenjohtaja Marko Lehtosen mukaan ty\u00f6nantajan on todennut jatkavansa neuvotteluja vasta 10. lokakuuta. Teemu Niemi puolestaan arvelee, ett\u00e4 valtakunnansovittelija kutsuu kiistan osapuolet luokseen jo torstaina tehd\u00e4kseen uuden sovintoesityksen.<\/p>\n","protected":false},"excerpt":{"rendered":"Lakko kertak\u00e4ytt\u00f6astiatehtaalla kest\u00e4\u00e4 kolme viikkoa, ellei sopimukseen p\u00e4\u00e4st\u00e4 ennen sit\u00e4. Osapuolet saattavat k\u00e4yd\u00e4 valtakunnansovittelijan pakeilla jo torstaina. Avaa&hellip;\n","protected":false},"author":2,"featured_media":50292,"comment_status":"","ping_status":"","sticky":false,"template":"","format":"standard","meta":{"footnotes":""},"categories":[12],"tags":[22,23,26,27,33,31,30,2109,17,10702,1794,71,12484,12485,3846,24,25,28,29,15,18,21,10704,32,19,20,10703,12486,2247,16],"class_list":{"0":"post-50291","1":"post","2":"type-post","3":"status-publish","4":"format-standard","5":"has-post-thumbnail","7":"category-suomi","8":"tag-breaking-news","9":"tag-breakingnews","10":"tag-featured-news","11":"tag-featurednews","12":"tag-fi","13":"tag-finland","14":"tag-finnish","15":"tag-hameenlinna","16":"tag-headlines","17":"tag-huhtamaki","18":"tag-kanta-hame","19":"tag-kotimaa","20":"tag-lakko-oikeus","21":"tag-lakkovahdit","22":"tag-lakot","23":"tag-latest-news","24":"tag-latestnews","25":"tag-main-news","26":"tag-mainnews","27":"tag-news","28":"tag-otsikot","29":"tag-paauutiset","30":"tag-paperiliitto","31":"tag-suomi","32":"tag-top-stories","33":"tag-topstories","34":"tag-tyoehtosopimukset","35":"tag-tyoehtosopimusneuvottelut","36":"tag-tyomarkkinat","37":"tag-uutiset"},"share_on_mastodon":{"url":"","error":""},"_links":{"self":[{"href":"https:\/\/www.europesays.com\/fi\/wp-json\/wp\/v2\/posts\/50291","targetHints":{"allow":["GET"]}}],"collection":[{"href":"https:\/\/www.europesays.com\/fi\/wp-json\/wp\/v2\/posts"}],"about":[{"href":"https:\/\/www.europesays.com\/fi\/wp-json\/wp\/v2\/types\/post"}],"author":[{"embeddable":true,"href":"https:\/\/www.europesays.com\/fi\/wp-json\/wp\/v2\/users\/2"}],"replies":[{"embeddable":true,"href":"https:\/\/www.europesays.com\/fi\/wp-json\/wp\/v2\/comments?post=50291"}],"version-history":[{"count":0,"href":"https:\/\/www.europesays.com\/fi\/wp-json\/wp\/v2\/posts\/50291\/revisions"}],"wp:featuredmedia":[{"embeddable":true,"href":"https:\/\/www.europesays.com\/fi\/wp-json\/wp\/v2\/media\/50292"}],"wp:attachment":[{"href":"https:\/\/www.europesays.com\/fi\/wp-json\/wp\/v2\/media?parent=50291"}],"wp:term":[{"taxonomy":"category","embeddable":true,"href":"https:\/\/www.europesays.com\/fi\/wp-json\/wp\/v2\/categories?post=50291"},{"taxonomy":"post_tag","embeddable":true,"href":"https:\/\/www.europesays.com\/fi\/wp-json\/wp\/v2\/tags?post=50291"}],"curies":[{"name":"wp","href":"https:\/\/api.w.org\/{rel}","templated":true}]}}