{"id":50295,"date":"2025-10-01T07:11:07","date_gmt":"2025-10-01T07:11:07","guid":{"rendered":"https:\/\/www.europesays.com\/fi\/50295\/"},"modified":"2025-10-01T07:11:07","modified_gmt":"2025-10-01T07:11:07","slug":"auri-kananen-siivosi-torkykampan-asukas-uhkaa-haastaa-oikeuteen","status":"publish","type":"post","link":"https:\/\/www.europesays.com\/fi\/50295\/","title":{"rendered":"Auri Kananen siivosi t\u00f6rkyk\u00e4mp\u00e4n \u2013 asukas uhkaa haastaa oikeuteen"},"content":{"rendered":"<p>            ATTE KAJOVA\n        <\/p>\n<p class=\"subtitle \">Aina avunsaajat eiv\u00e4t ole kiitollisia Aurille t\u00e4m\u00e4n uurastuksesta.<\/p>\n<p class=\"article-content article-content-width !bg-background\">Siivouskuningattarena tunnettu  on luonut uransa siivoamalla ilmaiseksi todella t\u00f6rkyisi\u00e4 asuntoja ja kuvaten prosessinsa videolle.<\/p>\n<p class=\"font-weight-bold m-font-weight-bold article-content article-content-width !bg-background\">Katso arkistovideo: Auri juhli festareilla<\/p>\n<p class=\"article-content article-content-width !bg-background\">Aina h\u00e4n ei kohtaa asukkailta pelkk\u00e4\u00e4 kiitollisuutta palveluksistaan.\u00a0<\/p>\n<p>        <a itemprop=\"url\" href=\"https:\/\/www.seiska.fi\/kotimaa\/auri-kananen-unohti-maksaa-ostoksensa-nain-han-kommentoi\/1890601\" rel=\"nofollow noopener\" target=\"_blank\"><\/p>\n<p>\nAuri Kananen\n<\/p>\n<p class=\"section-date\">\n        <strong class=\"article-section\" data-section=\"kotimaa\"><br \/>\n            kotimaa<br \/>\n        <\/strong><br \/>\n        6.8. 12:00\n    <\/p>\n<p>Auri Kananen unohti maksaa ostoksensa \u2013 n\u00e4in h\u00e4n kommentoi\n    <\/p>\n<p itemprop=\"description\" class=\"subtitle \">\n    Tilitapahtumat puhuivat siivouskuningattaren puolesta.\n<\/p>\n<p>        <\/a><\/p>\n<p class=\"article-content article-content-width !bg-background\">Auri julkaisi Instagram-sivullaan viime viikolla videon, johon on ikuistanut t\u00f6rkyisen keitti\u00f6n siivoamisen putipuhtaaksi. Asunnon asukas ei kuitenkaan ollut tyytyv\u00e4inen.<\/p>\n<p class=\"article-content article-content-width !bg-background\"> \u2013 Nainen v\u00e4itti minun tuhonneen h\u00e4nen asuntonsa, kun siivosin sen ilmaiseksi, Auri kirjoittaa videon p\u00e4\u00e4ll\u00e4 vapaasti suomennettuna.<\/p>\n<p class=\"article-content article-content-width !bg-background\">Asukas on syytt\u00e4nyt Auria monenlaisista asioista.<\/p>\n<p class=\"article-content article-content-width !bg-background\"> \u2013 H\u00e4n v\u00e4itti minun repineen pistorasiat irti sein\u00e4st\u00e4 ja pilanneen lattiat. H\u00e4n sanoi minun varastaneen h\u00e4nen l\u00e4\u00e4kkeens\u00e4, jotka maksoivat 500 dollaria, Auri luettelee.<\/p>\n<p>        <a itemprop=\"url\" href=\"https:\/\/www.seiska.fi\/vain-seiskassa\/raskaana-olevan-auri-kanasen-kaytos-hammentaa-salakuva\/1895554\" rel=\"nofollow noopener\" target=\"_blank\"><\/p>\n<p>\nRaskaana oleva Auri Kananen\n<\/p>\n<p class=\"section-date\">\n        <strong class=\"article-section\" data-section=\"vain seiskassa\"><br \/>\n            vain seiskassa<br \/>\n        <\/strong><br \/>\n        12.8. 16:30\n    <\/p>\n<p>Raskaana olevan Auri Kanasen k\u00e4yt\u00f6s h\u00e4mment\u00e4\u00e4 \u2013 salakuva\n    <\/p>\n<p itemprop=\"description\" class=\"subtitle \">\n    Aurin k\u00e4yt\u00f6s sai silminn\u00e4kij\u00e4n huolen her\u00e4\u00e4m\u00e4\u00e4n.\n<\/p>\n<p>        <\/a><\/p>\n<p>&#8221;Tavataan oikeussalissa&#8221;<\/p>\n<p class=\"article-content article-content-width !bg-background\">H\u00e4n on uhannut Auria oikeustoimilla.<\/p>\n<p class=\"article-content article-content-width !bg-background\"> \u2013 Nainen sanoi, ett\u00e4 t\u00e4m\u00e4n takia h\u00e4n aikoo haastaa minut oikeuteen. H\u00e4n uhkaili minua ja sanoi, ett\u00e4 tapaamme oikeussalissa, jolloin kaikki valheeni paljastuvat.\u00a0<\/p>\n<p class=\"article-content article-content-width !bg-background\">Auri ei ole kovinkaan huolissaan uhkauksista, vaan on kirjoittanut videon kuvatekstiin terveisens\u00e4.<\/p>\n<p class=\"article-content article-content-width !bg-background\"> \u2013 Tavataan oikeussalissa.<\/p>\n<p>&#8221;Siivouksen j\u00e4lkeen h\u00e4n sanoi&#8230;&#8221;<\/p>\n<p class=\"article-content article-content-width !bg-background\">Er\u00e4s seuraaja on todennut kommenteissa, ett\u00e4 Aurin pit\u00e4isi varotoimena pyyt\u00e4\u00e4 kaikkia avunsaajia allekirjoittamaan jonkinlainen sopimus. Auri on vastannut, ett\u00e4 juuri n\u00e4in h\u00e4n toimii.<\/p>\n<p class=\"article-content article-content-width !bg-background\"> \u2013 Minulla on aina allekirjoitettu sopimus siit\u00e4, ett\u00e4 saan kuvata, siivota ja heitt\u00e4\u00e4 roskat pois. Mutta siivouksen j\u00e4lkeen h\u00e4n sanoi, ett\u00e4 sopimus on peruttu, Auri selvent\u00e4\u00e4 vastauksessaan vapaasti suomennettuna.<\/p>\n<p>        <a itemprop=\"url\" href=\"https:\/\/www.seiska.fi\/kotimaa\/herranjestas-auri-kananen-paljastaa-torkyisimmat-siivoamansa-jaakaapit\/1885178\" rel=\"nofollow noopener\" target=\"_blank\"><\/p>\n<p>\nHeikoimpia hirvitt\u00e4\u00e4!\n<\/p>\n<p class=\"section-date\">\n        <strong class=\"article-section\" data-section=\"kotimaa\"><br \/>\n            kotimaa<br \/>\n        <\/strong><br \/>\n        10.8. 10:00\n    <\/p>\n<p>Herranjestas! Auri Kananen paljastaa t\u00f6rkyisimm\u00e4t siivoamansa j\u00e4\u00e4kaapit\n    <\/p>\n<p itemprop=\"description\" class=\"subtitle \">\n    Pit\u00e4isik\u00f6h\u00e4n n\u00e4it\u00e4 sanoa siivousmaailman timanteiksi?\n<\/p>\n<p>        <\/a><\/p>\n<p class=\"article-content article-content-width !bg-background\">Toinen seuraaja muistuttaa, ett\u00e4 usein asukkaat k\u00e4rsiv\u00e4t mielenterveysongelmista, jotka voivat heijastella Aurin kokemalla tavalla.\u00a0<\/p>\n<p class=\"article-content article-content-width !bg-background\"> \u2013 He haluavat asuntonsa siistiksi, mutta eiv\u00e4t pysty k\u00e4sittelem\u00e4\u00e4n muutosta tai sit\u00e4 faktaa, ett\u00e4 asioita on siirretty, jolloin he suuttuvat ja syytt\u00e4v\u00e4t toista tavaroiden varastamisesta tai vahingoittamisesta, seuraaja valistaa.<\/p>\n<p class=\"article-content article-content-width !bg-background\"> \u2013 \u00c4l\u00e4 ota sit\u00e4 henkil\u00f6kohtaisesti. Suuttuminen on selviytymiskeino. Teet upeaa ty\u00f6t\u00e4, \u00e4l\u00e4 anna heid\u00e4n sairauksiensa jarrutella sit\u00e4, mit\u00e4 todella teet heid\u00e4n hyvinvointinsa eteen, toinen tsemppaa.<\/p>\n","protected":false},"excerpt":{"rendered":"ATTE KAJOVA Aina avunsaajat eiv\u00e4t ole kiitollisia Aurille t\u00e4m\u00e4n uurastuksesta. Siivouskuningattarena tunnettu on luonut uransa siivoamalla ilmaiseksi todella&hellip;\n","protected":false},"author":2,"featured_media":50296,"comment_status":"","ping_status":"","sticky":false,"template":"","format":"standard","meta":{"footnotes":""},"categories":[136],"tags":[2444,407,137,33,31,30,408,212,592,1915,12487,5739,32,109],"class_list":{"0":"post-50295","1":"post","2":"type-post","3":"status-publish","4":"format-standard","5":"has-post-thumbnail","7":"category-julkkikset","8":"tag-auri-kananen","9":"tag-celebrities","10":"tag-entertainment","11":"tag-fi","12":"tag-finland","13":"tag-finnish","14":"tag-julkkikset","15":"tag-lifestyle","16":"tag-mielenterveysongelmat","17":"tag-oikeus","18":"tag-siivoaminen","19":"tag-siivous","20":"tag-suomi","21":"tag-viihde"},"share_on_mastodon":{"url":"","error":""},"_links":{"self":[{"href":"https:\/\/www.europesays.com\/fi\/wp-json\/wp\/v2\/posts\/50295","targetHints":{"allow":["GET"]}}],"collection":[{"href":"https:\/\/www.europesays.com\/fi\/wp-json\/wp\/v2\/posts"}],"about":[{"href":"https:\/\/www.europesays.com\/fi\/wp-json\/wp\/v2\/types\/post"}],"author":[{"embeddable":true,"href":"https:\/\/www.europesays.com\/fi\/wp-json\/wp\/v2\/users\/2"}],"replies":[{"embeddable":true,"href":"https:\/\/www.europesays.com\/fi\/wp-json\/wp\/v2\/comments?post=50295"}],"version-history":[{"count":0,"href":"https:\/\/www.europesays.com\/fi\/wp-json\/wp\/v2\/posts\/50295\/revisions"}],"wp:featuredmedia":[{"embeddable":true,"href":"https:\/\/www.europesays.com\/fi\/wp-json\/wp\/v2\/media\/50296"}],"wp:attachment":[{"href":"https:\/\/www.europesays.com\/fi\/wp-json\/wp\/v2\/media?parent=50295"}],"wp:term":[{"taxonomy":"category","embeddable":true,"href":"https:\/\/www.europesays.com\/fi\/wp-json\/wp\/v2\/categories?post=50295"},{"taxonomy":"post_tag","embeddable":true,"href":"https:\/\/www.europesays.com\/fi\/wp-json\/wp\/v2\/tags?post=50295"}],"curies":[{"name":"wp","href":"https:\/\/api.w.org\/{rel}","templated":true}]}}