{"id":50297,"date":"2025-10-01T07:14:09","date_gmt":"2025-10-01T07:14:09","guid":{"rendered":"https:\/\/www.europesays.com\/fi\/50297\/"},"modified":"2025-10-01T07:14:09","modified_gmt":"2025-10-01T07:14:09","slug":"tata-et-tiennyt-solsidan-sarjan-tahdista","status":"publish","type":"post","link":"https:\/\/www.europesays.com\/fi\/50297\/","title":{"rendered":"T\u00e4t\u00e4 et tiennyt Solsidan-sarjan t\u00e4hdist\u00e4"},"content":{"rendered":"<p>\n            Solsidan-sarjan p\u00e4\u00e4t\u00e4hdet.<br \/>\n            MTV\n        <\/p>\n<p class=\"subtitle \">Ik\u00e4kriisi ajoi yhden n\u00e4yttelij\u00e4n vaaralliseen harrastukseen, ja toiselta t\u00e4hdelt\u00e4 rooli tuhosi hiukset.<\/p>\n<p class=\"article-content article-content-width !bg-background\">Ruotsalaisesta suosikkikomediasarjasta Solsidan alkaa jo yhdeks\u00e4s tuotantokausi. Jaksot n\u00e4hd\u00e4\u00e4n Suomessa tuoreeltaan, sill\u00e4 niit\u00e4 esitet\u00e4\u00e4n samaan aikaan kuin Ruotsissakin. Maksullisessa MTV Katsomo+:ssa jaksot alkavat keskiviikkona 1.10. ja Ylell\u00e4 Teema &amp; Femill\u00e4\u00a019.10. <\/p>\n<p class=\"italic m-italic article-content article-content-width !bg-background\">Video: Suomalaiset komediat\u00e4hdet pohtivat suosion syit\u00e4.<\/p>\n<p class=\"article-content article-content-width !bg-background\">Tekij\u00e4t ovat ilmoittaneet sarjan p\u00e4\u00e4ttyv\u00e4n kymmenenteen kauteen, joten nyt n\u00e4hd\u00e4\u00e4n sarjan toiseksi viimeinen kausi. Sarjan p\u00e4\u00e4hahmot muodostava n\u00e4yttelij\u00e4kuusikko on pysynyt mukana sarjan alusta asti.<\/p>\n<p class=\"article-content article-content-width !bg-background\">Kokosimme yll\u00e4tt\u00e4vi\u00e4 faktoja\u00a0Solsidan-t\u00e4hdist\u00e4.<\/p>\n<p>\u201cAlex\u201d riitelee muiden kanssa<\/p>\n<p class=\"article-content article-content-width !bg-background\">Konfliktipelkoista hammasl\u00e4\u00e4k\u00e4ri\u00e4 Alexander \u201dAlex\u201d L\u00f6fstr\u00f6mi\u00e4 n\u00e4yttelev\u00e4 58-vuotias  ei todellisessa el\u00e4m\u00e4ss\u00e4 ole kuin roolihahmonsa.<\/p>\n<p>                <img decoding=\"async\" src=\"https:\/\/www.europesays.com\/fi\/wp-content\/uploads\/2025\/10\/1944802.webp\" width=\"576\" height=\"269\" title=\"Solsidanin kuvauksissa k\u00e4nnyk\u00e4t on kielletty ankarasti, ja Alexia n\u00e4yttelev\u00e4 Felix Herngren vahtii kieltoa tiukasti.\" alt=\"Felix Herngren eli hammasl\u00e4\u00e4k\u00e4ri-Alex nostaa Ruotsin lippua salkoon.\" loading=\"lazy\" \/>            <\/p>\n<p>\n            Solsidanin kuvauksissa k\u00e4nnyk\u00e4t on kielletty ankarasti, ja Alexia n\u00e4yttelev\u00e4 Felix Herngren vahtii kieltoa tiukasti.<br \/>\n            Viktor Davidson \/ MTV\n        <\/p>\n<p class=\"article-content article-content-width !bg-background\">H\u00e4n my\u00f6nt\u00e4\u00e4 <a href=\"https:\/\/www.aftonbladet.se\/nojesbladet\/a\/rlOg0A\/braken-under-solsidan-betala-boter-om-mobilen-ringer\" target=\"_blank\" rel=\"nofollow noopener\">Aftonbladetin<\/a> haastattelussa, ett\u00e4 sarjan kuvausvuosiin on mahtunut paljon konflikteja.<\/p>\n<p class=\"article-content article-content-width !bg-background\">\u2013\u00a0Meill\u00e4 on ollut vaikeita kausia. Luoja tiet\u00e4\u00e4, ett\u00e4 on todellakin ollut. Siit\u00e4 voitaisiin tehd\u00e4 oma tv-sarja.<\/p>\n<p class=\"article-content article-content-width !bg-background\">Felixin mukaan eniten yhteenottoja syntyy silloin, kun tekij\u00e4t pallottelevat ideoita sarjan k\u00e4\u00e4nteiksi.<\/p>\n<p class=\"article-content article-content-width !bg-background\">Kuvauspaikalla vallitsee ankara k\u00e4nnykk\u00e4kielto, jota Felix innokkaasti vahtii. Kiellon rikkojaa odottaa rangaistus. Jos k\u00e4nnykk\u00e4 soi kuvauksissa, on teko sovitettava ostamalla viskipullo.<\/p>\n<p class=\"article-content article-content-width !bg-background\">Felix on ollut jo viisi kautta yksi Ruotsin Masked Singer -ohjelman etsivist\u00e4.<\/p>\n<p>        <a itemprop=\"url\" href=\"https:\/\/www.seiska.fi\/katso\/faneille-huonoja-uutisia-suosikkisarja-lopetetaan-yllattaen\/1881355\" rel=\"nofollow noopener\" target=\"_blank\"><\/p>\n<p>\nFaneille huonoja uutisia\n<\/p>\n<p class=\"section-date\">\n        <strong class=\"article-section\" data-section=\"katso\"><br \/>\n            katso<br \/>\n        <\/strong><br \/>\n        28.7. 11:15\n    <\/p>\n<p>Faneille huonoja uutisia \u2013 suosikkisarja lopetetaan yll\u00e4tt\u00e4en\n    <\/p>\n<p itemprop=\"description\" class=\"subtitle \">\n    Paljon katsojia Suomessakin ker\u00e4nnyt sarja p\u00e4\u00e4ttyy kymmenenteen kauteen.\n<\/p>\n<p>        <\/a><\/p>\n<p>\u201cAnnan\u201d tatuointeja piilotellaan sarjassa<\/p>\n<p class=\"article-content article-content-width !bg-background\">N\u00e4yttelij\u00e4 Anna Svenssonia n\u00e4yttelev\u00e4 48-vuotias  joutuu tulemaan kuvauksiin aiemmin kuin muut, sill\u00e4 h\u00e4nen maskeerauksensa vaatii niin paljon aikaa.<\/p>\n<p class=\"article-content article-content-width !bg-background\">Syyn\u00e4 on se, ett\u00e4 Mialla on vartalossaan suuret tatuoinnit. Ne t\u00e4ytyy peitt\u00e4\u00e4 meikill\u00e4, ja t\u00e4m\u00e4 vie Expressen-lehden mukaan kaksi tuntia. Mia tekee Solsidanin ohessa Tabitan Tatska -komediasarjaa, jossa h\u00e4n n\u00e4yttelee tatuointiyritt\u00e4j\u00e4\u00e4.<\/p>\n<p class=\"article-content article-content-width !bg-background\">Mia on esitellyt suuria tatuointejaan Instagramissa julkaisemissaan huumorivideoissa.<\/p>\n<p class=\"article-content article-content-width !bg-background\">Mia p\u00e4\u00e4tti 12-vuotiaana vaihtaa alkoholisti-is\u00e4lt\u00e4 saamansa -sukunimen Pelastusarmeijassa toimineen isoiso\u00e4itins\u00e4 Sk\u00e4ringer-sukunimeksi.<\/p>\n<p>\u201dFredde\u201d skeittaa innokkaasti<\/p>\n<p class=\"article-content article-content-width !bg-background\">Varakasta liikemiest\u00e4 Fredrik \u201dFredde\u201d Schilleri\u00e4 n\u00e4yttelev\u00e4ll\u00e4 62-vuotiaalla  on h\u00e4nen ik\u00e4iselleen vaaralliselta kuulostava harrastus. Johan on nimitt\u00e4in aloittanut skeittaamisen ja saattaa harjoitella jopa nelj\u00e4n\u00e4 p\u00e4iv\u00e4n\u00e4 viikossa.<\/p>\n<p>        <a itemprop=\"url\" href=\"https:\/\/www.seiska.fi\/ulkomaat\/suosikkinayttelija-sairastui-pahasti-kuvaukset-vaarassa\/1611288\" rel=\"nofollow noopener\" target=\"_blank\"><\/p>\n<p>\nKuvaukset vaarassa\n<\/p>\n<p class=\"section-date\">\n        <strong class=\"article-section\" data-section=\"ulkomaat\"><br \/>\n            ulkomaat<br \/>\n        <\/strong><br \/>\n        13.2. 13:04\n    <\/p>\n<p>Suosikkin\u00e4yttelij\u00e4 sairastui pahasti \u2013 kuvaukset vaarassa\n    <\/p>\n<p itemprop=\"description\" class=\"subtitle \">\n    Huippusuositun sarjan t\u00e4hti pelk\u00e4si kuvausten vaarantuvan.\n<\/p>\n<p>        <\/a><\/p>\n<p>                <img decoding=\"async\" src=\"https:\/\/www.europesays.com\/fi\/wp-content\/uploads\/2025\/10\/1944865.webp\" width=\"576\" height=\"269\" title=\"Anettea n\u00e4yttelev\u00e4 Malin Cederbladh sanoo olevansa oikeasti tosikko. Kuvassa my\u00f6s Ove eli Henrik Dorsin (kesk.) ja Fredde eli Johan Rheborg.\" alt=\"Solsidan-sarjan hahmot Anette, Ove ja Fredde keitti\u00f6ss\u00e4.\" loading=\"lazy\" \/>            <\/p>\n<p>\n            Anettea n\u00e4yttelev\u00e4 Malin Cederbladh sanoo olevansa oikeasti tosikko. Kuvassa my\u00f6s Ove eli Henrik Dorsin (kesk.) ja Fredde eli Johan Rheborg.<br \/>\n            Peter Cederling \/ MTV\n        <\/p>\n<p class=\"article-content article-content-width !bg-background\">\u2013\u00a0Kun kuvaan, en saa skeitata niin paljon, sill\u00e4 minun pit\u00e4\u00e4 v\u00e4ltt\u00e4\u00e4 riskej\u00e4.<\/p>\n<p class=\"article-content article-content-width !bg-background\">\u2013\u00a0Min\u00e4h\u00e4n olen yli kuusikymppinen, joten hyvinh\u00e4n se menee. Sit\u00e4 min\u00e4 ajattelen kaiket p\u00e4iv\u00e4t, Johan sanoo harrastuksestaan Instagramissa.<\/p>\n<p class=\"article-content article-content-width !bg-background\">H\u00e4n on julkaissut Instagram-tilill\u00e4\u00e4n my\u00f6s videoita skeittirampilta.<\/p>\n<p class=\"article-content article-content-width !bg-background\">Johan vitsailee uuden harrastuksen johtuvan ik\u00e4kriisist\u00e4.<\/p>\n<p class=\"article-content article-content-width !bg-background\">Komediarooleistaan tunnettu Johan ei ole koulutukseltaan n\u00e4yttelij\u00e4, vaan juristi.<\/p>\n<p>\u201cMickanin\u201d hiukset tuhoutuivat<\/p>\n<p class=\"article-content article-content-width !bg-background\">Varakasta seurapiirirouvaa Mikaela \u201dMickan\u201d Schilleri\u00e4 n\u00e4yttelev\u00e4 44-vuotias  uhrasi Solsidanille hiuksensa. Mickanin roolin vuoksi Josephinen hiuksia valkaistiin sarjan seitsem\u00e4n ensimm\u00e4isen kauden aikana niin rankasti, ett\u00e4 lopulta h\u00e4nen hiuksensa alkoivat pudota.<\/p>\n<p class=\"article-content article-content-width !bg-background\">Kun p\u00e4\u00e4h\u00e4n ilmestyi kalju laikku, oli n\u00e4yttelij\u00e4n pakko leikkauttaa hiuksensa lyhyiksi. H\u00e4n kertoo Femina-lehdess\u00e4, ett\u00e4 p\u00e4\u00e4tti sen j\u00e4lkeen ryhty\u00e4 k\u00e4ytt\u00e4m\u00e4\u00e4n Solsidanissa peruukkia.<\/p>\n<p class=\"article-content article-content-width !bg-background\">Josephine on n\u00e4hty varakkaan seurapiirikaunottaren roolissa aiemminkin. H\u00e4net n\u00e4ytteli 1990-luvun lopussa huippusuositussa Varustamo-sarjassa. Hahmon nimi oli Madeleine Boisse de Blaque.<\/p>\n<p class=\"article-content article-content-width !bg-background\">\u2013\u00a0En tajua, miten sain sen roolin. Olin niin huono. Kuvasimme Varustamoa kaksi ja puoli jaksoa p\u00e4iv\u00e4ss\u00e4, Josephine muistelee hurjaa kuvaustahtia Feminassa.<\/p>\n<p>                <img decoding=\"async\" src=\"https:\/\/www.europesays.com\/fi\/wp-content\/uploads\/2025\/10\/1944856.webp\" width=\"576\" height=\"269\" title=\"Josephine Bornebuschin (vas.) hiukset meniv\u00e4t pilalle sarjan takia. Mia Sk\u00e4ringer L\u00e1z\u00e1r joutuu peitt\u00e4m\u00e4\u00e4n tatuointinsa sarjan kuvauksissa.\" alt=\"Solsidanin Mickan ja Anna k\u00e4velev\u00e4t rannalla.\" loading=\"lazy\" \/>            <\/p>\n<p>\n            Josephine Bornebuschin (vas.) hiukset meniv\u00e4t pilalle sarjan takia. Mia Sk\u00e4ringer L\u00e1z\u00e1r joutuu peitt\u00e4m\u00e4\u00e4n tatuointinsa sarjan kuvauksissa.<br \/>\n            MTV\n        <\/p>\n<p>        <a itemprop=\"url\" href=\"https:\/\/www.seiska.fi\/katso\/tasta-syysta-onnela-tahti-elena-leeve-ei-yrita-imitoida-solsidania\/1193817\" rel=\"nofollow noopener\" target=\"_blank\"><\/p>\n<p class=\"section-date\">\n        <strong class=\"article-section\" data-section=\"katso\"><br \/>\n            katso<br \/>\n        <\/strong><br \/>\n        23.11.2023 08:15\n    <\/p>\n<p>T\u00e4st\u00e4 syyst\u00e4 Onnela-t\u00e4hti Elena Leeve ei yrit\u00e4 imitoida Solsidania\n    <\/p>\n<p itemprop=\"description\" class=\"subtitle \">\n    MTV-alkuper\u00e4issarjan Onnelan viidennen kauden jaksot viev\u00e4t katsojat j\u00e4lleen Poutaniemeen. El\u00e4m\u00e4 Poutanimess\u00e4 on n\u00e4enn\u00e4isesti idyllist\u00e4, mutta l\u00e4hemmin tarkasteltuna perheiden arki onkin yht\u00e4 hyrskynmyrsky\u00e4.\n<\/p>\n<p>        <\/a><\/p>\n<p>\u201dOve\u201d mokasi Hollywoodissa<\/p>\n<p class=\"article-content article-content-width !bg-background\">Umpisaitaa Ove Sundbergia n\u00e4yttelev\u00e4 47-vuotias  n\u00e4htiin Oscar-ehdokkuuksia ker\u00e4nneess\u00e4 \u00a0ohjaamassa elokuvassa Triangle of Sadness. Henrikin roolina oli suomalaiselta kuulostava Jarmo Bj\u00f6rkman.<\/p>\n<p class=\"article-content article-content-width !bg-background\">Elokuvan my\u00f6t\u00e4 Henrikille olisi ehk\u00e4 tarjoutunut mahdollisuus saada jalkansa oven v\u00e4liin Hollywoodissa. H\u00e4n kuitenkin tunnustaa <a href=\"https:\/\/www.aftonbladet.se\/nojesbladet\/a\/Gy04RQ\/henrik-dorsin-om-nya-revyn-pa-scala-slutet-pa-solsidan\" target=\"_blank\" rel=\"nofollow noopener\">Aftonbladet<\/a>-lehdess\u00e4 mokanneensa tilaisuuden. Kansainv\u00e4lisi\u00e4 ty\u00f6tarjouksia ei ole tullut.<\/p>\n<p class=\"article-content article-content-width !bg-background\">\u2013\u00a0Ei edes Suomesta\u2026 Luulen hoitaneeni asian huonosti. Kun olimme Los Angelesissa, huomasin muilla olevan kokouksia, tapaamisia roolittajien kanssa ja minglausta. Min\u00e4 taas k\u00e4vin levykaupoissa etsim\u00e4ss\u00e4 vanhoja jazzlevyj\u00e4, Henrik tunnustaa.<\/p>\n<p class=\"article-content article-content-width !bg-background\">Henrikin sukujuuret ovat Puolassa, josta h\u00e4nen isois\u00e4ns\u00e4 muutti toisen maailmansodan j\u00e4lkeen Ruotsiin. Perhe vaihtoi Ruotsissa alkuper\u00e4isen sukunimens\u00e4  Dorsiniksi.<\/p>\n<p>\u201cAnette\u201d on oikeasti tosikko<\/p>\n<p class=\"article-content article-content-width !bg-background\">Anette Sundbergi\u00e4 n\u00e4yttelev\u00e4 59-vuotias  on tunnettu komediarooleistaan, mutta arvioi itse olevansa enemm\u00e4nkin tosikko.<\/p>\n<p>                <img decoding=\"async\" src=\"https:\/\/www.europesays.com\/fi\/wp-content\/uploads\/2025\/10\/1944821.webp\" width=\"576\" height=\"274\" title=\"Ove ja Anette \u00e4rsytt\u00e4v\u00e4t naapureitaan jatkuvalla itaruudellaan.\" alt=\"Solsidan-sarjan hahmot Alex, Anette ja Ove seisovat veneess\u00e4.\" loading=\"lazy\" \/>            <\/p>\n<p>\n            Ove ja Anette \u00e4rsytt\u00e4v\u00e4t naapureitaan jatkuvalla itaruudellaan.<br \/>\n            Johan Paulin \/ MTV\n        <\/p>\n<p class=\"article-content article-content-width !bg-background\">\u2013\u00a0En ole suoranaisesti mik\u00e4\u00e4n \u201diloinen k\u00e4ki\u201d. Luulen olevani aika vakava, Malin sanoo <a href=\"https:\/\/www.expressen.se\/noje\/malin-cederbladh-jag-ar-ingen-muntergok-direkt-och-har-ett-ganska-stort-allvar\/\" target=\"_blank\" rel=\"nofollow noopener\">Expresseniss\u00e4<\/a>.<\/p>\n<p class=\"article-content article-content-width !bg-background\">\u2013\u00a0Mutta luulen, ett\u00e4 se on edellytys sille, ett\u00e4 voi olla todella koominen.<\/p>\n<p class=\"article-content article-content-width !bg-background\">Malin n\u00e4yttelee isoa roolia toisessakin ruotsalaiskomediassa, Suomessakin esitett\u00e4v\u00e4ss\u00e4\u00a0Tervetuloa Sj\u00f6lyckaniin\u00a0-sarjassa.<\/p>\n<p>Solsidan loppuu 10. kauteen<\/p>\n<p class=\"article-content article-content-width !bg-background\">Varakkaalla Solsidanin alueella Tukholman kupeessa asuvien perheiden el\u00e4m\u00e4st\u00e4 kertovan\u00a0Solsidan \u2013 onnea onkimassa\u00a0-sarjan ensimm\u00e4inen kausi julkaistiin vuonna 2010.\u00a0<\/p>\n<p class=\"article-content article-content-width !bg-background\">Siit\u00e4 tehtiin vuonna 2017 my\u00f6s elokuva, joka nousi Ruotsin vuoden katsotuimmaksi elokuvaksi.\u00a0<\/p>\n<p class=\"article-content article-content-width !bg-background\">Parhaillaan Ruotsissa kuvattava kymmenes kausi j\u00e4\u00e4\u00a0Solsidanin\u00a0viimeiseksi. Sarja p\u00e4\u00e4ttyy sadanteen jaksoon.<\/p>\n<p class=\"article-content article-content-width !bg-background\">Suomessa MTV on tehnyt sarjasta my\u00f6s suomenkielisen Onnela-nimisen version.<\/p>\n<p class=\"article-content article-content-width !bg-background\">Solsidan\u00a0\u2013\u00a0onnea onkimassa -sarjan 9. Kausi alkaa MTV Katsomo+:ssa keskiviikkona 1.10. Uusi jakso julkaistaan kerran viikossa. 9. kauden jaksot alkavat Yle Teema &amp; Fem -kanavalla sunnuntaina 19.10. kello 20.00. Jaksot julkaistaan my\u00f6s Yle Areenassa.<\/p>\n<p class=\"article-content article-content-width !bg-background\">Onnela, Tabithan Tatska ja\u00a0Tervetuloa Sj\u00f6lyckaniin ovat katsottavissa MTV Katsomossa.<\/p>\n<p>        <a itemprop=\"url\" href=\"https:\/\/www.seiska.fi\/katso\/eero-ritala-paljastaa-nain-niukka-rahoitus-vaikutti-onnela-sarjan-tuotantoon\/1193785\" rel=\"nofollow noopener\" target=\"_blank\"><\/p>\n<p class=\"section-date\">\n        <strong class=\"article-section\" data-section=\"katso\"><br \/>\n            katso<br \/>\n        <\/strong><br \/>\n        19.11.2023 15:15\n    <\/p>\n<p>Eero Ritala paljastaa: N\u00e4in niukka rahoitus vaikutti Onnela-sarjan tuotantoon\n    <\/p>\n<p itemprop=\"description\" class=\"subtitle \">\n    Solsidan-komediaan perustuvassa Onnela -sarjassa kuvitteellisessa Poutaniemess\u00e4 elet\u00e4\u00e4n keskiluokkaista unelmaa \u2013 tai painajaista \u2013 jo viidett\u00e4 kertaa.\n<\/p>\n<p>        <\/a><\/p>\n","protected":false},"excerpt":{"rendered":"Solsidan-sarjan p\u00e4\u00e4t\u00e4hdet. MTV Ik\u00e4kriisi ajoi yhden n\u00e4yttelij\u00e4n vaaralliseen harrastukseen, ja toiselta t\u00e4hdelt\u00e4 rooli tuhosi hiukset. Ruotsalaisesta suosikkikomediasarjasta Solsidan&hellip;\n","protected":false},"author":2,"featured_media":50298,"comment_status":"","ping_status":"","sticky":false,"template":"","format":"standard","meta":{"footnotes":""},"categories":[133],"tags":[137,12496,33,31,30,12495,12494,12493,12492,12491,12490,32,12489,206,12488,156,109,913,1004],"class_list":{"0":"post-50297","1":"post","2":"type-post","3":"status-publish","4":"format-standard","5":"has-post-thumbnail","7":"category-televisiot","8":"tag-entertainment","9":"tag-felix-herngren","10":"tag-fi","11":"tag-finland","12":"tag-finnish","13":"tag-henrik-dorsin","14":"tag-johan-rheborg","15":"tag-josephine-bornebusch","16":"tag-malin-cederbladh","17":"tag-mia-skaringer-lazar","18":"tag-solsidan","19":"tag-suomi","20":"tag-tabithan-tatska","21":"tag-televisiot","22":"tag-tervetuloa-sjolyckaniin","23":"tag-tv","24":"tag-viihde","25":"tag-yle-areena","26":"tag-yle-teema"},"share_on_mastodon":{"url":"","error":""},"_links":{"self":[{"href":"https:\/\/www.europesays.com\/fi\/wp-json\/wp\/v2\/posts\/50297","targetHints":{"allow":["GET"]}}],"collection":[{"href":"https:\/\/www.europesays.com\/fi\/wp-json\/wp\/v2\/posts"}],"about":[{"href":"https:\/\/www.europesays.com\/fi\/wp-json\/wp\/v2\/types\/post"}],"author":[{"embeddable":true,"href":"https:\/\/www.europesays.com\/fi\/wp-json\/wp\/v2\/users\/2"}],"replies":[{"embeddable":true,"href":"https:\/\/www.europesays.com\/fi\/wp-json\/wp\/v2\/comments?post=50297"}],"version-history":[{"count":0,"href":"https:\/\/www.europesays.com\/fi\/wp-json\/wp\/v2\/posts\/50297\/revisions"}],"wp:featuredmedia":[{"embeddable":true,"href":"https:\/\/www.europesays.com\/fi\/wp-json\/wp\/v2\/media\/50298"}],"wp:attachment":[{"href":"https:\/\/www.europesays.com\/fi\/wp-json\/wp\/v2\/media?parent=50297"}],"wp:term":[{"taxonomy":"category","embeddable":true,"href":"https:\/\/www.europesays.com\/fi\/wp-json\/wp\/v2\/categories?post=50297"},{"taxonomy":"post_tag","embeddable":true,"href":"https:\/\/www.europesays.com\/fi\/wp-json\/wp\/v2\/tags?post=50297"}],"curies":[{"name":"wp","href":"https:\/\/api.w.org\/{rel}","templated":true}]}}