{"id":50299,"date":"2025-10-01T07:16:08","date_gmt":"2025-10-01T07:16:08","guid":{"rendered":"https:\/\/www.europesays.com\/fi\/50299\/"},"modified":"2025-10-01T07:16:08","modified_gmt":"2025-10-01T07:16:08","slug":"elokuva-arvio-nain-behm-onnistuu-debyyttiroolissaan","status":"publish","type":"post","link":"https:\/\/www.europesays.com\/fi\/50299\/","title":{"rendered":"Elokuva-arvio: N\u00e4in Behm onnistuu debyyttiroolissaan"},"content":{"rendered":"<p>            Sami Kuokkanen\n        <\/p>\n<p class=\"subtitle \">Behmin t\u00e4hditt\u00e4m\u00e4 Anna minun rakastaa enemm\u00e4n sijoittuu laulajalle tuttuun musiikkimaailmaan.<\/p>\n<p class=\"font-weight-bold m-font-weight-bold article-content article-content-width !bg-background\">Anna minun rakastaa enemm\u00e4n<\/p>\n<p class=\"font-weight-bold m-font-weight-bold article-content article-content-width !bg-background\">Draama ****<\/p>\n<p class=\"article-content article-content-width !bg-background\"> sukupolviromaaniin ja ihan v\u00e4h\u00e4n sen jatko-osaankin perustuva Anna minun rakastaa on moderni melodraama, jossa mustasukkaisuutta aiheuttava parisuhteen kolmas osapuoli ei ole immeinen, vaan taide.\u00a0<\/p>\n<p class=\"article-content article-content-width !bg-background\">Samalla elokuva kertoo unelmista ja siit\u00e4 miten oudoilla tavoilla ne joskus voivat toteutua. <\/p>\n<p class=\"article-content article-content-width !bg-background\">Rock-unelmaa el\u00e4ttelev\u00e4 Antti rakastuu Suvi-nimiseen tytt\u00f6\u00f6n ja pyyt\u00e4\u00e4 t\u00e4t\u00e4 b\u00e4ndins\u00e4 solistiksi huomattuaan, ett\u00e4 uusi tytt\u00f6yst\u00e4v\u00e4 on my\u00f6s hyv\u00e4 biisinikkari ja laulaja.\u00a0<\/p>\n<p class=\"article-content article-content-width !bg-background\">Pient\u00e4 kr\u00e4n\u00e4\u00e4 on alusta asti kuten taiteilijael\u00e4m\u00e4\u00e4n kuuluu, mutta sitten maailma vie kokonaan Suvin, josta tulee kansainv\u00e4lisesti menestynyt pop-t\u00e4hti. Antti j\u00e4\u00e4 lehdelle soittelemaan \u2013 tai oikeastaan ei edes j\u00e4\u00e4, sill\u00e4 h\u00e4n on niin musertunut, ettei halua en\u00e4\u00e4 edes koskea kitaraansa.<\/p>\n<p>        <a itemprop=\"url\" href=\"https:\/\/www.seiska.fi\/katso\/behm-ja-kaarija-valirikko\/1924084\" rel=\"nofollow noopener\" target=\"_blank\"><\/p>\n<p>\nPetti lupauksensa\n<\/p>\n<p class=\"section-date\">\n        <strong class=\"article-section\" data-section=\"katso\"><br \/>\n            katso<br \/>\n        <\/strong><br \/>\n        9.9. 10:35\n    <\/p>\n<p>Behm ja K\u00e4\u00e4rij\u00e4: V\u00e4lirikko!\n    <\/p>\n<p itemprop=\"description\" class=\"subtitle \">\n    K\u00e4\u00e4rij\u00e4 ja Behm selvitt\u00e4v\u00e4t v\u00e4lins\u00e4 tv-l\u00e4hetyksess\u00e4.\n<\/p>\n<p>        <\/a><\/p>\n<p>                <img decoding=\"async\" src=\"https:\/\/www.europesays.com\/fi\/wp-content\/uploads\/2025\/10\/1938955.webp\" width=\"576\" height=\"274\" alt=\"Behm esiintyy elokuvassa sek\u00e4 tutussa tummassa tukassaan ett\u00e4 vaaleaverikk\u00f6n\u00e4.\" loading=\"lazy\" \/>            <\/p>\n<p>\n            Behm esiintyy elokuvassa sek\u00e4 tutussa tummassa tukassaan ett\u00e4 vaaleaverikk\u00f6n\u00e4.<br \/>\n            Sami Kuokkanen\n        <\/p>\n<p>Musiikkitermein jaettu tarina<\/p>\n<p class=\"article-content article-content-width !bg-background\"> odotettu esikoiselokuva on taitavasti punottu musiikkidraama ja rakkaustarina, joka on jaettu kuuteen musiikkitermein nimettyyn osaan: introon, s\u00e4keist\u00f6\u00f6n (verse), kertos\u00e4keeseen (chorus), v\u00e4liosaan (bridge), lopetukseen (fade out) ja encoreen.\u00a0<\/p>\n<p class=\"article-content article-content-width !bg-background\">Musiikki on t\u00e4rke\u00e4 osa elokuvaa, ja sit\u00e4 k\u00e4ytet\u00e4\u00e4n hyvin, olipa sitten kyse ajankuvaa tehostavista hittibiiseist\u00e4 tai  ja  alkuper\u00e4ismusiikista.\u00a0<\/p>\n<p class=\"article-content article-content-width !bg-background\">My\u00f6s elokuvan sis\u00e4inen rytmitys on onnistunut, suorastaan kekseli\u00e4s.<\/p>\n<p>        <a itemprop=\"url\" href=\"https:\/\/www.seiska.fi\/katso\/harvinainen-haastattelu-julki-rita-behm-avautuu-suhteestaan-miki-liukkoseen\/1547056\" rel=\"nofollow noopener\" target=\"_blank\"><\/p>\n<p class=\"section-date\">\n        <strong class=\"article-section\" data-section=\"katso\"><br \/>\n            katso<br \/>\n        <\/strong><br \/>\n        10.12.2024 06:15\n    <\/p>\n<p>Harvinainen haastattelu julki: Rita Behm avautuu suhteestaan Miki Liukkoseen\n    <\/p>\n<p itemprop=\"description\" class=\"subtitle \">\n    Uutuusdokumentissa ovat mukana my\u00f6s Miki Liukkosen perheenj\u00e4senet.\n<\/p>\n<p>        <\/a><\/p>\n<p class=\"article-content article-content-width !bg-background\">Behm ja kovassa nosteessa oleva  ovat rooleissaan valovoimaisia ja luontevia: p\u00e4\u00e4parin suhteen kehityst\u00e4 seuraa kuin hidastettua junaonnettomuutta, jonka lopputuloksen tiet\u00e4\u00e4 hyvin rullaavasta alusta asti.\u00a0<\/p>\n<p class=\"article-content article-content-width !bg-background\">Silti elokuvan fade out -vaiheessa tarina onnistuu my\u00f6s ly\u00f6m\u00e4\u00e4n katsojansa hyv\u00e4ll\u00e4 tavalla \u00e4llik\u00e4ll\u00e4, ainakin jos ei ole lukenut Itkosen best-selleri\u00e4.\u00a0<\/p>\n<p class=\"article-content article-content-width !bg-background\"> (Suomi 2025). 102 min.<\/p>\n<p class=\"italic m-italic article-content article-content-width !bg-background\">Anna minun rakastaa enemm\u00e4n, ensi-ilta elokuvateattereissa perjantaina 3.10.<\/p>\n<p>        <a itemprop=\"url\" href=\"https:\/\/www.seiska.fi\/katso\/juha-itkonen-teki-radikaalin-muutoksen-kirjaansa-inspiraationa-behm\/1476512\" rel=\"nofollow noopener\" target=\"_blank\"><\/p>\n<p class=\"section-date\">\n        <strong class=\"article-section\" data-section=\"katso\"><br \/>\n            katso<br \/>\n        <\/strong><br \/>\n        13.10.2024 18:15\n    <\/p>\n<p>Juha Itkonen teki radikaalin muutoksen kirjaansa \u2013 inspiraationa Behm\n    <\/p>\n<p itemprop=\"description\" class=\"subtitle \">\n    Juha Itkonen n\u00e4ytt\u00e4\u00e4 vihre\u00e4\u00e4 peukkua Behmin valinnalle l\u00e4pimurtoteoksensa filmatisoinnin p\u00e4\u00e4osaan.\n<\/p>\n<p>        <\/a><\/p>\n","protected":false},"excerpt":{"rendered":"Sami Kuokkanen Behmin t\u00e4hditt\u00e4m\u00e4 Anna minun rakastaa enemm\u00e4n sijoittuu laulajalle tuttuun musiikkimaailmaan. Anna minun rakastaa enemm\u00e4n Draama ****&hellip;\n","protected":false},"author":2,"featured_media":50300,"comment_status":"","ping_status":"","sticky":false,"template":"","format":"standard","meta":{"footnotes":""},"categories":[131],"tags":[11906,1493,12497,623,5627,155,137,33,173,31,30,11904,172,47,11903,7111,2017,11908,32,109],"class_list":{"0":"post-50299","1":"post","2":"type-post","3":"status-publish","4":"format-standard","5":"has-post-thumbnail","7":"category-elokuvat","8":"tag-anna-minun-rakastaa-enemman","9":"tag-behm","10":"tag-debyytti","11":"tag-elokuva","12":"tag-elokuva-arvostelu","13":"tag-elokuvat","14":"tag-entertainment","15":"tag-fi","16":"tag-film","17":"tag-finland","18":"tag-finnish","19":"tag-juha-itkonen","20":"tag-movies","21":"tag-musiikki","22":"tag-musiikkibisnes","23":"tag-musiikkiura","24":"tag-mustasukkaisuus","25":"tag-pyry-kahkonen","26":"tag-suomi","27":"tag-viihde"},"share_on_mastodon":{"url":"","error":""},"_links":{"self":[{"href":"https:\/\/www.europesays.com\/fi\/wp-json\/wp\/v2\/posts\/50299","targetHints":{"allow":["GET"]}}],"collection":[{"href":"https:\/\/www.europesays.com\/fi\/wp-json\/wp\/v2\/posts"}],"about":[{"href":"https:\/\/www.europesays.com\/fi\/wp-json\/wp\/v2\/types\/post"}],"author":[{"embeddable":true,"href":"https:\/\/www.europesays.com\/fi\/wp-json\/wp\/v2\/users\/2"}],"replies":[{"embeddable":true,"href":"https:\/\/www.europesays.com\/fi\/wp-json\/wp\/v2\/comments?post=50299"}],"version-history":[{"count":0,"href":"https:\/\/www.europesays.com\/fi\/wp-json\/wp\/v2\/posts\/50299\/revisions"}],"wp:featuredmedia":[{"embeddable":true,"href":"https:\/\/www.europesays.com\/fi\/wp-json\/wp\/v2\/media\/50300"}],"wp:attachment":[{"href":"https:\/\/www.europesays.com\/fi\/wp-json\/wp\/v2\/media?parent=50299"}],"wp:term":[{"taxonomy":"category","embeddable":true,"href":"https:\/\/www.europesays.com\/fi\/wp-json\/wp\/v2\/categories?post=50299"},{"taxonomy":"post_tag","embeddable":true,"href":"https:\/\/www.europesays.com\/fi\/wp-json\/wp\/v2\/tags?post=50299"}],"curies":[{"name":"wp","href":"https:\/\/api.w.org\/{rel}","templated":true}]}}