{"id":50309,"date":"2025-10-01T07:24:08","date_gmt":"2025-10-01T07:24:08","guid":{"rendered":"https:\/\/www.europesays.com\/fi\/50309\/"},"modified":"2025-10-01T07:24:08","modified_gmt":"2025-10-01T07:24:08","slug":"munchenissa-iso-poliisioperaatio-bild-mies-rajaytti-vanhempiensa-talon-uutisia-lyhyesti","status":"publish","type":"post","link":"https:\/\/www.europesays.com\/fi\/50309\/","title":{"rendered":"M\u00fcncheniss\u00e4 iso poliisioperaatio \u2013 Bild: Mies r\u00e4j\u00e4ytti vanhempiensa talon | Uutisia lyhyesti"},"content":{"rendered":"<p class=\"aw-1gybjub aw-5vja16 cmIuaG zKETg yle__article__paragraph\">Bild-lehden tietojen mukaan yksi ihminen on kuollut.<\/p>\n<p><img decoding=\"async\" alt=\"Palopelastajia keskustelee ringiss\u00e4 autotiell\u00e4. Taustalla omakotitaloja ja paloautoja.\" src=\"https:\/\/www.europesays.com\/fi\/wp-content\/uploads\/2025\/10\/39-153100968dccec47f824.jpeg\" class=\"aw-1l9m598 hKVVvP\"\/><\/p>\n<p>Avaa kuvien katselu<\/p>\n<p>Omakotitalon tulipalo M\u00fcncheniss\u00e4, k\u00e4ynnisti suuren pelastusoperaation. Palo aiheutti liikenneh\u00e4iri\u00f6it\u00e4, mutta ei muodostanut vaaraa alueen asukkaille. Kuva: Roland Freund \/ Lehtikuva<\/p>\n<p class=\"aw-1gybjub aw-1p7kakr cmIuaG fmSRng yle__article__paragraph\">M\u00fcncheniss\u00e4 Saksassa on meneill\u00e4\u00e4n iso poliisioperaatio.<\/p>\n<p class=\"aw-1gybjub aw-1p7kakr cmIuaG fmSRng yle__article__paragraph\">Poliisi on yhdess\u00e4 palokunnan kanssa pohjoisella Lerchenaun alueella, kertoo <a class=\"aw-iao6s4 iHOxEa yle__article__link\" href=\"https:\/\/x.com\/PolizeiMuenchen\/status\/1973253704678777017\" role=\"link\" rel=\"nofollow\">M\u00fcnchenin poliisi viestipalvelu X:ss\u00e4<\/a>. Poliisi kehottaa v\u00e4ltt\u00e4m\u00e4\u00e4n aluetta.<\/p>\n<p class=\"aw-1gybjub aw-1p7kakr cmIuaG fmSRng yle__article__paragraph\">Paikalla on kuultu r\u00e4j\u00e4hdyksi\u00e4 ja laukauksia, <a class=\"aw-iao6s4 iHOxEa yle__article__link\" href=\"https:\/\/www.bild.de\/regional\/muenchen\/muenchen-grosseinsatz-explosionen-im-norden-der-stadt-68dcb0cee12da109b804fb59\" role=\"link\" rel=\"nofollow noopener\" target=\"_blank\">uutisoi muun muassa Bild-lehti<\/a>.<\/p>\n<p class=\"aw-1gybjub aw-1p7kakr cmIuaG fmSRng yle__article__paragraph\">Lehden mukaan paikalta on l\u00f6ydetty miespuolinen vainaja. Bild kertoo, ett\u00e4 mies oli ilmeisesti viritt\u00e4nyt r\u00e4j\u00e4hteit\u00e4 vanhempiensa taloon, sytytt\u00e4nyt sen tuleen ja tehnyt itsemurhan.<\/p>\n<p class=\"aw-1gybjub aw-1p7kakr cmIuaG fmSRng yle__article__paragraph\">Bildin tietojen mukaan ulkopuolisille ei aiheudu vaaraa t\u00e4ll\u00e4 hetkell\u00e4.<\/p>\n","protected":false},"excerpt":{"rendered":"Bild-lehden tietojen mukaan yksi ihminen on kuollut. Avaa kuvien katselu Omakotitalon tulipalo M\u00fcncheniss\u00e4, k\u00e4ynnisti suuren pelastusoperaation. Palo aiheutti&hellip;\n","protected":false},"author":2,"featured_media":50310,"comment_status":"","ping_status":"","sticky":false,"template":"","format":"standard","meta":{"footnotes":""},"categories":[12],"tags":[22,23,26,27,33,31,30,17,24,25,28,29,12498,15,18,21,52,3911,32,19,20,56,16],"class_list":{"0":"post-50309","1":"post","2":"type-post","3":"status-publish","4":"format-standard","5":"has-post-thumbnail","7":"category-suomi","8":"tag-breaking-news","9":"tag-breakingnews","10":"tag-featured-news","11":"tag-featurednews","12":"tag-fi","13":"tag-finland","14":"tag-finnish","15":"tag-headlines","16":"tag-latest-news","17":"tag-latestnews","18":"tag-main-news","19":"tag-mainnews","20":"tag-munchen","21":"tag-news","22":"tag-otsikot","23":"tag-paauutiset","24":"tag-poliisi","25":"tag-saksa","26":"tag-suomi","27":"tag-top-stories","28":"tag-topstories","29":"tag-ulkomaat","30":"tag-uutiset"},"share_on_mastodon":{"url":"","error":""},"_links":{"self":[{"href":"https:\/\/www.europesays.com\/fi\/wp-json\/wp\/v2\/posts\/50309","targetHints":{"allow":["GET"]}}],"collection":[{"href":"https:\/\/www.europesays.com\/fi\/wp-json\/wp\/v2\/posts"}],"about":[{"href":"https:\/\/www.europesays.com\/fi\/wp-json\/wp\/v2\/types\/post"}],"author":[{"embeddable":true,"href":"https:\/\/www.europesays.com\/fi\/wp-json\/wp\/v2\/users\/2"}],"replies":[{"embeddable":true,"href":"https:\/\/www.europesays.com\/fi\/wp-json\/wp\/v2\/comments?post=50309"}],"version-history":[{"count":0,"href":"https:\/\/www.europesays.com\/fi\/wp-json\/wp\/v2\/posts\/50309\/revisions"}],"wp:featuredmedia":[{"embeddable":true,"href":"https:\/\/www.europesays.com\/fi\/wp-json\/wp\/v2\/media\/50310"}],"wp:attachment":[{"href":"https:\/\/www.europesays.com\/fi\/wp-json\/wp\/v2\/media?parent=50309"}],"wp:term":[{"taxonomy":"category","embeddable":true,"href":"https:\/\/www.europesays.com\/fi\/wp-json\/wp\/v2\/categories?post=50309"},{"taxonomy":"post_tag","embeddable":true,"href":"https:\/\/www.europesays.com\/fi\/wp-json\/wp\/v2\/tags?post=50309"}],"curies":[{"name":"wp","href":"https:\/\/api.w.org\/{rel}","templated":true}]}}