{"id":50313,"date":"2025-10-01T07:26:08","date_gmt":"2025-10-01T07:26:08","guid":{"rendered":"https:\/\/www.europesays.com\/fi\/50313\/"},"modified":"2025-10-01T07:26:08","modified_gmt":"2025-10-01T07:26:08","slug":"luonto-ihmisen-peilina-antrei-hartikaisen-ensimmaisen-museonayttelyn-keskiossa","status":"publish","type":"post","link":"https:\/\/www.europesays.com\/fi\/50313\/","title":{"rendered":"Luonto ihmisen peilin\u00e4 Antrei Hartikaisen ensimm\u00e4isen museon\u00e4yttelyn keski\u00f6ss\u00e4"},"content":{"rendered":"<p><strong>IN ENGLISH BELOW<\/strong><\/p>\n<p>\u201dN\u00e4yttely on ylistys luonnon sitkeydelle, hiljaiselle mutta v\u00e4\u00e4j\u00e4\u00e4m\u00e4tt\u00f6m\u00e4lle voimalle, joka tunkee l\u00e4pi pintojen, rakenteiden ja luotujen s\u00e4\u00e4nt\u00f6jen. Ihmisen ja luonnon v\u00e4linen yhteys kulkee hiljaisena, n\u00e4kym\u00e4tt\u00f6m\u00e4n\u00e4 voimana. N\u00e4yttelyteokset tarkastelevat kasvua, muodonmuutosta sek\u00e4 luonnon samanaikaista herkkyytt\u00e4, haurautta ja kest\u00e4vyytt\u00e4. Ne kutsuvat pys\u00e4htym\u00e4\u00e4n, havainnoimaan ja tuntemaan sen, mik\u00e4 muuten saattaisi j\u00e4\u00e4d\u00e4 huomaamatta\u201d, Antrei Hartikainen kuvailee.<\/p>\n<p>Pro Arte -palkinto on Didrichsenin taidemuseon vuodesta 2003 jakama, nuorille, lupaaville taiteilijoille osoitettu tunnustus, joka my\u00f6nnettiin nyt viidennen kerran. Tunnustuksen ovat aikaisemmin saaneet taidegraafikko Sari Bremer (s. 1976), kuvanveist\u00e4j\u00e4 Kim Simonsson (s. 1974) sek\u00e4 kuvataiteilijat Tamara Piilola (s. 1977) ja Karoliina Hellberg (s. 1987).<\/p>\n<p>17.10.2025\u201325.1.2026 Syy \u2013 Antrei Hartikainen<\/p>\n<p><strong>Mediatilaisuus j\u00e4rjestet\u00e4\u00e4n Didrichsenin taidemuseossa perjantaina 17.10.2025 klo 11. Antrei Hartikainen on tilaisuudessa l\u00e4sn\u00e4 ja haastateltavissa. <\/strong><\/p>\n<p><strong>Lis\u00e4tietoja ja ilmoittautumiset:\u00a0<br \/><\/strong>Museonjohtaja <br \/>Anna-Maria Wiljanen<br \/><a href=\"https:\/\/www.sttinfo.fi\/tiedote\/71490498\/mailto:anna-maria.wiljanen@didrichsenmuseum.fi\" rel=\"nofollow noopener\" target=\"_blank\">anna-maria.wiljanen@didrichsenmuseum.fi<\/a><br \/>+358 50 433 2810<\/p>\n<p>&#8212;&#8212;&#8212;<\/p>\n<p><strong>IN ENGLISH <\/strong><\/p>\n<p>Nature as a mirror of humanity at the centre of Antrei Hartikainen&#8217;s first ever museum exhibition\u00a0<br \/>\nThe exhibition Grain by Antrei Hartikainen (b. 1991), winner of the 2025 Pro Arte award, opens at the Didrichsen Art Museum on 17 October 2025. The artworks and everyday objects on display by the master cabinetmaker and designer Hartikainen reflect his versatility and open-mindedness. The Pro Arte jury was particularly impressed by Hartikainen&#8217;s dedication to the study of nature and materials, his attention to the special characteristics of wood and glass, and his uncompromising approach to his unique creative process.<br \/><strong\/><\/p>\n<p>\u201cThe exhibition is a tribute to the resilience of nature, a silent but inevitable force that penetrates surfaces, structures and established rules. The relationship between humans and nature is a silent, invisible force. The works in the exhibition examine growth, transformation and the simultaneous sensitivity, fragility and durability of nature. They invite us to pause, observe and feel what might otherwise go unnoticed,&#8221; Antrei Hartikainen describes.<\/p>\n<p>The Pro Arte award is a recognition given by the Didrichsen Art Museum since 2003 to promising young artists. This is the fifth time it has been granted. Previous recipients of the award are printmaker Sari Bremer (b. 1976), sculptor Kim Simonsson (b. 1974), and visual artists Tamara Piilola (b. 1977) and Karoliina Hellberg (b. 1987).<strong\/><\/p>\n<p>17 October 2025 \u2013 25 January 2026 Grain \u2013 Antrei Hartikainen<\/p>\n<p><strong>A press conference will be held at the Didrichsen Art Museum on Friday, 17 October 2025, at 11 AM. Antrei Hartikainen will join the event and is available for interviews.<\/strong><\/p>\n<p><strong>For more information and registration:<br \/><\/strong>Museum Director<br \/>Anna-Maria Wiljanen<br \/>+358 50 433 2810<br \/><a href=\"https:\/\/www.sttinfo.fi\/tiedote\/71490498\/mailto:anna-maria.wiljanen@didrichsenmuseum.fi\" rel=\"nofollow noopener\" target=\"_blank\">anna-maria.wiljanen@didrichsenmuseum.fi<\/a>\u00a0<\/p>\n","protected":false},"excerpt":{"rendered":"IN ENGLISH BELOW \u201dN\u00e4yttely on ylistys luonnon sitkeydelle, hiljaiselle mutta v\u00e4\u00e4j\u00e4\u00e4m\u00e4tt\u00f6m\u00e4lle voimalle, joka tunkee l\u00e4pi pintojen, rakenteiden ja&hellip;\n","protected":false},"author":2,"featured_media":50314,"comment_status":"","ping_status":"","sticky":false,"template":"","format":"standard","meta":{"footnotes":""},"categories":[117],"tags":[33,31,30,72,476,118,32,119,477],"class_list":{"0":"post-50313","1":"post","2":"type-post","3":"status-publish","4":"format-standard","5":"has-post-thumbnail","7":"category-luonto","8":"tag-fi","9":"tag-finland","10":"tag-finnish","11":"tag-luonto","12":"tag-nature","13":"tag-science","14":"tag-suomi","15":"tag-tiede","16":"tag-wildlife"},"share_on_mastodon":{"url":"","error":""},"_links":{"self":[{"href":"https:\/\/www.europesays.com\/fi\/wp-json\/wp\/v2\/posts\/50313","targetHints":{"allow":["GET"]}}],"collection":[{"href":"https:\/\/www.europesays.com\/fi\/wp-json\/wp\/v2\/posts"}],"about":[{"href":"https:\/\/www.europesays.com\/fi\/wp-json\/wp\/v2\/types\/post"}],"author":[{"embeddable":true,"href":"https:\/\/www.europesays.com\/fi\/wp-json\/wp\/v2\/users\/2"}],"replies":[{"embeddable":true,"href":"https:\/\/www.europesays.com\/fi\/wp-json\/wp\/v2\/comments?post=50313"}],"version-history":[{"count":0,"href":"https:\/\/www.europesays.com\/fi\/wp-json\/wp\/v2\/posts\/50313\/revisions"}],"wp:featuredmedia":[{"embeddable":true,"href":"https:\/\/www.europesays.com\/fi\/wp-json\/wp\/v2\/media\/50314"}],"wp:attachment":[{"href":"https:\/\/www.europesays.com\/fi\/wp-json\/wp\/v2\/media?parent=50313"}],"wp:term":[{"taxonomy":"category","embeddable":true,"href":"https:\/\/www.europesays.com\/fi\/wp-json\/wp\/v2\/categories?post=50313"},{"taxonomy":"post_tag","embeddable":true,"href":"https:\/\/www.europesays.com\/fi\/wp-json\/wp\/v2\/tags?post=50313"}],"curies":[{"name":"wp","href":"https:\/\/api.w.org\/{rel}","templated":true}]}}