{"id":50325,"date":"2025-10-01T07:50:08","date_gmt":"2025-10-01T07:50:08","guid":{"rendered":"https:\/\/www.europesays.com\/fi\/50325\/"},"modified":"2025-10-01T07:50:08","modified_gmt":"2025-10-01T07:50:08","slug":"elakkeensaajan-asumistukea-voi-hakea-laheisen-puolesta-omakelassa","status":"publish","type":"post","link":"https:\/\/www.europesays.com\/fi\/50325\/","title":{"rendered":"El\u00e4kkeensaajan asumistukea voi hakea l\u00e4heisen puolesta OmaKelassa"},"content":{"rendered":"<p class=\"teksti\">El\u00e4kkeensaajan asumistukea voi hakea toisen puolesta Kelan s\u00e4hk\u00f6isess\u00e4 asiointipalvelussa OmaKelassa. Kelan mukaan OmaKelassa asiointi tekee hakemisesta tavallista nopeampaa ja tuo s\u00e4\u00e4st\u00f6j\u00e4.<\/p>\n<p class=\"teksti\">Kela-asioita voi hoitaa l\u00e4heisens\u00e4 puolesta, ellei t\u00e4m\u00e4 itse voi tai halua tehd\u00e4 sit\u00e4 itse. L\u00e4heisen puolesta voi OmaKelassa l\u00e4hett\u00e4\u00e4 viestej\u00e4 ja liitteit\u00e4, seurata etuusasioita ja maksuja sek\u00e4 n\u00e4hd\u00e4 p\u00e4\u00e4t\u00f6kset ja kirjeet. <\/p>\n<p class=\"teksti\">Lis\u00e4ksi on mahdollista hakea l\u00e4heiselle tukia esimerkiksi kuntoutukseen, vammaistukiin, el\u00e4kkeisiin, sairaanhoitoon ja matkakorvauksiin liittyen.<\/p>\n<p class=\"teksti\">\u2013 S\u00e4hk\u00f6inen asiointi l\u00e4heisen puolesta on koettu helpoksi tavaksi hoitaa asioita. Moni auttaa etenkin i\u00e4k\u00e4st\u00e4 l\u00e4heist\u00e4\u00e4n Kela-asioiden hoidossa, joten el\u00e4kkeensaajan asumistuen hakeminen s\u00e4hk\u00f6isesti laajentaa asiointimahdollisuuksia, sanoo OmaKelan kehitt\u00e4misest\u00e4 vastaava Jenni Runola tiedotteessa.<\/p>\n<p class=\"teksti\">OmaKelassa toisen puolesta asiointi edellytt\u00e4\u00e4 Suomi.fi-valtuutta nimelt\u00e4 Sosiaaliturvan etuusasioiden hoitaminen. Valtuuden voi antaa Suomi.fi-verkkopalvelussa tai Digi- ja v\u00e4est\u00f6tietovirastoon teht\u00e4v\u00e4ll\u00e4 hakemuksella, jos valtuuttajalla ei ole verkkopankkitunnuksia.<\/p>\n<p class=\"teksti\">Yksityinen edunvalvoja tai edunvalvontavaltuutettu voi asioida OmaKelassa ilman Suomi.fi-valtuutta, jos edunvalvontavaltakirja kattaa taloudellisten asioiden hoitamisen.<\/p>\n<p class=\"teksti\">Perinteisell\u00e4 valtakirjalla l\u00e4heisen asioita voi hoitaa puhelimessa, palvelupisteess\u00e4 ja postitse.<\/p>\n","protected":false},"excerpt":{"rendered":"El\u00e4kkeensaajan asumistukea voi hakea toisen puolesta Kelan s\u00e4hk\u00f6isess\u00e4 asiointipalvelussa OmaKelassa. Kelan mukaan OmaKelassa asiointi tekee hakemisesta tavallista nopeampaa&hellip;\n","protected":false},"author":2,"featured_media":50326,"comment_status":"","ping_status":"","sticky":false,"template":"","format":"standard","meta":{"footnotes":""},"categories":[12],"tags":[22,23,26,27,33,31,30,17,24,25,28,29,15,18,21,32,19,20,16],"class_list":{"0":"post-50325","1":"post","2":"type-post","3":"status-publish","4":"format-standard","5":"has-post-thumbnail","7":"category-suomi","8":"tag-breaking-news","9":"tag-breakingnews","10":"tag-featured-news","11":"tag-featurednews","12":"tag-fi","13":"tag-finland","14":"tag-finnish","15":"tag-headlines","16":"tag-latest-news","17":"tag-latestnews","18":"tag-main-news","19":"tag-mainnews","20":"tag-news","21":"tag-otsikot","22":"tag-paauutiset","23":"tag-suomi","24":"tag-top-stories","25":"tag-topstories","26":"tag-uutiset"},"share_on_mastodon":{"url":"","error":""},"_links":{"self":[{"href":"https:\/\/www.europesays.com\/fi\/wp-json\/wp\/v2\/posts\/50325","targetHints":{"allow":["GET"]}}],"collection":[{"href":"https:\/\/www.europesays.com\/fi\/wp-json\/wp\/v2\/posts"}],"about":[{"href":"https:\/\/www.europesays.com\/fi\/wp-json\/wp\/v2\/types\/post"}],"author":[{"embeddable":true,"href":"https:\/\/www.europesays.com\/fi\/wp-json\/wp\/v2\/users\/2"}],"replies":[{"embeddable":true,"href":"https:\/\/www.europesays.com\/fi\/wp-json\/wp\/v2\/comments?post=50325"}],"version-history":[{"count":0,"href":"https:\/\/www.europesays.com\/fi\/wp-json\/wp\/v2\/posts\/50325\/revisions"}],"wp:featuredmedia":[{"embeddable":true,"href":"https:\/\/www.europesays.com\/fi\/wp-json\/wp\/v2\/media\/50326"}],"wp:attachment":[{"href":"https:\/\/www.europesays.com\/fi\/wp-json\/wp\/v2\/media?parent=50325"}],"wp:term":[{"taxonomy":"category","embeddable":true,"href":"https:\/\/www.europesays.com\/fi\/wp-json\/wp\/v2\/categories?post=50325"},{"taxonomy":"post_tag","embeddable":true,"href":"https:\/\/www.europesays.com\/fi\/wp-json\/wp\/v2\/tags?post=50325"}],"curies":[{"name":"wp","href":"https:\/\/api.w.org\/{rel}","templated":true}]}}