{"id":50338,"date":"2025-10-01T08:15:09","date_gmt":"2025-10-01T08:15:09","guid":{"rendered":"https:\/\/www.europesays.com\/fi\/50338\/"},"modified":"2025-10-01T08:15:09","modified_gmt":"2025-10-01T08:15:09","slug":"hiski-haukkalan-harkintakyky-petti-entisen-tyokaverin-firmalle-10-000-euroa","status":"publish","type":"post","link":"https:\/\/www.europesays.com\/fi\/50338\/","title":{"rendered":"Hiski Haukkalan harkintakyky petti \u2013 Entisen ty\u00f6kaverin firmalle 10 000 euroa"},"content":{"rendered":"<p><a href=\"https:\/\/www.iltalehti.fi\/kirjoittajat\/Marko-Oskari Lehtonen\" class=\"article-description-pov-author\" rel=\"nofollow noopener\" target=\"_blank\"><\/p>\n<p>Marko-Oskari Lehtonen<\/p>\n<p><img decoding=\"async\" class=\"author-image\" src=\"https:\/\/www.europesays.com\/fi\/wp-content\/uploads\/2025\/10\/db904b5b91fe48ad28a26809271f6f881d68a895dbbd83bc872895928f70af7e.png\" alt=\"\"\/><\/a><\/p>\n<p>Ulkopoliittisen instituutin johtaja Hiski Haukkala maksatti em\u00e4mokansa meill\u00e4 veronmaksajilla, kirjoittaa Iltalehden politiikan toimittaja Marko-Oskari Lehtonen.<\/p>\n<p>T\u00e4n\u00e4\u00e4n klo 9:43 (p\u00e4ivitetty klo 10:06)<\/p>\n<p><img decoding=\"async\" class=\"image image-show image-preview\" src=\"https:\/\/www.europesays.com\/fi\/wp-content\/uploads\/2025\/10\/12369fef14fd8a75a59c14800cc38a072bc8e82248c44134e60c01e25417328b.jpg\" alt=\"\"\/><img decoding=\"async\" class=\"image image-show\" src=\"https:\/\/www.europesays.com\/fi\/wp-content\/uploads\/2025\/10\/1759306509_319_12369fef14fd8a75a59c14800cc38a072bc8e82248c44134e60c01e25417328b.jpg\" alt=\"\"\/><\/p>\n<p>Hiski Haukkala aloitti Ulkopoliittisen instituutin johtajana marraskuussa 2024. Mikko Huisko<\/p>\n<p class=\"paragraph\"><strong>Hiski Haukkalan<\/strong> p\u00e4\u00e4t\u00f6s palkata tasavallan presidentti <strong>Alexander Stubbin<\/strong> poika Upiin tuli suomalaisille veronmaksajille kalliiksi.<\/p>\n<p class=\"paragraph\">Yle uutisoi <a href=\"https:\/\/yle.fi\/a\/74-20185616\" target=\"_blank\" rel=\"noopener nofollow\">keskiviikkona<\/a>, ett\u00e4 eduskunnan alainen instituutti osti <strong>Oliver Stubbin<\/strong> valinnasta nousseen kohun j\u00e4lkeen kriisiviestint\u00e4\u00e4 yli 10 000 eurolla presidentti <strong>Sauli Niinist\u00f6n<\/strong> kabinetissa viestint\u00e4p\u00e4\u00e4llikk\u00f6n\u00e4 toimineen <strong>Katri Makkosen<\/strong> uudelta yritykselt\u00e4.<\/p>\n<p class=\"paragraph\">Makkonen ja Upin johtaja <strong>Hiski Haukkala<\/strong> ovat entisi\u00e4 ty\u00f6kavereita. Haukkala toimi tasavallan presidentin kansliap\u00e4\u00e4llikk\u00f6n\u00e4 vuonna 2018, kun Makkonen oli virassaan.<\/p>\n<p class=\"paragraph\">Haukkalan harkintakyky vaikuttaa j\u00e4lleen pett\u00e4neen. H\u00e4n tiesi ensimm\u00e4ist\u00e4 vuottaan brittiyliopistossa opiskelevan Oliver Stubbin valintaan liittyv\u00e4t riskit. Ylip\u00e4\u00e4t\u00e4\u00e4n presidentin pojan pestaaminen her\u00e4tt\u00e4isi huomiota, ja Haukkala oli viel\u00e4 itsekin ty\u00f6skennellyt presidentin kansliassa. <a href=\"https:\/\/www.iltalehti.fi\/politiikka\/5e2d77eb-3233-4d28-b42e-2b64c303c81f\" rel=\"nofollow noopener\" target=\"_blank\">Valinta<\/a> tehtiin t\u00e4st\u00e4 huolimatta. Haukkala on vakuuttanut julkisuudessa, ett\u00e4 Stubb valittiin harjoittelijaksi omilla avuillaan, mutta toisenlaisiakin arvioita on ollut.<\/p>\n<p class=\"paragraph\">Kun Iltalehti kysyi Haukkalalta kohun keskell\u00e4 kes\u00e4kuussa, oliko Oliver Stubb ottanut Upiin yhteytt\u00e4 ennen teht\u00e4v\u00e4\u00e4n hakemistaan, Haukkala vastasi \u201dei\u201d. T\u00e4m\u00e4 ei ollut totta. Sen j\u00e4lkeen, kun Makkosen yritys oli auttanut Haukkalan johtamaa instituuttia kriisiviestinn\u00e4ss\u00e4, Haukkala l\u00e4hetti minulle sek\u00e4 Iltalehti-kollegalleni oma-aloitteisesti <a href=\"https:\/\/www.iltalehti.fi\/politiikka\/58d1e42d-8708-4b80-81ae-14c4dd67229f\" rel=\"nofollow noopener\" target=\"_blank\">s\u00e4hk\u00f6postin<\/a>, jossa h\u00e4n kertoi tehneens\u00e4 \u201dinhimillisen virheen\u201d.<\/p>\n<p class=\"paragraph\">\u2013 Olen t\u00e4st\u00e4 inhimillisest\u00e4 virheest\u00e4 hyvin pahoillani, Haukkala kirjoitti viestiss\u00e4\u00e4n.<\/p>\n<p class=\"paragraph\">Haukkala oli unohtanut \u2013 tai mahdollisesti \u201dunohtanut\u201d \u2013 kertoa asiasta ihan erikseen kysyneelle Iltalehdelle, ett\u00e4 Oliver Stubb oli h\u00e4neen yhteydess\u00e4 ennen kuin laittoi hakemuksensa sis\u00e4\u00e4n. Kaksi p\u00e4iv\u00e4\u00e4 Oliver Stubbin yhteydenoton j\u00e4lkeen Haukkala p\u00e4\u00e4tti muuttaa instituutin k\u00e4yt\u00e4nt\u00f6j\u00e4 niin, ett\u00e4 harjoittelijaksi voitiin palkata my\u00f6s brittil\u00e4isess\u00e4 yliopistossa opiskeleva.<\/p>\n<p class=\"paragraph\">Haukkala lienee Suomen ainoa ihminen, joka uskoo t\u00e4m\u00e4n olleen vain sattumaa.<\/p>\n<p class=\"paragraph\">Muille t\u00e4m\u00e4 n\u00e4ytt\u00e4\u00e4 silt\u00e4, ett\u00e4 Haukkala mokasi \u2013 ja pani virheens\u00e4 suomalaisten veronmaksajien piikkiin ostamalla 10 000 euron arvoisen pelastusrenkaan entiselt\u00e4 ty\u00f6kaveriltaan. Upissa on t\u00f6iss\u00e4 useita omiakin viestinn\u00e4n ja yhteiskuntasuhteiden ammattilaisia.<\/p>\n<p class=\"paragraph\">Mist\u00e4 l\u00e4htien virkamies on voinut paikata omia virheit\u00e4\u00e4n veronmaksajien rahoilla?<\/p>\n","protected":false},"excerpt":{"rendered":"Marko-Oskari Lehtonen Ulkopoliittisen instituutin johtaja Hiski Haukkala maksatti em\u00e4mokansa meill\u00e4 veronmaksajilla, kirjoittaa Iltalehden politiikan toimittaja Marko-Oskari Lehtonen. T\u00e4n\u00e4\u00e4n&hellip;\n","protected":false},"author":2,"featured_media":50339,"comment_status":"","ping_status":"","sticky":false,"template":"","format":"standard","meta":{"footnotes":""},"categories":[14],"tags":[35,22,23,26,27,33,31,30,863,17,24,25,28,29,15,18,21,142,637,886,887,32,19,20,56,16,59,60,61],"class_list":{"0":"post-50338","1":"post","2":"type-post","3":"status-publish","4":"format-standard","5":"has-post-thumbnail","7":"category-ulkomaat","8":"tag-24h","9":"tag-breaking-news","10":"tag-breakingnews","11":"tag-featured-news","12":"tag-featurednews","13":"tag-fi","14":"tag-finland","15":"tag-finnish","16":"tag-hallitus","17":"tag-headlines","18":"tag-latest-news","19":"tag-latestnews","20":"tag-main-news","21":"tag-mainnews","22":"tag-news","23":"tag-otsikot","24":"tag-paauutiset","25":"tag-poliitikot","26":"tag-politiikka","27":"tag-puolueet","28":"tag-suomen-politiikka","29":"tag-suomi","30":"tag-top-stories","31":"tag-topstories","32":"tag-ulkomaat","33":"tag-uutiset","34":"tag-world","35":"tag-world-news","36":"tag-worldnews"},"share_on_mastodon":{"url":"","error":""},"_links":{"self":[{"href":"https:\/\/www.europesays.com\/fi\/wp-json\/wp\/v2\/posts\/50338","targetHints":{"allow":["GET"]}}],"collection":[{"href":"https:\/\/www.europesays.com\/fi\/wp-json\/wp\/v2\/posts"}],"about":[{"href":"https:\/\/www.europesays.com\/fi\/wp-json\/wp\/v2\/types\/post"}],"author":[{"embeddable":true,"href":"https:\/\/www.europesays.com\/fi\/wp-json\/wp\/v2\/users\/2"}],"replies":[{"embeddable":true,"href":"https:\/\/www.europesays.com\/fi\/wp-json\/wp\/v2\/comments?post=50338"}],"version-history":[{"count":0,"href":"https:\/\/www.europesays.com\/fi\/wp-json\/wp\/v2\/posts\/50338\/revisions"}],"wp:featuredmedia":[{"embeddable":true,"href":"https:\/\/www.europesays.com\/fi\/wp-json\/wp\/v2\/media\/50339"}],"wp:attachment":[{"href":"https:\/\/www.europesays.com\/fi\/wp-json\/wp\/v2\/media?parent=50338"}],"wp:term":[{"taxonomy":"category","embeddable":true,"href":"https:\/\/www.europesays.com\/fi\/wp-json\/wp\/v2\/categories?post=50338"},{"taxonomy":"post_tag","embeddable":true,"href":"https:\/\/www.europesays.com\/fi\/wp-json\/wp\/v2\/tags?post=50338"}],"curies":[{"name":"wp","href":"https:\/\/api.w.org\/{rel}","templated":true}]}}