{"id":50340,"date":"2025-10-01T08:16:07","date_gmt":"2025-10-01T08:16:07","guid":{"rendered":"https:\/\/www.europesays.com\/fi\/50340\/"},"modified":"2025-10-01T08:16:07","modified_gmt":"2025-10-01T08:16:07","slug":"helsingin-yliopisto-yrittaa-ostaa-vanhaa-ylioppilastaloa-saation-avulla","status":"publish","type":"post","link":"https:\/\/www.europesays.com\/fi\/50340\/","title":{"rendered":"Helsingin yliopisto yritt\u00e4\u00e4 ostaa Vanhaa ylioppilastaloa s\u00e4\u00e4ti\u00f6n avulla"},"content":{"rendered":"<p class=\"pf0 ai-optimize-8 ai-optimize-introduction\">Helsingin yliopisto ker\u00e4\u00e4 kokoon konsortiota, jonka tavoitteena on ostaa Vanha ylioppilastalo Helsingin yliopiston ylioppilaskunnalta. Konsortiossa on mukana sek\u00e4 julkisen puolen ett\u00e4 yksityisen puolen toimijoita. Tavoitteena on turvata Vanhan ylioppilastalon toiminta s\u00e4\u00e4ti\u00f6itt\u00e4m\u00e4ll\u00e4 kiinteist\u00f6omaisuus.<\/p>\n<p class=\"pf0 ai-optimize-10\">T\u00e4ll\u00e4 hetkell\u00e4 hanketta tukevat julkiselta puolelta Helsingin yliopiston lis\u00e4ksi Suomen valtio sek\u00e4 Helsingin kaupunki. Yksityiselt\u00e4 puolelta hanketta tukevat muun muassa Koneen S\u00e4\u00e4ti\u00f6, Niilo Helanderin s\u00e4\u00e4ti\u00f6 sek\u00e4 Ylioppilaskunnan musiikkikorporaatiot.<\/p>\n<p class=\"pf0 ai-optimize-11\">Tarkoituksena on edet\u00e4 s\u00e4\u00e4ti\u00f6n perustamiseksi ja tarjouksen tekemiseksi Helsingin yliopiston ylioppilaskunnalle nopealla aikataululla.<\/p>\n<p class=\"pf0 ai-optimize-12\">Helsingin Sanomat <a href=\"https:\/\/www.hs.fi\/helsinki\/art-2000011527774.html\" target=\"_blank\" rel=\"noopener nofollow\">kertoi<\/a> eilen, ett\u00e4 Helsingin yliopiston ylioppilaskunnan (HYY) kiinteist\u00f6j\u00e4 hallinnoivan Ylvan toimitusjohtaja <strong>Mika Perki\u00f6<\/strong> oli varoitellut opiskelijoita jopa koko kiinteist\u00f6\u00adomaisuuden menett\u00e4misest\u00e4. <\/p>\n<p class=\"pf0 ai-optimize-13\">HYY ajautui talousvaikeuksiin ep\u00e4onnisten kiinteist\u00f6bisnesten seurauksena. Ylioppilaskunta k\u00e4ytti rahaa muun muassa Hakaniemeen rakennettuun Lyyra-kortteliin, josta se nyttemmin on jo luopunut. Rahaa paloi my\u00f6s keskustan hotellihankkeeseen. Ylvalla oli HS:n mukaan vuodenvaihteessa 275 miljoonaa euroa korollisia velkoja.<\/p>\n<p class=\"pf0 ai-optimize-14\">Helsingin yliopiston tiedotteessa todetaan, ett\u00e4 Vanhalla ylioppilastalolla on mittava kulttuurihistoriallinen arvo. Uusi suomalainen s\u00e4\u00e4ti\u00f6 -hankkeessa mukana olevat tahot haluavat turvata taloon sis\u00e4ltyv\u00e4n arvokkaan kulttuuriperinn\u00f6n, talon nykytoiminnan sek\u00e4 laajemmin ylioppilaskulttuurin edist\u00e4misen. <\/p>\n<p class=\"pf0 ai-optimize-14\">Helsingin yliopisto vastaa s\u00e4\u00e4ti\u00f6n perustamisesta sek\u00e4 muista hallinnollisista asioista.<\/p>\n","protected":false},"excerpt":{"rendered":"Helsingin yliopisto ker\u00e4\u00e4 kokoon konsortiota, jonka tavoitteena on ostaa Vanha ylioppilastalo Helsingin yliopiston ylioppilaskunnalta. Konsortiossa on mukana sek\u00e4&hellip;\n","protected":false},"author":2,"featured_media":1136,"comment_status":"","ping_status":"","sticky":false,"template":"","format":"standard","meta":{"footnotes":""},"categories":[12],"tags":[22,23,26,27,33,31,30,17,24,25,28,29,15,18,21,32,19,20,16,2105],"class_list":{"0":"post-50340","1":"post","2":"type-post","3":"status-publish","4":"format-standard","5":"has-post-thumbnail","7":"category-suomi","8":"tag-breaking-news","9":"tag-breakingnews","10":"tag-featured-news","11":"tag-featurednews","12":"tag-fi","13":"tag-finland","14":"tag-finnish","15":"tag-headlines","16":"tag-latest-news","17":"tag-latestnews","18":"tag-main-news","19":"tag-mainnews","20":"tag-news","21":"tag-otsikot","22":"tag-paauutiset","23":"tag-suomi","24":"tag-top-stories","25":"tag-topstories","26":"tag-uutiset","27":"tag-yliopistot"},"share_on_mastodon":{"url":"","error":""},"_links":{"self":[{"href":"https:\/\/www.europesays.com\/fi\/wp-json\/wp\/v2\/posts\/50340","targetHints":{"allow":["GET"]}}],"collection":[{"href":"https:\/\/www.europesays.com\/fi\/wp-json\/wp\/v2\/posts"}],"about":[{"href":"https:\/\/www.europesays.com\/fi\/wp-json\/wp\/v2\/types\/post"}],"author":[{"embeddable":true,"href":"https:\/\/www.europesays.com\/fi\/wp-json\/wp\/v2\/users\/2"}],"replies":[{"embeddable":true,"href":"https:\/\/www.europesays.com\/fi\/wp-json\/wp\/v2\/comments?post=50340"}],"version-history":[{"count":0,"href":"https:\/\/www.europesays.com\/fi\/wp-json\/wp\/v2\/posts\/50340\/revisions"}],"wp:featuredmedia":[{"embeddable":true,"href":"https:\/\/www.europesays.com\/fi\/wp-json\/wp\/v2\/media\/1136"}],"wp:attachment":[{"href":"https:\/\/www.europesays.com\/fi\/wp-json\/wp\/v2\/media?parent=50340"}],"wp:term":[{"taxonomy":"category","embeddable":true,"href":"https:\/\/www.europesays.com\/fi\/wp-json\/wp\/v2\/categories?post=50340"},{"taxonomy":"post_tag","embeddable":true,"href":"https:\/\/www.europesays.com\/fi\/wp-json\/wp\/v2\/tags?post=50340"}],"curies":[{"name":"wp","href":"https:\/\/api.w.org\/{rel}","templated":true}]}}