{"id":50341,"date":"2025-10-01T08:17:08","date_gmt":"2025-10-01T08:17:08","guid":{"rendered":"https:\/\/www.europesays.com\/fi\/50341\/"},"modified":"2025-10-01T08:17:08","modified_gmt":"2025-10-01T08:17:08","slug":"ihminen-kuollut-vakavassa-onnettomuudessa","status":"publish","type":"post","link":"https:\/\/www.europesays.com\/fi\/50341\/","title":{"rendered":"Ihminen kuollut vakavassa onnettomuudessa"},"content":{"rendered":"<p>Ikaalisissa on tapahtunut vakava raideliikenneonnettomuus.<\/p>\n<p><img decoding=\"async\" class=\"image image-show image-preview\" src=\"https:\/\/www.europesays.com\/fi\/wp-content\/uploads\/2025\/10\/56aff0bdf7455c962c9e9347c53b357f437e019dc0b68613ff32f5a4fefb9f8b.jpg\" alt=\"\"\/><img decoding=\"async\" class=\"image image-show\" src=\"https:\/\/www.europesays.com\/fi\/wp-content\/uploads\/2025\/10\/1759306628_582_56aff0bdf7455c962c9e9347c53b357f437e019dc0b68613ff32f5a4fefb9f8b.jpg\" alt=\"\"\/><\/p>\n<p>Junat kulkevat kovaa vauhtia Tampereen ja Sein\u00e4joen v\u00e4lisell\u00e4 l\u00e4hes suoralla rataosuudella. Kuvituskuva. <\/p>\n<p class=\"paragraph\">Ihminen j\u00e4i junan alle ja kuoli. H\u00e4t\u00e4keskus sai tiedon onnettomuudesta tiistaina kello 15.50.<\/p>\n<p class=\"paragraph\">Poliisi tutkii tapahtunutta kuolemansyyntutkintana eik\u00e4 tiedota asiasta enemp\u00e4\u00e4.<\/p>\n<p class=\"paragraph\">Turmapaikka sijaitsee Tampereen ja Sein\u00e4joen v\u00e4lisell\u00e4 rataosuudella Raittilantien l\u00e4heisyydess\u00e4. Paikka on aika l\u00e4hell\u00e4 Seitsemisen kansallispuistoa.<\/p>\n<p class=\"paragraph\">\u00c4l\u00e4 j\u00e4\u00e4 yksin! Mielenterveysongelmiin ja itsetuhoisiin ajatuksiin on saatavilla kattavasti apua. Tietoa tukipalveluista puhelimitse, verkossa ja kasvokkain l\u00f6yd\u00e4t <a href=\"https:\/\/www.iltalehti.fi\/terveysuutiset\/201806102200998639\" rel=\"nofollow noopener\" target=\"_blank\">t\u00e4\u00e4lt\u00e4<\/a>.<\/p>\n","protected":false},"excerpt":{"rendered":"Ikaalisissa on tapahtunut vakava raideliikenneonnettomuus. Junat kulkevat kovaa vauhtia Tampereen ja Sein\u00e4joen v\u00e4lisell\u00e4 l\u00e4hes suoralla rataosuudella. Kuvituskuva. Ihminen&hellip;\n","protected":false},"author":2,"featured_media":50342,"comment_status":"","ping_status":"","sticky":false,"template":"","format":"standard","meta":{"footnotes":""},"categories":[5],"tags":[35,22,23,26,27,33,31,30,17,24,25,121,990,734,28,29,953,15,837,18,21,32,19,20,16],"class_list":{"0":"post-50341","1":"post","2":"type-post","3":"status-publish","4":"format-standard","5":"has-post-thumbnail","7":"category-otsikot","8":"tag-24h","9":"tag-breaking-news","10":"tag-breakingnews","11":"tag-featured-news","12":"tag-featurednews","13":"tag-fi","14":"tag-finland","15":"tag-finnish","16":"tag-headlines","17":"tag-latest-news","18":"tag-latestnews","19":"tag-liikenne-ja-kuljetus","20":"tag-liikenneonnettomuudet","21":"tag-maaliikenne","22":"tag-main-news","23":"tag-mainnews","24":"tag-matkustajaliikenne","25":"tag-news","26":"tag-onnettomuudet","27":"tag-otsikot","28":"tag-paauutiset","29":"tag-suomi","30":"tag-top-stories","31":"tag-topstories","32":"tag-uutiset"},"share_on_mastodon":{"url":"","error":""},"_links":{"self":[{"href":"https:\/\/www.europesays.com\/fi\/wp-json\/wp\/v2\/posts\/50341","targetHints":{"allow":["GET"]}}],"collection":[{"href":"https:\/\/www.europesays.com\/fi\/wp-json\/wp\/v2\/posts"}],"about":[{"href":"https:\/\/www.europesays.com\/fi\/wp-json\/wp\/v2\/types\/post"}],"author":[{"embeddable":true,"href":"https:\/\/www.europesays.com\/fi\/wp-json\/wp\/v2\/users\/2"}],"replies":[{"embeddable":true,"href":"https:\/\/www.europesays.com\/fi\/wp-json\/wp\/v2\/comments?post=50341"}],"version-history":[{"count":0,"href":"https:\/\/www.europesays.com\/fi\/wp-json\/wp\/v2\/posts\/50341\/revisions"}],"wp:featuredmedia":[{"embeddable":true,"href":"https:\/\/www.europesays.com\/fi\/wp-json\/wp\/v2\/media\/50342"}],"wp:attachment":[{"href":"https:\/\/www.europesays.com\/fi\/wp-json\/wp\/v2\/media?parent=50341"}],"wp:term":[{"taxonomy":"category","embeddable":true,"href":"https:\/\/www.europesays.com\/fi\/wp-json\/wp\/v2\/categories?post=50341"},{"taxonomy":"post_tag","embeddable":true,"href":"https:\/\/www.europesays.com\/fi\/wp-json\/wp\/v2\/tags?post=50341"}],"curies":[{"name":"wp","href":"https:\/\/api.w.org\/{rel}","templated":true}]}}