{"id":50343,"date":"2025-10-01T08:18:08","date_gmt":"2025-10-01T08:18:08","guid":{"rendered":"https:\/\/www.europesays.com\/fi\/50343\/"},"modified":"2025-10-01T08:18:08","modified_gmt":"2025-10-01T08:18:08","slug":"inkoon-fagervikiin-valmistuu-kosteikko-hyotya-itamerelle-ja-alueen-linnustolle","status":"publish","type":"post","link":"https:\/\/www.europesays.com\/fi\/50343\/","title":{"rendered":"Inkoon Fagervikiin valmistuu kosteikko &#8211; hy\u00f6ty\u00e4 It\u00e4merelle ja alueen linnustolle"},"content":{"rendered":"<p><strong>WWF rakentaa kosteikon Inkoon Fagervikiin yhteisty\u00f6ss\u00e4 alueen maanomistajan kanssa. Kosteikon tavoitteena on v\u00e4hent\u00e4\u00e4 It\u00e4mereen p\u00e4\u00e4tyv\u00e4\u00e4 ravinnekuormitusta ja lis\u00e4t\u00e4 luonnon monimuotoisuutta alueella.<\/strong><\/p>\n<p>Kosteikot ovat monihy\u00f6tyisyydess\u00e4\u00e4n vertaansa vailla. Ne v\u00e4hent\u00e4v\u00e4t It\u00e4mereen p\u00e4\u00e4tyv\u00e4\u00e4 ravinne- ja kiintoainekuormaa ja luovat elinymp\u00e4rist\u00f6n lukuisille lajeille.<\/p>\n<p>Kosteikoista hy\u00f6tyv\u00e4t my\u00f6s maanviljelij\u00e4t alueilla, joilla tulvat uhkaavat satoja toistuvasti. Rankkasateiden ja lumien sulamisen aikaan vesi ker\u00e4\u00e4ntyy kosteikkoon, mik\u00e4 v\u00e4hent\u00e4\u00e4 pelloille j\u00e4\u00e4v\u00e4n veden m\u00e4\u00e4r\u00e4\u00e4. Ilmastonmuutoksen edetess\u00e4 kosteikkojen merkitys korostuu, sill\u00e4 rankkasateiden kaltaisten s\u00e4\u00e4n \u00e4\u00e4ri-ilmi\u00f6iden odotetaan lis\u00e4\u00e4ntyv\u00e4n.<\/p>\n<p>Inkoossa L\u00e5ngdalsskogin tilan maille rakennetaan kosteikko kostealle alavalle peltoalueelle. Kosteikko saa vetens\u00e4 noin sadan hehtaarin laajuiselta mets\u00e4valtaiselta valuma-alueelta. Kosteikolla viipymisen j\u00e4lkeen vesi laskee It\u00e4mereen Fagervikenin merenlahteen<\/p>\n<p>\u201cL\u00e5ngdalsskogin tilan omistaja otti meihin yhteytt\u00e4, sill\u00e4 h\u00e4n halusi edist\u00e4\u00e4 vesiensuojelua perustamalla kosteikon omille mailleen. Ty\u00f6mme ei olisi mahdollista ilman ymp\u00e4rist\u00f6n puolesta toimivia maanomistajia. Kosteikko rakennetaan osana WWF:n RANKKU2-hanketta, jonka kaikki vesiensuojelukohteet toteutetaan aktiivisessa yhteisty\u00f6ss\u00e4 maanomistajien kanssa\u201d, kertoo WWF:n meriasiantuntija<strong> Iiris Kokkonen<\/strong>.<\/p>\n<p aria-level=\"3\"><strong>V\u00e4hemm\u00e4n ravinteita It\u00e4mereen <\/strong><\/p>\n<p>Hankkeessa ty\u00f6skennell\u00e4\u00e4n Hangon ja Kirkkonummen v\u00e4lisell\u00e4 rannikkoalueella. Rannikkoalueen ekologinen tila on luokitukseltaan v\u00e4ltt\u00e4v\u00e4 eli luokitteluasteikolla toiseksi huonoin. Alueella on tehty jo hyv\u00e4\u00e4 ty\u00f6t\u00e4 ravinnekuormituksen v\u00e4hent\u00e4miseksi, mutta ennen RANKKU-hankkeita kunnostustoimet on keskitetty p\u00e4\u00e4asiassa jokien valuma-alueille.<\/p>\n<p>\u201cNyt toimimme niin kutsutuilla v\u00e4livaluma-alueilla, joilla peltoviljely, mets\u00e4talous ja ojitukset aiheuttavat oman osansa It\u00e4mereen p\u00e4\u00e4tyv\u00e4st\u00e4 kokonaiskuormasta. My\u00f6s n\u00e4ilt\u00e4 alueilta vedet \u2013 ja niiden mukana ravinteet \u2013 laskevat suoraan It\u00e4mereen\u201d, Kokkonen kertoo.<\/p>\n<p aria-level=\"3\"><strong>Apua taantuneille lintukannoille <\/strong><\/p>\n<p>Fagervikin kosteikon tarkoitus on my\u00f6s parantaa vesi- ja kahlaajalintujen elinolosuhteita. Kosteikon suunnittelussa on pyritty huomioimaan erityisesti uhanalaiset lintulajit, jotka ovat elinymp\u00e4rist\u00f6ns\u00e4 suhteen vaativia, kuten mustakurkku-uikku ja nokikana.<\/p>\n<p>Kosteikkolintuja uhkaa etenkin pesimiseen ja ruoan hankintaan soveltuvien ymp\u00e4rist\u00f6jen v\u00e4heneminen.<\/p>\n<p>\u201cTarve elinymp\u00e4rist\u00f6jen rakentamiselle on suuri, sill\u00e4 Luonnonvarakeskuksen raportin mukaan Suomen vesilintukannat ovat taantuneet merkitt\u00e4v\u00e4sti viimeisen 40 vuoden aikana. Erityisesti ovat k\u00e4rsineet reheviss\u00e4, kosteikkomaisissa olosuhteissa viihtyv\u00e4t lajit\u201d, Kokkonen kertoo.<\/p>\n<p>Kosteikko tuo my\u00f6s monipuolisuutta maisemaan Fagervikin ja Snappertunan arvokkaalla kulttuurimaisema-alueella. Muun muassa laajoista yhten\u00e4isist\u00e4 viljelyalueista ja silokallioisista m\u00e4ntymetsist\u00e4 koostuva alue on yksi Suomen 27 kansallismaisemasta.<\/p>\n<p>RANKKU 2-hankkeesta 70 % rahoitetaan Vesiensuojelun tehostamisohjelmasta. Hankkeessa tehd\u00e4\u00e4n yhteisty\u00f6t\u00e4 maa- ja mets\u00e4alueiden omistajien lis\u00e4ksi esimerkiksi, kuntien, erilaisten yhdistysten, j\u00e4rjest\u00f6jen ja ymp\u00e4rist\u00f6viranomaisten kanssa. Hankkeen toimet on suunniteltu WWF:n ja yhteisty\u00f6tahojen aiemmissa hankkeissa tehtyjen keskeisten havaintojen pohjalta. Kiviaineksen Fagervikin kosteikon toteutukseen lahjoitti Rudus Oy.<\/p>\n","protected":false},"excerpt":{"rendered":"WWF rakentaa kosteikon Inkoon Fagervikiin yhteisty\u00f6ss\u00e4 alueen maanomistajan kanssa. Kosteikon tavoitteena on v\u00e4hent\u00e4\u00e4 It\u00e4mereen p\u00e4\u00e4tyv\u00e4\u00e4 ravinnekuormitusta ja lis\u00e4t\u00e4&hellip;\n","protected":false},"author":2,"featured_media":50344,"comment_status":"","ping_status":"","sticky":false,"template":"","format":"standard","meta":{"footnotes":""},"categories":[117],"tags":[33,31,30,72,476,118,32,119,477],"class_list":{"0":"post-50343","1":"post","2":"type-post","3":"status-publish","4":"format-standard","5":"has-post-thumbnail","7":"category-luonto","8":"tag-fi","9":"tag-finland","10":"tag-finnish","11":"tag-luonto","12":"tag-nature","13":"tag-science","14":"tag-suomi","15":"tag-tiede","16":"tag-wildlife"},"share_on_mastodon":{"url":"","error":""},"_links":{"self":[{"href":"https:\/\/www.europesays.com\/fi\/wp-json\/wp\/v2\/posts\/50343","targetHints":{"allow":["GET"]}}],"collection":[{"href":"https:\/\/www.europesays.com\/fi\/wp-json\/wp\/v2\/posts"}],"about":[{"href":"https:\/\/www.europesays.com\/fi\/wp-json\/wp\/v2\/types\/post"}],"author":[{"embeddable":true,"href":"https:\/\/www.europesays.com\/fi\/wp-json\/wp\/v2\/users\/2"}],"replies":[{"embeddable":true,"href":"https:\/\/www.europesays.com\/fi\/wp-json\/wp\/v2\/comments?post=50343"}],"version-history":[{"count":0,"href":"https:\/\/www.europesays.com\/fi\/wp-json\/wp\/v2\/posts\/50343\/revisions"}],"wp:featuredmedia":[{"embeddable":true,"href":"https:\/\/www.europesays.com\/fi\/wp-json\/wp\/v2\/media\/50344"}],"wp:attachment":[{"href":"https:\/\/www.europesays.com\/fi\/wp-json\/wp\/v2\/media?parent=50343"}],"wp:term":[{"taxonomy":"category","embeddable":true,"href":"https:\/\/www.europesays.com\/fi\/wp-json\/wp\/v2\/categories?post=50343"},{"taxonomy":"post_tag","embeddable":true,"href":"https:\/\/www.europesays.com\/fi\/wp-json\/wp\/v2\/tags?post=50343"}],"curies":[{"name":"wp","href":"https:\/\/api.w.org\/{rel}","templated":true}]}}